{"id":8977,"date":"2018-12-12T16:21:29","date_gmt":"2018-12-12T15:21:29","guid":{"rendered":"https:\/\/blog.fintonic.com\/?p=8977"},"modified":"2018-12-12T16:21:29","modified_gmt":"2018-12-12T15:21:29","slug":"luces-de-navidad-y-factura-de-la-luz-compatibles","status":"publish","type":"post","link":"https:\/\/www.fintonic.com\/blog\/luces-de-navidad-y-factura-de-la-luz-compatibles\/","title":{"rendered":"Luces de Navidad y factura de la luz&#8230; \u00bfcompatibles?"},"content":{"rendered":"<p><span style=\"font-weight: 400;\">En Navidad nos encanta decorarlo todo con luces, \u00bfpero c\u00f3mo afectan a la factura de la luz? Lo cierto, es que las <\/span><b>luces de Navidad y la factura de la luz <\/b><span style=\"font-weight: 400;\">pueden ser totalmente compatibles, debido a que en el mercado es posible encontrar<\/span><b> luces navide\u00f1as de<\/b> <b>bajo consumo y LED<\/b><span style=\"font-weight: 400;\">. \u00bfPero cu\u00e1nto gastan? Te lo desvelamos:\u00a0<\/span><\/p>\n<p><!--more--><\/p>\n<h2><\/h2>\n<h2><span style=\"font-weight: 400;\">C\u00f3mo afectan las luces de Navidad a la factura de la luz<\/span><\/h2>\n<p><span style=\"font-weight: 400;\">Si quieres <\/span><b>organizar gastos<\/b><span style=\"font-weight: 400;\">, antes de comprar las luces de Navidad debes tener claro cu\u00e1les te interesan para pagar menos en la factura de la luz. Porque aunque tu <a href=\"https:\/\/go.onelink.me\/4dGw\/9c41141b\\\">app de Fintonic<\/a><\/span><b>\u00a0<\/b><span style=\"font-weight: 400;\">te ayude, tambi\u00e9n hay otras maneras de gastar menos.<\/span><\/p>\n<p><img fetchpriority=\"high\" decoding=\"async\" class=\"aligncenter wp-image-8980 size-full\" title=\"luces de navidad ahorro\" src=\"https:\/\/www.fintonic.com\/wp-content\/uploads\/2018\/12\/Webp.net-resizeimage-4.jpg\" alt=\"\" width=\"1200\" height=\"694\" \/><\/p>\n<p><span style=\"font-weight: 400;\">Hoy en d\u00eda nos encontramos con distintos modelos en cuanto a luces de Navidad, \u00bfpero cu\u00e1les gastan menos? Las <\/span><a href=\"https:\/\/www.xataka.com\/especiales\/como-elegir-una-bombilla-led-para-ahorrar-en-la-factura-de-la-luz\"><b>luces LED gastan menos electricidad<\/b><\/a><span style=\"font-weight: 400;\"><a href=\"https:\/\/www.xataka.com\/especiales\/como-elegir-una-bombilla-led-para-ahorrar-en-la-factura-de-la-luz\">.<\/a> Por lo general pueden ser un poco m\u00e1s caras, pero si las vas a utilizar durante todo el per\u00edodo de Navidad, merecen la pena.<\/span><\/p>\n<p><span style=\"font-weight: 400;\">Las luces de Navidad LED son m\u00e1s<\/span><b> eficientes <\/b><span style=\"font-weight: 400;\">y ofrecen un consumo de electricidad inferior respecto a las incandescentes, nada m\u00e1s y nada menos que un 90% de ahorro. <\/span><\/p>\n<p><span style=\"font-weight: 400;\">Asimismo, \u00a0presentan otras ventajas importantes, debido a que son menos contaminantes &#8211;<\/span><b>reducen las emisiones de CO2 en un 80%<\/b><span style=\"font-weight: 400;\">&#8211; \u00a0y son m\u00e1s<\/span><b> duraderas<\/b><span style=\"font-weight: 400;\">, por lo que vas a poder utilizarlas varias Navidades. Concretamente, \u00e9stas pueden tener una vida \u00fatil de hasta 50.000 horas, respecto a las 1.000 de las incandescentes.<\/span><\/p>\n<p><span style=\"font-weight: 400;\">Las luces navide\u00f1as de tipo LED tambi\u00e9n son m\u00e1s resistentes, soportan temperaturas m\u00e1s extremas, humedad y se pueden usar en interior o exterior. Adem\u00e1s, tambi\u00e9n son <\/span><b>m\u00e1s seguras<\/b><span style=\"font-weight: 400;\">, debido a que no queman, se mantienen fr\u00edas al tacto.<\/span><\/p>\n<p><span style=\"font-weight: 400;\">Por todo esto \u00a0es por lo que, a la hora de comprar<\/span><b> luces de Navidad<\/b><span style=\"font-weight: 400;\">, deber\u00edas comprar <\/span><b>luces LED <\/b><span style=\"font-weight: 400;\">si no quieres que afecten a tu factura de la luz.<\/span><\/p>\n<p><img decoding=\"async\" class=\"aligncenter wp-image-8982 size-full\" src=\"https:\/\/www.fintonic.com\/wp-content\/uploads\/2018\/12\/Webp.net-resizeimage-5.jpg\" alt=\"\" width=\"1200\" height=\"798\" \/><\/p>\n<h2><span style=\"font-weight: 400;\">\u00bfCu\u00e1nto consumen las luces de Navidad?<\/span><\/h2>\n<p><span style=\"font-weight: 400;\">No todas las luces de Navidad consumen lo mismo. Para saber cu\u00e1nto consumen las tuyas, tienes que hacer lo siguiente paso a paso:<\/span><\/p>\n<ol>\n<li style=\"list-style-type: none;\">\n<ol>\n<li style=\"font-weight: 400;\"><span style=\"font-weight: 400;\">Mira el <\/span><b>consumo<\/b><span style=\"font-weight: 400;\"> que tienen tus luces de Navidad. Este n\u00famero deber\u00eda aparecer en la etiqueta y expresado en<\/span><b> vatios (W)<\/b><span style=\"font-weight: 400;\">.<\/span><\/li>\n<\/ol>\n<\/li>\n<\/ol>\n<ol>\n<li style=\"list-style-type: none;\">\n<ol>\n<li style=\"font-weight: 400;\"><span style=\"font-weight: 400;\">Mira en tu factura el coste medio de electricidad. Deber\u00eda aparecer expresado en kWh o Wh. De esta manera podr\u00e1s conocer el consumo de un aparato de 1 vatio de potencia durante 1 hora.<\/span><\/li>\n<\/ol>\n<\/li>\n<\/ol>\n<ol>\n<li style=\"font-weight: 400;\"><span style=\"font-weight: 400;\">Aplica la f\u00f3rmula de <\/span><b>[Consumo de luces (W) x horas encendidas (h)]\/1000 * coste energ\u00eda (\u20ac\/kwh)<\/b><span style=\"font-weight: 400;\">.<\/span><\/li>\n<\/ol>\n<p><span style=\"font-weight: 400;\">Tras aplicar la anterior f\u00f3rmula podr\u00e1s conocer el<\/span><b> consumo de tus luces de Navidad<\/b><span style=\"font-weight: 400;\">. Los datos de la f\u00f3rmula los encontrar\u00e1s f\u00e1cilmente, porque los W aparecer\u00e1n en la queta de las luces, las horas encendidas tambi\u00e9n las conoces y el coste de energ\u00eda viene reflejado en la factura.<\/span><\/p>\n<p><span style=\"font-weight: 400;\">As\u00ed que si echas cuentas, ver\u00e1s que si son LED lo m\u00e1s probable es que te cueste<\/span><b> unos c\u00e9ntimos<\/b><span style=\"font-weight: 400;\">. Un coste muy asumible si quieres disfrutar de unas fiestas luminosas.<\/span><\/p>\n<h2><span style=\"font-weight: 400;\">\u00bfC\u00f3mo ahorrar con las luces de Navidad?<\/span><\/h2>\n<p><span style=\"font-weight: 400;\">Lo mejor es comprando unas <\/span><b>luces de bajo consumo o LED<\/b><span style=\"font-weight: 400;\">. Podr\u00e1s ponerlas mucho m\u00e1s tiempo y te costar\u00e1n mucho menos dinero. Son la tendencia actual y ofrecen buenos resultados, por lo que deber\u00e1s tenerlo en cuenta. Por tanto, \u00bfqu\u00e9 conclusi\u00f3n sacamos? F\u00e1cil, <strong>las luces de Navidad y la factura de la luz son totalmente compatibles.\u00a0<\/strong><\/span><\/p>\n<p><span style=\"font-weight: 400;\"> Es m\u00e1s, e<\/span><span style=\"font-weight: 400;\">stas Navidades no tendr\u00e1s de qu\u00e9 preocuparte, porque podr\u00e1s poner las luces navide\u00f1as todo lo que quieras que apenas ver\u00e1s incrementada tu factura de la luz. Claro que, si quieres gastar lo m\u00ednimo posible, lo mejor es que te descargues <a href=\"https:\/\/go.onelink.me\/4dGw\/9c41141b\\\">Fintonic<\/a>, para poder controlar tus gastos y <strong>ahorrar en tu factura de la luz.\u00a0\u00a0<\/strong>Porque ahora desde Fintonic tambi\u00e9n <\/span>te buscamos el mejor precio para tu factura energ\u00e9tica,\u00a0en menos de 2 minutos y sin cambiar de compa\u00f1\u00eda.<\/p>\n<p><a href=\"https:\/\/go.onelink.me\/4dGw\/9c41141b\\\t\"><img decoding=\"async\" class=\"aligncenter wp-image-8785 size-full\" src=\"https:\/\/www.fintonic.com\/wp-content\/uploads\/2018\/10\/Descargate-la-app-.png\" alt=\"\" width=\"1278\" height=\"500\" \/><\/a><\/p>\n<p class=\"p1\"><span class=\"s1\">\u00bfTienes cualquier consejo, curiosidad o pregunta que no hayamos comentado? \u00a1A qu\u00e9 esperas! Puedes ayudar a muchos usuarios que lean tu comentario en nuestro blog <\/span><span class=\"s2\">\ud83d\ude09<\/span><\/p>\n","protected":false},"excerpt":{"rendered":"<p>En Navidad nos encanta decorarlo todo con luces, \u00bfpero c\u00f3mo afectan a la factura de la luz? Lo cierto, es que las luces de Navidad y la factura de la luz pueden ser totalmente compatibles, debido a que en el mercado es posible encontrar luces navide\u00f1as de bajo consumo y LED. \u00bfPero cu\u00e1nto gastan? Te [&hellip;]<\/p>\n","protected":false},"author":3,"featured_media":8979,"comment_status":"closed","ping_status":"open","sticky":false,"template":"","format":"standard","meta":{"footnotes":""},"categories":[54,104,47,239,118],"tags":[835,776,836,837],"class_list":["post-8977","post","type-post","status-publish","format-standard","has-post-thumbnail","hentry","category-ahorro","category-ahorro-energetico","category-consejos-de-ahorro","category-energia","category-ocio","tag-consumo-electrico","tag-factura-de-la-luz","tag-luces-de-navidad","tag-luces-led"],"yoast_head":"<!-- This site is optimized with the Yoast SEO Premium plugin v27.2 (Yoast SEO v27.5) - https:\/\/yoast.com\/product\/yoast-seo-premium-wordpress\/ -->\n<title>Luces de Navidad y factura de la luz... \u00bfcompatibles? - Fintonic News<\/title>\n<meta name=\"description\" content=\"En Navidad nos encanta decorarlo todo con luces, \u00bfpero c\u00f3mo afectan a la factura de la luz? Hoy te contamos lo compatible que son en Fintonic.\" \/>\n<meta name=\"robots\" content=\"index, follow, max-snippet:-1, max-image-preview:large, max-video-preview:-1\" \/>\n<link rel=\"canonical\" href=\"https:\/\/www.fintonic.com\/blog\/luces-de-navidad-y-factura-de-la-luz-compatibles\/\" \/>\n<meta property=\"og:locale\" content=\"es_ES\" \/>\n<meta property=\"og:type\" content=\"article\" \/>\n<meta property=\"og:title\" content=\"Luces de Navidad y factura de la luz... \u00bfcompatibles?\" \/>\n<meta property=\"og:description\" content=\"En Navidad nos encanta decorarlo todo con luces, \u00bfpero c\u00f3mo afectan a la factura de la luz? Hoy te contamos lo compatible que son en Fintonic.\" \/>\n<meta property=\"og:url\" content=\"https:\/\/www.fintonic.com\/blog\/luces-de-navidad-y-factura-de-la-luz-compatibles\/\" \/>\n<meta property=\"og:site_name\" content=\"Fintonic News\" \/>\n<meta property=\"article:publisher\" content=\"https:\/\/www.facebook.com\/Fintonic\/\" \/>\n<meta property=\"article:published_time\" content=\"2018-12-12T15:21:29+00:00\" \/>\n<meta property=\"og:image\" content=\"https:\/\/www.fintonic.com\/blog\/wp-content\/uploads\/2024\/03\/cropped-Fintonic_Logo-1-1.png\" \/>\n\t<meta property=\"og:image:width\" content=\"512\" \/>\n\t<meta property=\"og:image:height\" content=\"512\" \/>\n\t<meta property=\"og:image:type\" content=\"image\/png\" \/>\n<meta name=\"author\" content=\"Jorge Jimenez\" \/>\n<meta name=\"twitter:card\" content=\"summary_large_image\" \/>\n<meta name=\"twitter:creator\" content=\"@JorgeJimenez1\" \/>\n<meta name=\"twitter:site\" content=\"@FINTONIC\" \/>\n<meta name=\"twitter:label1\" content=\"Escrito por\" \/>\n\t<meta name=\"twitter:data1\" content=\"Jorge Jimenez\" \/>\n\t<meta name=\"twitter:label2\" content=\"Tiempo de lectura\" \/>\n\t<meta name=\"twitter:data2\" content=\"4 minutos\" \/>\n<script type=\"application\/ld+json\" class=\"yoast-schema-graph\">{\"@context\":\"https:\\\/\\\/schema.org\",\"@graph\":[{\"@type\":\"Article\",\"@id\":\"https:\\\/\\\/www.fintonic.com\\\/blog\\\/luces-de-navidad-y-factura-de-la-luz-compatibles\\\/#article\",\"isPartOf\":{\"@id\":\"https:\\\/\\\/www.fintonic.com\\\/blog\\\/luces-de-navidad-y-factura-de-la-luz-compatibles\\\/\"},\"author\":{\"name\":\"Jorge Jimenez\",\"@id\":\"https:\\\/\\\/www.fintonic.com\\\/blog\\\/#\\\/schema\\\/person\\\/ddf97a6c293f2dbeed890d3f3d817499\"},\"headline\":\"Luces de Navidad y factura de la luz&#8230; \u00bfcompatibles?\",\"datePublished\":\"2018-12-12T15:21:29+00:00\",\"mainEntityOfPage\":{\"@id\":\"https:\\\/\\\/www.fintonic.com\\\/blog\\\/luces-de-navidad-y-factura-de-la-luz-compatibles\\\/\"},\"wordCount\":712,\"publisher\":{\"@id\":\"https:\\\/\\\/www.fintonic.com\\\/blog\\\/#organization\"},\"image\":{\"@id\":\"https:\\\/\\\/www.fintonic.com\\\/blog\\\/luces-de-navidad-y-factura-de-la-luz-compatibles\\\/#primaryimage\"},\"thumbnailUrl\":\"\",\"keywords\":[\"consumo el\u00e9ctrico\",\"factura de la luz\",\"luces de navidad\",\"luces led\"],\"articleSection\":[\"Ahorro\",\"Ahorro energ\u00e9tico\",\"Consejos de Ahorro\",\"Energ\u00eda\",\"Ocio\"],\"inLanguage\":\"es\"},{\"@type\":\"WebPage\",\"@id\":\"https:\\\/\\\/www.fintonic.com\\\/blog\\\/luces-de-navidad-y-factura-de-la-luz-compatibles\\\/\",\"url\":\"https:\\\/\\\/www.fintonic.com\\\/blog\\\/luces-de-navidad-y-factura-de-la-luz-compatibles\\\/\",\"name\":\"Luces de Navidad y factura de la luz... \u00bfcompatibles? - Fintonic News\",\"isPartOf\":{\"@id\":\"https:\\\/\\\/www.fintonic.com\\\/blog\\\/#website\"},\"primaryImageOfPage\":{\"@id\":\"https:\\\/\\\/www.fintonic.com\\\/blog\\\/luces-de-navidad-y-factura-de-la-luz-compatibles\\\/#primaryimage\"},\"image\":{\"@id\":\"https:\\\/\\\/www.fintonic.com\\\/blog\\\/luces-de-navidad-y-factura-de-la-luz-compatibles\\\/#primaryimage\"},\"thumbnailUrl\":\"\",\"datePublished\":\"2018-12-12T15:21:29+00:00\",\"description\":\"En Navidad nos encanta decorarlo todo con luces, \u00bfpero c\u00f3mo afectan a la factura de la luz? Hoy te contamos lo compatible que son en Fintonic.\",\"breadcrumb\":{\"@id\":\"https:\\\/\\\/www.fintonic.com\\\/blog\\\/luces-de-navidad-y-factura-de-la-luz-compatibles\\\/#breadcrumb\"},\"inLanguage\":\"es\",\"potentialAction\":[{\"@type\":\"ReadAction\",\"target\":[\"https:\\\/\\\/www.fintonic.com\\\/blog\\\/luces-de-navidad-y-factura-de-la-luz-compatibles\\\/\"]}]},{\"@type\":\"ImageObject\",\"inLanguage\":\"es\",\"@id\":\"https:\\\/\\\/www.fintonic.com\\\/blog\\\/luces-de-navidad-y-factura-de-la-luz-compatibles\\\/#primaryimage\",\"url\":\"\",\"contentUrl\":\"\"},{\"@type\":\"BreadcrumbList\",\"@id\":\"https:\\\/\\\/www.fintonic.com\\\/blog\\\/luces-de-navidad-y-factura-de-la-luz-compatibles\\\/#breadcrumb\",\"itemListElement\":[{\"@type\":\"ListItem\",\"position\":1,\"name\":\"Portada\",\"item\":\"https:\\\/\\\/www.fintonic.com\\\/blog\\\/\"},{\"@type\":\"ListItem\",\"position\":2,\"name\":\"Luces de Navidad y factura de la luz&#8230; \u00bfcompatibles?\"}]},{\"@type\":\"WebSite\",\"@id\":\"https:\\\/\\\/www.fintonic.com\\\/blog\\\/#website\",\"url\":\"https:\\\/\\\/www.fintonic.com\\\/blog\\\/\",\"name\":\"Fintonic News\",\"description\":\"\",\"publisher\":{\"@id\":\"https:\\\/\\\/www.fintonic.com\\\/blog\\\/#organization\"},\"potentialAction\":[{\"@type\":\"SearchAction\",\"target\":{\"@type\":\"EntryPoint\",\"urlTemplate\":\"https:\\\/\\\/www.fintonic.com\\\/blog\\\/?s={search_term_string}\"},\"query-input\":{\"@type\":\"PropertyValueSpecification\",\"valueRequired\":true,\"valueName\":\"search_term_string\"}}],\"inLanguage\":\"es\"},{\"@type\":\"Organization\",\"@id\":\"https:\\\/\\\/www.fintonic.com\\\/blog\\\/#organization\",\"name\":\"Fintonic News\",\"url\":\"https:\\\/\\\/www.fintonic.com\\\/blog\\\/\",\"logo\":{\"@type\":\"ImageObject\",\"inLanguage\":\"es\",\"@id\":\"https:\\\/\\\/www.fintonic.com\\\/blog\\\/#\\\/schema\\\/logo\\\/image\\\/\",\"url\":\"https:\\\/\\\/www.fintonic.com\\\/blog\\\/wp-content\\\/uploads\\\/2024\\\/03\\\/cropped-Fintonic_Logo-1-1.png\",\"contentUrl\":\"https:\\\/\\\/www.fintonic.com\\\/blog\\\/wp-content\\\/uploads\\\/2024\\\/03\\\/cropped-Fintonic_Logo-1-1.png\",\"width\":512,\"height\":512,\"caption\":\"Fintonic News\"},\"image\":{\"@id\":\"https:\\\/\\\/www.fintonic.com\\\/blog\\\/#\\\/schema\\\/logo\\\/image\\\/\"},\"sameAs\":[\"https:\\\/\\\/www.facebook.com\\\/Fintonic\\\/\",\"https:\\\/\\\/x.com\\\/FINTONIC\",\"https:\\\/\\\/www.instagram.com\\\/fintonic_app\\\/\",\"https:\\\/\\\/www.tiktok.com\\\/@fintonic?lang=es\",\"https:\\\/\\\/www.linkedin.com\\\/company\\\/fintonic\\\/mycompany\\\/\",\"https:\\\/\\\/www.youtube.com\\\/@fintonictv\"]},{\"@type\":\"Person\",\"@id\":\"https:\\\/\\\/www.fintonic.com\\\/blog\\\/#\\\/schema\\\/person\\\/ddf97a6c293f2dbeed890d3f3d817499\",\"name\":\"Jorge Jimenez\",\"description\":\"Tomar buenas decisiones econ\u00f3micas es saber disfrutar la vida\",\"sameAs\":[\"https:\\\/\\\/x.com\\\/JorgeJimenez1\"],\"jobTitle\":\"Head of Growth\",\"url\":\"https:\\\/\\\/www.fintonic.com\\\/blog\\\/author\\\/jorge-jimenez\\\/\"}]}<\/script>\n<!-- \/ Yoast SEO Premium plugin. -->","yoast_head_json":{"title":"Luces de Navidad y factura de la luz... \u00bfcompatibles? - Fintonic News","description":"En Navidad nos encanta decorarlo todo con luces, \u00bfpero c\u00f3mo afectan a la factura de la luz? Hoy te contamos lo compatible que son en Fintonic.","robots":{"index":"index","follow":"follow","max-snippet":"max-snippet:-1","max-image-preview":"max-image-preview:large","max-video-preview":"max-video-preview:-1"},"canonical":"https:\/\/www.fintonic.com\/blog\/luces-de-navidad-y-factura-de-la-luz-compatibles\/","og_locale":"es_ES","og_type":"article","og_title":"Luces de Navidad y factura de la luz... \u00bfcompatibles?","og_description":"En Navidad nos encanta decorarlo todo con luces, \u00bfpero c\u00f3mo afectan a la factura de la luz? Hoy te contamos lo compatible que son en Fintonic.","og_url":"https:\/\/www.fintonic.com\/blog\/luces-de-navidad-y-factura-de-la-luz-compatibles\/","og_site_name":"Fintonic News","article_publisher":"https:\/\/www.facebook.com\/Fintonic\/","article_published_time":"2018-12-12T15:21:29+00:00","og_image":[{"width":512,"height":512,"url":"https:\/\/www.fintonic.com\/blog\/wp-content\/uploads\/2024\/03\/cropped-Fintonic_Logo-1-1.png","type":"image\/png"}],"author":"Jorge Jimenez","twitter_card":"summary_large_image","twitter_creator":"@JorgeJimenez1","twitter_site":"@FINTONIC","twitter_misc":{"Escrito por":"Jorge Jimenez","Tiempo de lectura":"4 minutos"},"schema":{"@context":"https:\/\/schema.org","@graph":[{"@type":"Article","@id":"https:\/\/www.fintonic.com\/blog\/luces-de-navidad-y-factura-de-la-luz-compatibles\/#article","isPartOf":{"@id":"https:\/\/www.fintonic.com\/blog\/luces-de-navidad-y-factura-de-la-luz-compatibles\/"},"author":{"name":"Jorge Jimenez","@id":"https:\/\/www.fintonic.com\/blog\/#\/schema\/person\/ddf97a6c293f2dbeed890d3f3d817499"},"headline":"Luces de Navidad y factura de la luz&#8230; \u00bfcompatibles?","datePublished":"2018-12-12T15:21:29+00:00","mainEntityOfPage":{"@id":"https:\/\/www.fintonic.com\/blog\/luces-de-navidad-y-factura-de-la-luz-compatibles\/"},"wordCount":712,"publisher":{"@id":"https:\/\/www.fintonic.com\/blog\/#organization"},"image":{"@id":"https:\/\/www.fintonic.com\/blog\/luces-de-navidad-y-factura-de-la-luz-compatibles\/#primaryimage"},"thumbnailUrl":"","keywords":["consumo el\u00e9ctrico","factura de la luz","luces de navidad","luces led"],"articleSection":["Ahorro","Ahorro energ\u00e9tico","Consejos de Ahorro","Energ\u00eda","Ocio"],"inLanguage":"es"},{"@type":"WebPage","@id":"https:\/\/www.fintonic.com\/blog\/luces-de-navidad-y-factura-de-la-luz-compatibles\/","url":"https:\/\/www.fintonic.com\/blog\/luces-de-navidad-y-factura-de-la-luz-compatibles\/","name":"Luces de Navidad y factura de la luz... \u00bfcompatibles? - Fintonic News","isPartOf":{"@id":"https:\/\/www.fintonic.com\/blog\/#website"},"primaryImageOfPage":{"@id":"https:\/\/www.fintonic.com\/blog\/luces-de-navidad-y-factura-de-la-luz-compatibles\/#primaryimage"},"image":{"@id":"https:\/\/www.fintonic.com\/blog\/luces-de-navidad-y-factura-de-la-luz-compatibles\/#primaryimage"},"thumbnailUrl":"","datePublished":"2018-12-12T15:21:29+00:00","description":"En Navidad nos encanta decorarlo todo con luces, \u00bfpero c\u00f3mo afectan a la factura de la luz? Hoy te contamos lo compatible que son en Fintonic.","breadcrumb":{"@id":"https:\/\/www.fintonic.com\/blog\/luces-de-navidad-y-factura-de-la-luz-compatibles\/#breadcrumb"},"inLanguage":"es","potentialAction":[{"@type":"ReadAction","target":["https:\/\/www.fintonic.com\/blog\/luces-de-navidad-y-factura-de-la-luz-compatibles\/"]}]},{"@type":"ImageObject","inLanguage":"es","@id":"https:\/\/www.fintonic.com\/blog\/luces-de-navidad-y-factura-de-la-luz-compatibles\/#primaryimage","url":"","contentUrl":""},{"@type":"BreadcrumbList","@id":"https:\/\/www.fintonic.com\/blog\/luces-de-navidad-y-factura-de-la-luz-compatibles\/#breadcrumb","itemListElement":[{"@type":"ListItem","position":1,"name":"Portada","item":"https:\/\/www.fintonic.com\/blog\/"},{"@type":"ListItem","position":2,"name":"Luces de Navidad y factura de la luz&#8230; \u00bfcompatibles?"}]},{"@type":"WebSite","@id":"https:\/\/www.fintonic.com\/blog\/#website","url":"https:\/\/www.fintonic.com\/blog\/","name":"Fintonic News","description":"","publisher":{"@id":"https:\/\/www.fintonic.com\/blog\/#organization"},"potentialAction":[{"@type":"SearchAction","target":{"@type":"EntryPoint","urlTemplate":"https:\/\/www.fintonic.com\/blog\/?s={search_term_string}"},"query-input":{"@type":"PropertyValueSpecification","valueRequired":true,"valueName":"search_term_string"}}],"inLanguage":"es"},{"@type":"Organization","@id":"https:\/\/www.fintonic.com\/blog\/#organization","name":"Fintonic News","url":"https:\/\/www.fintonic.com\/blog\/","logo":{"@type":"ImageObject","inLanguage":"es","@id":"https:\/\/www.fintonic.com\/blog\/#\/schema\/logo\/image\/","url":"https:\/\/www.fintonic.com\/blog\/wp-content\/uploads\/2024\/03\/cropped-Fintonic_Logo-1-1.png","contentUrl":"https:\/\/www.fintonic.com\/blog\/wp-content\/uploads\/2024\/03\/cropped-Fintonic_Logo-1-1.png","width":512,"height":512,"caption":"Fintonic News"},"image":{"@id":"https:\/\/www.fintonic.com\/blog\/#\/schema\/logo\/image\/"},"sameAs":["https:\/\/www.facebook.com\/Fintonic\/","https:\/\/x.com\/FINTONIC","https:\/\/www.instagram.com\/fintonic_app\/","https:\/\/www.tiktok.com\/@fintonic?lang=es","https:\/\/www.linkedin.com\/company\/fintonic\/mycompany\/","https:\/\/www.youtube.com\/@fintonictv"]},{"@type":"Person","@id":"https:\/\/www.fintonic.com\/blog\/#\/schema\/person\/ddf97a6c293f2dbeed890d3f3d817499","name":"Jorge Jimenez","description":"Tomar buenas decisiones econ\u00f3micas es saber disfrutar la vida","sameAs":["https:\/\/x.com\/JorgeJimenez1"],"jobTitle":"Head of Growth","url":"https:\/\/www.fintonic.com\/blog\/author\/jorge-jimenez\/"}]}},"_links":{"self":[{"href":"https:\/\/www.fintonic.com\/blog\/wp-json\/wp\/v2\/posts\/8977","targetHints":{"allow":["GET"]}}],"collection":[{"href":"https:\/\/www.fintonic.com\/blog\/wp-json\/wp\/v2\/posts"}],"about":[{"href":"https:\/\/www.fintonic.com\/blog\/wp-json\/wp\/v2\/types\/post"}],"author":[{"embeddable":true,"href":"https:\/\/www.fintonic.com\/blog\/wp-json\/wp\/v2\/users\/3"}],"replies":[{"embeddable":true,"href":"https:\/\/www.fintonic.com\/blog\/wp-json\/wp\/v2\/comments?post=8977"}],"version-history":[{"count":0,"href":"https:\/\/www.fintonic.com\/blog\/wp-json\/wp\/v2\/posts\/8977\/revisions"}],"wp:featuredmedia":[{"embeddable":true,"href":"https:\/\/www.fintonic.com\/blog\/wp-json\/"}],"wp:attachment":[{"href":"https:\/\/www.fintonic.com\/blog\/wp-json\/wp\/v2\/media?parent=8977"}],"wp:term":[{"taxonomy":"category","embeddable":true,"href":"https:\/\/www.fintonic.com\/blog\/wp-json\/wp\/v2\/categories?post=8977"},{"taxonomy":"post_tag","embeddable":true,"href":"https:\/\/www.fintonic.com\/blog\/wp-json\/wp\/v2\/tags?post=8977"}],"curies":[{"name":"wp","href":"https:\/\/api.w.org\/{rel}","templated":true}]}}