{"id":87114,"date":"2024-12-10T10:00:03","date_gmt":"2024-12-10T09:00:03","guid":{"rendered":"https:\/\/www.fintonic.com\/blog\/?p=87114"},"modified":"2026-03-17T12:40:10","modified_gmt":"2026-03-17T11:40:10","slug":"dia-de-los-derechos-humanos","status":"publish","type":"post","link":"https:\/\/www.fintonic.com\/blog\/dia-de-los-derechos-humanos\/","title":{"rendered":"D\u00eda de los Derechos Humanos"},"content":{"rendered":"\t\t<div data-elementor-type=\"wp-post\" data-elementor-id=\"87114\" class=\"elementor elementor-87114\" data-elementor-post-type=\"post\">\n\t\t\t\t<div class=\"elementor-element elementor-element-38fdefda e-flex e-con-boxed e-con e-parent\" data-id=\"38fdefda\" data-element_type=\"container\" data-e-type=\"container\">\n\t\t\t\t\t<div class=\"e-con-inner\">\n\t\t\t\t<div class=\"elementor-element elementor-element-6b98ed2b elementor-widget elementor-widget-text-editor\" data-id=\"6b98ed2b\" data-element_type=\"widget\" data-e-type=\"widget\" data-widget_type=\"text-editor.default\">\n\t\t\t\t<div class=\"elementor-widget-container\">\n\t\t\t\t\t\t\t\t\t<p><\/p>\n<h1>D\u00eda de los Derechos Humanos<\/h1>\n<p>El <b>D\u00eda de los Derechos Humanos<\/b>, celebrado cada a\u00f1o el <b>10 de diciembre<\/b>, es una fecha clave para reflexionar sobre los valores que nos unen como <b>humanidad<\/b> y para recordar la importancia de defender los derechos fundamentales de todas las personas, sin importar su <b>origen<\/b>, <b>religi\u00f3n<\/b>, <b>g\u00e9nero <\/b>o <b>estatus econ\u00f3mico<\/b>. Esta conmemoraci\u00f3n, que tiene sus ra\u00edces en la aprobaci\u00f3n de la Declaraci\u00f3n Universal de los Derechos Humanos en 1948, sigue siendo m\u00e1s relevante que nunca.<\/p>\n<p>En este blog, exploraremos la historia y los principios de esta celebraci\u00f3n, as\u00ed como su impacto social y econ\u00f3mico en el mundo actual.<\/p>\n<p><\/p>\n<h2>El origen del D\u00eda de los Derechos Humanos<\/h2>\n<p>El 10 de diciembre de 1948, la Asamblea General de las Naciones Unidas adopt\u00f3 la <b>Declaraci\u00f3n Universal de los Derechos Humanos<\/b>, un documento hist\u00f3rico que establece los derechos inalienables que corresponden a todas las personas por el simple hecho de ser humanas. Este texto marc\u00f3 un hito en la historia, sentando las bases para un mundo m\u00e1s justo y equitativo tras los horrores vividos durante la Segunda Guerra Mundial.<\/p>\n<p>Entre sus principios fundamentales se encuentran:<\/p>\n<ul>\n<li>La igualdad y no discriminaci\u00f3n.<\/li>\n<li>El derecho a la vida, la libertad y la seguridad.<\/li>\n<li>El acceso a la educaci\u00f3n, la salud y el trabajo en condiciones dignas.<\/li>\n<\/ul>\n<p>Este d\u00eda se instaur\u00f3 para recordar la importancia de estos derechos y para destacar los esfuerzos globales destinados a protegerlos.<\/p>\n<p><img fetchpriority=\"high\" decoding=\"async\" src=\"https:\/\/www.fintonic.com\/blog\/wp-content\/uploads\/2024\/12\/10-dic-.png\" alt=\"D\u00eda de los Derechos Humanos\" width=\"727\" height=\"481\" class=\"alignnone size-full wp-image-87115\" srcset=\"https:\/\/www.fintonic.com\/blog\/wp-content\/uploads\/2024\/12\/10-dic-.png 727w, https:\/\/www.fintonic.com\/blog\/wp-content\/uploads\/2024\/12\/10-dic--300x198.png 300w, https:\/\/www.fintonic.com\/blog\/wp-content\/uploads\/2024\/12\/10-dic--585x387.png 585w, https:\/\/www.fintonic.com\/blog\/wp-content\/uploads\/2024\/12\/10-dic--263x175.png 263w\" sizes=\"(max-width: 727px) 100vw, 727px\" \/><\/p>\n<p><\/p>\n<h2>La importancia de los derechos humanos en la sociedad moderna<\/h2>\n<p>A pesar de los avances logrados desde 1948, millones de personas en el mundo siguen enfrentando violaciones de sus derechos b\u00e1sicos. El D\u00eda de los Derechos Humanos es una oportunidad para recordar que la lucha por la igualdad, la justicia y la dignidad contin\u00faa.<\/p>\n<p><b>Aspectos clave en la actualidad:<\/b><\/p>\n<ul>\n<li><b>La igualdad de g\u00e9nero<\/b>: Aunque se han logrado grandes progresos, las mujeres y ni\u00f1as siguen enfrentando desigualdades significativas en muchas partes del mundo.<\/li>\n<li><b>Los derechos de los migrantes y refugiados<\/b>: Millones de personas que huyen de conflictos o buscan mejores oportunidades se enfrentan a barreras legales y sociales que violan su dignidad.<\/li>\n<li><b>La libertad de expresi\u00f3n:<\/b> En muchos pa\u00edses, las personas siguen siendo perseguidas por expresar sus opiniones.<\/li>\n<\/ul>\n<p><span style=\"text-align: var(--text-align);\">Estos desaf\u00edos nos recuerdan que los derechos humanos no son algo que pueda darse por sentado. Requieren un compromiso constante de gobiernos, instituciones y ciudadanos.<\/span><\/p>\n<div>\n<p><span style=\"color: rgb(75, 93, 114); font-family: RedHatDisplay-Regular, &quot;Red hat Display&quot;; font-size: 25px; font-weight: var(--pchead-wei); letter-spacing: 0px; text-align: var(--text-align);\">El impacto econ\u00f3mico de los derechos humanos<\/span><\/p>\n<p>Aunque a menudo se habla de los derechos humanos desde una perspectiva \u00e9tica, tambi\u00e9n tienen un impacto directo en la econom\u00eda. Cuando se respetan los derechos fundamentales, las sociedades tienden a ser m\u00e1s estables, equitativas y pr\u00f3speras. Algunos ejemplos de c\u00f3mo los derechos humanos influyen en la econom\u00eda son:<\/p>\n<ul>\n<li><b>El acceso a la educaci\u00f3n<\/b>: Garantizar este derecho mejora la calidad de la fuerza laboral, lo que a su vez impulsa el crecimiento econ\u00f3mico.<\/li>\n<li><b>La igualdad de g\u00e9nero<\/b>: La participaci\u00f3n igualitaria de mujeres en el mercado laboral puede aumentar significativamente el PIB de un pa\u00eds.<\/li>\n<li><b>El derecho al trabajo digno<\/b>: Condiciones laborales justas no solo benefician a los trabajadores, sino que tambi\u00e9n promueven la productividad y la innovaci\u00f3n empresarial.<\/li>\n<\/ul>\n<p>Por otro lado, las violaciones de derechos humanos, como la explotaci\u00f3n laboral o la discriminaci\u00f3n, generan desigualdades econ\u00f3micas que dificultan el desarrollo sostenible.<\/p>\n<p><\/p>\n<h2>El papel de la tecnolog\u00eda en los derechos humanos<\/h2>\n<p>En el mundo digital de hoy, la tecnolog\u00eda tiene un doble papel en la lucha por los derechos humanos. Por un lado, ha permitido visibilizar injusticias y organizar movimientos sociales a una escala sin precedentes. Ejemplos como el movimiento Black Lives Matter o las campa\u00f1as por el cambio clim\u00e1tico demuestran el poder de las plataformas digitales para generar impacto global.<\/p>\n<p>Sin embargo, la tecnolog\u00eda tambi\u00e9n plantea desaf\u00edos:<\/p>\n<p><ul><li><b>La privacidad y los datos personales<\/b>: En un mundo donde los datos se recopilan y comparten constantemente, proteger la privacidad es fundamental para preservar la libertad individual.<\/li><li><b>La brecha digital:<\/b> El acceso desigual a la tecnolog\u00eda crea nuevas formas de exclusi\u00f3n y desigualdad.<\/li><\/ul>Garantizar que la tecnolog\u00eda se utilice para empoderar a las personas, en lugar de oprimirlas, es uno de los retos m\u00e1s urgentes en la defensa de los derechos humanos.<\/p>\n<p><h2>C\u00f3mo puedes contribuir al respeto de los derechos humanos<\/h2>El respeto por los derechos humanos no es responsabilidad exclusiva de los gobiernos o las grandes organizaciones. Cada persona tiene un papel que desempe\u00f1ar. Aqu\u00ed tienes algunas formas de contribuir:<\/p>\n<p><ol><li><b>Inf\u00f3rmate<\/b>: Conocer los derechos b\u00e1sicos te permitir\u00e1 identificarlos y defenderlos cuando est\u00e9n en peligro.<\/li><li><b>Denuncia las injusticias<\/b>: Si presencias violaciones de derechos, utiliza tu voz para denunciar y exigir justicia.<\/li><li><b>Apoya organizaciones<\/b>: Muchas ONG trabajan incansablemente para proteger los derechos humanos. Considera colaborar con ellas.<\/li><li><b>Practica la empat\u00eda<\/b>: A nivel personal, trata a los dem\u00e1s con respeto y solidaridad, independientemente de sus diferencias.<\/li><\/ol><h2>Conclusi\u00f3n<\/h2>El D\u00eda de los Derechos Humanos nos invita a reflexionar sobre el progreso que hemos logrado y los desaf\u00edos que a\u00fan enfrentamos. Este d\u00eda no solo celebra un documento hist\u00f3rico, sino que tambi\u00e9n nos recuerda que los derechos fundamentales son la base de una sociedad justa, equitativa y sostenible. Al proteger y promover estos derechos, no solo honramos nuestra humanidad compartida, sino que tambi\u00e9n construimos un mundo mejor para todos.<\/p>\n<\/div>\t\t\t\t\t\t\t\t<\/div>\n\t\t\t\t<\/div>\n\t\t\t\t\t<\/div>\n\t\t\t\t<\/div>\n\t\t\t\t<\/div>\n\t\t","protected":false},"excerpt":{"rendered":"<p>D\u00eda de los Derechos Humanos El D\u00eda de los Derechos Humanos, celebrado cada a\u00f1o el 10 de diciembre, es una fecha clave para reflexionar sobre los valores que nos unen como humanidad y para recordar la importancia de defender los derechos fundamentales de todas las personas, sin importar su origen, religi\u00f3n, g\u00e9nero o estatus econ\u00f3mico. [&hellip;]<\/p>\n","protected":false},"author":3,"featured_media":87119,"comment_status":"closed","ping_status":"open","sticky":false,"template":"","format":"standard","meta":{"footnotes":""},"categories":[5],"tags":[],"class_list":["post-87114","post","type-post","status-publish","format-standard","has-post-thumbnail","hentry","category-news"],"yoast_head":"<!-- This site is optimized with the Yoast SEO Premium plugin v27.2 (Yoast SEO v27.5) - https:\/\/yoast.com\/product\/yoast-seo-premium-wordpress\/ -->\n<title>D\u00eda de los Derechos Humanos - Fintonic News<\/title>\n<meta name=\"robots\" content=\"index, follow, max-snippet:-1, max-image-preview:large, max-video-preview:-1\" \/>\n<link rel=\"canonical\" href=\"https:\/\/www.fintonic.com\/blog\/dia-de-los-derechos-humanos\/\" \/>\n<meta property=\"og:locale\" content=\"es_ES\" \/>\n<meta property=\"og:type\" content=\"article\" \/>\n<meta property=\"og:title\" content=\"D\u00eda de los Derechos Humanos\" \/>\n<meta property=\"og:description\" content=\"D\u00eda de los Derechos Humanos El D\u00eda de los Derechos Humanos, celebrado cada a\u00f1o el 10 de diciembre, es una fecha clave para reflexionar sobre los valores que nos unen como humanidad y para recordar la importancia de defender los derechos fundamentales de todas las personas, sin importar su origen, religi\u00f3n, g\u00e9nero o estatus econ\u00f3mico. [&hellip;]\" \/>\n<meta property=\"og:url\" content=\"https:\/\/www.fintonic.com\/blog\/dia-de-los-derechos-humanos\/\" \/>\n<meta property=\"og:site_name\" content=\"Fintonic News\" \/>\n<meta property=\"article:publisher\" content=\"https:\/\/www.facebook.com\/Fintonic\/\" \/>\n<meta property=\"article:published_time\" content=\"2024-12-10T09:00:03+00:00\" \/>\n<meta property=\"article:modified_time\" content=\"2026-03-17T11:40:10+00:00\" \/>\n<meta property=\"og:image\" content=\"https:\/\/www.fintonic.com\/blog\/wp-content\/uploads\/2024\/12\/freepik-export-20241204114028GPfw.jpeg\" \/>\n\t<meta property=\"og:image:width\" content=\"2560\" \/>\n\t<meta property=\"og:image:height\" content=\"1709\" \/>\n\t<meta property=\"og:image:type\" content=\"image\/jpeg\" \/>\n<meta name=\"author\" content=\"Jorge Jimenez\" \/>\n<meta name=\"twitter:card\" content=\"summary_large_image\" \/>\n<meta name=\"twitter:creator\" content=\"@JorgeJimenez1\" \/>\n<meta name=\"twitter:site\" content=\"@FINTONIC\" \/>\n<meta name=\"twitter:label1\" content=\"Escrito por\" \/>\n\t<meta name=\"twitter:data1\" content=\"Jorge Jimenez\" \/>\n\t<meta name=\"twitter:label2\" content=\"Tiempo de lectura\" \/>\n\t<meta name=\"twitter:data2\" content=\"5 minutos\" \/>\n<script type=\"application\/ld+json\" class=\"yoast-schema-graph\">{\"@context\":\"https:\\\/\\\/schema.org\",\"@graph\":[{\"@type\":\"Article\",\"@id\":\"https:\\\/\\\/www.fintonic.com\\\/blog\\\/dia-de-los-derechos-humanos\\\/#article\",\"isPartOf\":{\"@id\":\"https:\\\/\\\/www.fintonic.com\\\/blog\\\/dia-de-los-derechos-humanos\\\/\"},\"author\":{\"name\":\"Jorge Jimenez\",\"@id\":\"https:\\\/\\\/www.fintonic.com\\\/blog\\\/#\\\/schema\\\/person\\\/ddf97a6c293f2dbeed890d3f3d817499\"},\"headline\":\"D\u00eda de los Derechos Humanos\",\"datePublished\":\"2024-12-10T09:00:03+00:00\",\"dateModified\":\"2026-03-17T11:40:10+00:00\",\"mainEntityOfPage\":{\"@id\":\"https:\\\/\\\/www.fintonic.com\\\/blog\\\/dia-de-los-derechos-humanos\\\/\"},\"wordCount\":925,\"publisher\":{\"@id\":\"https:\\\/\\\/www.fintonic.com\\\/blog\\\/#organization\"},\"image\":{\"@id\":\"https:\\\/\\\/www.fintonic.com\\\/blog\\\/dia-de-los-derechos-humanos\\\/#primaryimage\"},\"thumbnailUrl\":\"https:\\\/\\\/www.fintonic.com\\\/blog\\\/wp-content\\\/uploads\\\/2024\\\/12\\\/freepik-export-20241204114028GPfw.jpeg\",\"articleSection\":[\"News\"],\"inLanguage\":\"es\"},{\"@type\":\"WebPage\",\"@id\":\"https:\\\/\\\/www.fintonic.com\\\/blog\\\/dia-de-los-derechos-humanos\\\/\",\"url\":\"https:\\\/\\\/www.fintonic.com\\\/blog\\\/dia-de-los-derechos-humanos\\\/\",\"name\":\"D\u00eda de los Derechos Humanos - Fintonic News\",\"isPartOf\":{\"@id\":\"https:\\\/\\\/www.fintonic.com\\\/blog\\\/#website\"},\"primaryImageOfPage\":{\"@id\":\"https:\\\/\\\/www.fintonic.com\\\/blog\\\/dia-de-los-derechos-humanos\\\/#primaryimage\"},\"image\":{\"@id\":\"https:\\\/\\\/www.fintonic.com\\\/blog\\\/dia-de-los-derechos-humanos\\\/#primaryimage\"},\"thumbnailUrl\":\"https:\\\/\\\/www.fintonic.com\\\/blog\\\/wp-content\\\/uploads\\\/2024\\\/12\\\/freepik-export-20241204114028GPfw.jpeg\",\"datePublished\":\"2024-12-10T09:00:03+00:00\",\"dateModified\":\"2026-03-17T11:40:10+00:00\",\"breadcrumb\":{\"@id\":\"https:\\\/\\\/www.fintonic.com\\\/blog\\\/dia-de-los-derechos-humanos\\\/#breadcrumb\"},\"inLanguage\":\"es\",\"potentialAction\":[{\"@type\":\"ReadAction\",\"target\":[\"https:\\\/\\\/www.fintonic.com\\\/blog\\\/dia-de-los-derechos-humanos\\\/\"]}]},{\"@type\":\"ImageObject\",\"inLanguage\":\"es\",\"@id\":\"https:\\\/\\\/www.fintonic.com\\\/blog\\\/dia-de-los-derechos-humanos\\\/#primaryimage\",\"url\":\"https:\\\/\\\/www.fintonic.com\\\/blog\\\/wp-content\\\/uploads\\\/2024\\\/12\\\/freepik-export-20241204114028GPfw.jpeg\",\"contentUrl\":\"https:\\\/\\\/www.fintonic.com\\\/blog\\\/wp-content\\\/uploads\\\/2024\\\/12\\\/freepik-export-20241204114028GPfw.jpeg\",\"width\":2560,\"height\":1709,\"caption\":\"D\u00eda de los Derechos Humanos\"},{\"@type\":\"BreadcrumbList\",\"@id\":\"https:\\\/\\\/www.fintonic.com\\\/blog\\\/dia-de-los-derechos-humanos\\\/#breadcrumb\",\"itemListElement\":[{\"@type\":\"ListItem\",\"position\":1,\"name\":\"Portada\",\"item\":\"https:\\\/\\\/www.fintonic.com\\\/blog\\\/\"},{\"@type\":\"ListItem\",\"position\":2,\"name\":\"D\u00eda de los Derechos Humanos\"}]},{\"@type\":\"WebSite\",\"@id\":\"https:\\\/\\\/www.fintonic.com\\\/blog\\\/#website\",\"url\":\"https:\\\/\\\/www.fintonic.com\\\/blog\\\/\",\"name\":\"Fintonic News\",\"description\":\"\",\"publisher\":{\"@id\":\"https:\\\/\\\/www.fintonic.com\\\/blog\\\/#organization\"},\"potentialAction\":[{\"@type\":\"SearchAction\",\"target\":{\"@type\":\"EntryPoint\",\"urlTemplate\":\"https:\\\/\\\/www.fintonic.com\\\/blog\\\/?s={search_term_string}\"},\"query-input\":{\"@type\":\"PropertyValueSpecification\",\"valueRequired\":true,\"valueName\":\"search_term_string\"}}],\"inLanguage\":\"es\"},{\"@type\":\"Organization\",\"@id\":\"https:\\\/\\\/www.fintonic.com\\\/blog\\\/#organization\",\"name\":\"Fintonic News\",\"url\":\"https:\\\/\\\/www.fintonic.com\\\/blog\\\/\",\"logo\":{\"@type\":\"ImageObject\",\"inLanguage\":\"es\",\"@id\":\"https:\\\/\\\/www.fintonic.com\\\/blog\\\/#\\\/schema\\\/logo\\\/image\\\/\",\"url\":\"https:\\\/\\\/www.fintonic.com\\\/blog\\\/wp-content\\\/uploads\\\/2024\\\/03\\\/cropped-Fintonic_Logo-1-1.png\",\"contentUrl\":\"https:\\\/\\\/www.fintonic.com\\\/blog\\\/wp-content\\\/uploads\\\/2024\\\/03\\\/cropped-Fintonic_Logo-1-1.png\",\"width\":512,\"height\":512,\"caption\":\"Fintonic News\"},\"image\":{\"@id\":\"https:\\\/\\\/www.fintonic.com\\\/blog\\\/#\\\/schema\\\/logo\\\/image\\\/\"},\"sameAs\":[\"https:\\\/\\\/www.facebook.com\\\/Fintonic\\\/\",\"https:\\\/\\\/x.com\\\/FINTONIC\",\"https:\\\/\\\/www.instagram.com\\\/fintonic_app\\\/\",\"https:\\\/\\\/www.tiktok.com\\\/@fintonic?lang=es\",\"https:\\\/\\\/www.linkedin.com\\\/company\\\/fintonic\\\/mycompany\\\/\",\"https:\\\/\\\/www.youtube.com\\\/@fintonictv\"]},{\"@type\":\"Person\",\"@id\":\"https:\\\/\\\/www.fintonic.com\\\/blog\\\/#\\\/schema\\\/person\\\/ddf97a6c293f2dbeed890d3f3d817499\",\"name\":\"Jorge Jimenez\",\"description\":\"Tomar buenas decisiones econ\u00f3micas es saber disfrutar la vida\",\"sameAs\":[\"https:\\\/\\\/x.com\\\/JorgeJimenez1\"],\"jobTitle\":\"Head of Growth\",\"url\":\"https:\\\/\\\/www.fintonic.com\\\/blog\\\/author\\\/jorge-jimenez\\\/\"}]}<\/script>\n<!-- \/ Yoast SEO Premium plugin. -->","yoast_head_json":{"title":"D\u00eda de los Derechos Humanos - Fintonic News","robots":{"index":"index","follow":"follow","max-snippet":"max-snippet:-1","max-image-preview":"max-image-preview:large","max-video-preview":"max-video-preview:-1"},"canonical":"https:\/\/www.fintonic.com\/blog\/dia-de-los-derechos-humanos\/","og_locale":"es_ES","og_type":"article","og_title":"D\u00eda de los Derechos Humanos","og_description":"D\u00eda de los Derechos Humanos El D\u00eda de los Derechos Humanos, celebrado cada a\u00f1o el 10 de diciembre, es una fecha clave para reflexionar sobre los valores que nos unen como humanidad y para recordar la importancia de defender los derechos fundamentales de todas las personas, sin importar su origen, religi\u00f3n, g\u00e9nero o estatus econ\u00f3mico. [&hellip;]","og_url":"https:\/\/www.fintonic.com\/blog\/dia-de-los-derechos-humanos\/","og_site_name":"Fintonic News","article_publisher":"https:\/\/www.facebook.com\/Fintonic\/","article_published_time":"2024-12-10T09:00:03+00:00","article_modified_time":"2026-03-17T11:40:10+00:00","og_image":[{"width":2560,"height":1709,"url":"https:\/\/www.fintonic.com\/blog\/wp-content\/uploads\/2024\/12\/freepik-export-20241204114028GPfw.jpeg","type":"image\/jpeg"}],"author":"Jorge Jimenez","twitter_card":"summary_large_image","twitter_creator":"@JorgeJimenez1","twitter_site":"@FINTONIC","twitter_misc":{"Escrito por":"Jorge Jimenez","Tiempo de lectura":"5 minutos"},"schema":{"@context":"https:\/\/schema.org","@graph":[{"@type":"Article","@id":"https:\/\/www.fintonic.com\/blog\/dia-de-los-derechos-humanos\/#article","isPartOf":{"@id":"https:\/\/www.fintonic.com\/blog\/dia-de-los-derechos-humanos\/"},"author":{"name":"Jorge Jimenez","@id":"https:\/\/www.fintonic.com\/blog\/#\/schema\/person\/ddf97a6c293f2dbeed890d3f3d817499"},"headline":"D\u00eda de los Derechos Humanos","datePublished":"2024-12-10T09:00:03+00:00","dateModified":"2026-03-17T11:40:10+00:00","mainEntityOfPage":{"@id":"https:\/\/www.fintonic.com\/blog\/dia-de-los-derechos-humanos\/"},"wordCount":925,"publisher":{"@id":"https:\/\/www.fintonic.com\/blog\/#organization"},"image":{"@id":"https:\/\/www.fintonic.com\/blog\/dia-de-los-derechos-humanos\/#primaryimage"},"thumbnailUrl":"https:\/\/www.fintonic.com\/blog\/wp-content\/uploads\/2024\/12\/freepik-export-20241204114028GPfw.jpeg","articleSection":["News"],"inLanguage":"es"},{"@type":"WebPage","@id":"https:\/\/www.fintonic.com\/blog\/dia-de-los-derechos-humanos\/","url":"https:\/\/www.fintonic.com\/blog\/dia-de-los-derechos-humanos\/","name":"D\u00eda de los Derechos Humanos - Fintonic News","isPartOf":{"@id":"https:\/\/www.fintonic.com\/blog\/#website"},"primaryImageOfPage":{"@id":"https:\/\/www.fintonic.com\/blog\/dia-de-los-derechos-humanos\/#primaryimage"},"image":{"@id":"https:\/\/www.fintonic.com\/blog\/dia-de-los-derechos-humanos\/#primaryimage"},"thumbnailUrl":"https:\/\/www.fintonic.com\/blog\/wp-content\/uploads\/2024\/12\/freepik-export-20241204114028GPfw.jpeg","datePublished":"2024-12-10T09:00:03+00:00","dateModified":"2026-03-17T11:40:10+00:00","breadcrumb":{"@id":"https:\/\/www.fintonic.com\/blog\/dia-de-los-derechos-humanos\/#breadcrumb"},"inLanguage":"es","potentialAction":[{"@type":"ReadAction","target":["https:\/\/www.fintonic.com\/blog\/dia-de-los-derechos-humanos\/"]}]},{"@type":"ImageObject","inLanguage":"es","@id":"https:\/\/www.fintonic.com\/blog\/dia-de-los-derechos-humanos\/#primaryimage","url":"https:\/\/www.fintonic.com\/blog\/wp-content\/uploads\/2024\/12\/freepik-export-20241204114028GPfw.jpeg","contentUrl":"https:\/\/www.fintonic.com\/blog\/wp-content\/uploads\/2024\/12\/freepik-export-20241204114028GPfw.jpeg","width":2560,"height":1709,"caption":"D\u00eda de los Derechos Humanos"},{"@type":"BreadcrumbList","@id":"https:\/\/www.fintonic.com\/blog\/dia-de-los-derechos-humanos\/#breadcrumb","itemListElement":[{"@type":"ListItem","position":1,"name":"Portada","item":"https:\/\/www.fintonic.com\/blog\/"},{"@type":"ListItem","position":2,"name":"D\u00eda de los Derechos Humanos"}]},{"@type":"WebSite","@id":"https:\/\/www.fintonic.com\/blog\/#website","url":"https:\/\/www.fintonic.com\/blog\/","name":"Fintonic News","description":"","publisher":{"@id":"https:\/\/www.fintonic.com\/blog\/#organization"},"potentialAction":[{"@type":"SearchAction","target":{"@type":"EntryPoint","urlTemplate":"https:\/\/www.fintonic.com\/blog\/?s={search_term_string}"},"query-input":{"@type":"PropertyValueSpecification","valueRequired":true,"valueName":"search_term_string"}}],"inLanguage":"es"},{"@type":"Organization","@id":"https:\/\/www.fintonic.com\/blog\/#organization","name":"Fintonic News","url":"https:\/\/www.fintonic.com\/blog\/","logo":{"@type":"ImageObject","inLanguage":"es","@id":"https:\/\/www.fintonic.com\/blog\/#\/schema\/logo\/image\/","url":"https:\/\/www.fintonic.com\/blog\/wp-content\/uploads\/2024\/03\/cropped-Fintonic_Logo-1-1.png","contentUrl":"https:\/\/www.fintonic.com\/blog\/wp-content\/uploads\/2024\/03\/cropped-Fintonic_Logo-1-1.png","width":512,"height":512,"caption":"Fintonic News"},"image":{"@id":"https:\/\/www.fintonic.com\/blog\/#\/schema\/logo\/image\/"},"sameAs":["https:\/\/www.facebook.com\/Fintonic\/","https:\/\/x.com\/FINTONIC","https:\/\/www.instagram.com\/fintonic_app\/","https:\/\/www.tiktok.com\/@fintonic?lang=es","https:\/\/www.linkedin.com\/company\/fintonic\/mycompany\/","https:\/\/www.youtube.com\/@fintonictv"]},{"@type":"Person","@id":"https:\/\/www.fintonic.com\/blog\/#\/schema\/person\/ddf97a6c293f2dbeed890d3f3d817499","name":"Jorge Jimenez","description":"Tomar buenas decisiones econ\u00f3micas es saber disfrutar la vida","sameAs":["https:\/\/x.com\/JorgeJimenez1"],"jobTitle":"Head of Growth","url":"https:\/\/www.fintonic.com\/blog\/author\/jorge-jimenez\/"}]}},"_links":{"self":[{"href":"https:\/\/www.fintonic.com\/blog\/wp-json\/wp\/v2\/posts\/87114","targetHints":{"allow":["GET"]}}],"collection":[{"href":"https:\/\/www.fintonic.com\/blog\/wp-json\/wp\/v2\/posts"}],"about":[{"href":"https:\/\/www.fintonic.com\/blog\/wp-json\/wp\/v2\/types\/post"}],"author":[{"embeddable":true,"href":"https:\/\/www.fintonic.com\/blog\/wp-json\/wp\/v2\/users\/3"}],"replies":[{"embeddable":true,"href":"https:\/\/www.fintonic.com\/blog\/wp-json\/wp\/v2\/comments?post=87114"}],"version-history":[{"count":7,"href":"https:\/\/www.fintonic.com\/blog\/wp-json\/wp\/v2\/posts\/87114\/revisions"}],"predecessor-version":[{"id":87125,"href":"https:\/\/www.fintonic.com\/blog\/wp-json\/wp\/v2\/posts\/87114\/revisions\/87125"}],"wp:featuredmedia":[{"embeddable":true,"href":"https:\/\/www.fintonic.com\/blog\/wp-json\/wp\/v2\/media\/87119"}],"wp:attachment":[{"href":"https:\/\/www.fintonic.com\/blog\/wp-json\/wp\/v2\/media?parent=87114"}],"wp:term":[{"taxonomy":"category","embeddable":true,"href":"https:\/\/www.fintonic.com\/blog\/wp-json\/wp\/v2\/categories?post=87114"},{"taxonomy":"post_tag","embeddable":true,"href":"https:\/\/www.fintonic.com\/blog\/wp-json\/wp\/v2\/tags?post=87114"}],"curies":[{"name":"wp","href":"https:\/\/api.w.org\/{rel}","templated":true}]}}