{"id":86687,"date":"2024-11-25T13:33:05","date_gmt":"2024-11-25T12:33:05","guid":{"rendered":"https:\/\/www.fintonic.com\/blog\/?p=86687"},"modified":"2024-11-25T13:44:35","modified_gmt":"2024-11-25T12:44:35","slug":"dia-internacional-de-la-eliminacion-de-la-violencia-contra-la-mujer","status":"publish","type":"post","link":"https:\/\/www.fintonic.com\/blog\/dia-internacional-de-la-eliminacion-de-la-violencia-contra-la-mujer\/","title":{"rendered":"D\u00eda Internacional de la Eliminaci\u00f3n de la Violencia contra la Mujer"},"content":{"rendered":"\t\t<div data-elementor-type=\"wp-post\" data-elementor-id=\"86687\" class=\"elementor elementor-86687\" data-elementor-post-type=\"post\">\n\t\t\t\t<div class=\"elementor-element elementor-element-3e81a7e8 e-flex e-con-boxed e-con e-parent\" data-id=\"3e81a7e8\" data-element_type=\"container\" data-e-type=\"container\">\n\t\t\t\t\t<div class=\"e-con-inner\">\n\t\t\t\t<div class=\"elementor-element elementor-element-7a2005a6 elementor-widget elementor-widget-text-editor\" data-id=\"7a2005a6\" data-element_type=\"widget\" data-e-type=\"widget\" data-widget_type=\"text-editor.default\">\n\t\t\t\t<div class=\"elementor-widget-container\">\n\t\t\t\t\t\t\t\t\t<p><\/p>\n<h1>D\u00eda Internacional de la Eliminaci\u00f3n de la Violencia contra la Mujer<\/h1>\n<p>Cada 25 de noviembre se conmemora el D\u00eda Internacional de la Eliminaci\u00f3n de la Violencia contra la Mujer, una fecha clave para reflexionar sobre una problem\u00e1tica global que afecta a millones de mujeres. Establecida por la ONU en 1999, esta fecha busca sensibilizar, visibilizar y promover acciones para erradicar todas las formas de violencia contra las mujeres y ni\u00f1as.<\/p>\n<p><\/p>\n<h2><u>\u00bfPor qu\u00e9 el 25 de noviembre?<\/u><\/h2>\n<p>La elecci\u00f3n del 25 de noviembre no es casual. Este d\u00eda rinde homenaje a las hermanas Mirabal \u2014Patria, Minerva y Mar\u00eda Teresa\u2014, tres activistas pol\u00edticas de Rep\u00fablica Dominicana que fueron brutalmente asesinadas en 1960 por \u00f3rdenes del dictador Rafael Trujillo. Su valent\u00eda y lucha incansable contra la opresi\u00f3n las convirtieron en un s\u00edmbolo de resistencia frente a la violencia de g\u00e9nero.<\/p>\n<p><\/p>\n<h2><u>La violencia contra las mujeres en cifras<\/u><\/h2>\n<p>La violencia contra las mujeres no distingue fronteras, edad ni condici\u00f3n socioecon\u00f3mica. Los datos recientes muestran la magnitud de este problema:<\/p>\n<h4>\n<\/h4>\n<h2><span style=\"font-weight: var(--pchead-wei); letter-spacing: 0px; text-align: var(--text-align);\">Violencia f\u00edsica y sexual<\/span><\/h2>\n<ol>\n<\/ol>\n<ul>\n<li><span style=\"letter-spacing: 0px; text-align: var(--text-align);\">Seg\u00fan la ONU, <b>1 de cada 3 mujeres <\/b>en el mundo ha sufrido violencia f\u00edsica o sexual por parte de su pareja o terceros a lo largo de su vida.<\/span><\/li>\n<li><span style=\"font-weight: normal;\">En algunos pa\u00edses, hasta un <\/span><b>70% de las mujeres<\/b><span style=\"font-weight: normal;\"> ha experimentado alg\u00fan tipo de violencia f\u00edsica o sexuaL.<\/span><\/li>\n<\/ul>\n<h2><span style=\"font-weight: var(--pchead-wei); letter-spacing: 0px; text-align: var(--text-align);\">Feminicidios:<\/span><\/h2>\n<ul>\n<li>En 2023, se estim\u00f3 que aproximadamente <b>81,000 mujeres<\/b> fueron asesinadas de manera intencionada, y el 58% de estos casos ocurri\u00f3 en el \u00e1mbito dom\u00e9stico.<\/li>\n<li>Am\u00e9rica Latina es una de las regiones con mayor incidencia de feminicidios, con pa\u00edses como M\u00e9xico, Brasil y El Salvador enfrentando cifras alarmantes.<\/li>\n<\/ul>\n<h2>Acoso y violencia digital:<\/h2>\n<ul>\n<li>Con el auge de las redes sociales, el acoso en l\u00ednea ha aumentado significativamente. La <b>violencia digital<\/b>, que incluye amenazas, difusi\u00f3n de contenido \u00edntimo sin consentimiento y ciberacoso, afecta principalmente a mujeres j\u00f3venes.<\/li>\n<\/ul>\n<h2>Impacto de la pandemia:<\/h2>\n<p><\/p>\n<ul>\n<li>Durante la pandemia de COVID-19, se registr\u00f3 un aumento del<b> 30% en llamadas de emergencia<\/b> relacionadas con violencia dom\u00e9stica en algunos pa\u00edses, lo que refleja c\u00f3mo el confinamiento agrav\u00f3 esta situaci\u00f3n.<\/li>\n<\/ul>\n<h2><u>Tipos de violencia contra la mujer<\/u><\/h2>\n<p>La violencia de g\u00e9nero no solo se limita a la f\u00edsica o sexual. Incluye una amplia gama de formas que vulneran los derechos de las mujeres:<\/p>\n<ul>\n<li><b>Violencia psicol\u00f3gica:<\/b> Insultos, amenazas, manipulaci\u00f3n y conductas que menoscaban la autoestima de la v\u00edctima.<\/li>\n<li><b>Violencia econ\u00f3mica<\/b>: Control financiero, privaci\u00f3n de recursos o uso de bienes para someter a la mujer.<\/li>\n<li><b>Violencia institucional:<\/b> Cuando organismos p\u00fablicos fallan en proteger a las v\u00edctimas o perpet\u00faan conductas discriminatorias.<\/li>\n<li><b>Violencia simb\u00f3lica y cultural<\/b>: Estereotipos de g\u00e9nero y roles impuestos que perpet\u00faan la desigualdad.<\/li>\n<\/ul>\n<h2><u>El papel de los movimientos feministas y las organizaciones<\/u><\/h2>\n<p>Movimientos como <b>#NiUnaMenos<\/b> y <b>#MeToo<\/b> han sido fundamentales para visibilizar el problema y empoderar a las mujeres para denunciar la violencia. Estas iniciativas han logrado que m\u00e1s personas, instituciones y gobiernos se unan a la lucha contra la violencia de g\u00e9nero.<\/p>\n<p>Adem\u00e1s, organizaciones internacionales como ONU Mujeres y Amnist\u00eda Internacional trabajan incansablemente para garantizar los derechos de las mujeres. Estas instituciones promueven campa\u00f1as de prevenci\u00f3n, educaci\u00f3n y apoyo a las v\u00edctimas.<\/p>\n<p><\/p>\n<h2><u>Avances y desaf\u00edos en la lucha contra la violencia de g\u00e9nero<\/u><\/h2>\n<p><b>Avances<\/b>:<br><\/p>\n<ul>\n<li><b>Leyes y pol\u00edticas p\u00fablicas<\/b>: Muchos pa\u00edses han adoptado marcos legales espec\u00edficos para combatir la violencia de g\u00e9nero. Por ejemplo, la Ley Integral contra la Violencia de G\u00e9nero en Espa\u00f1a es un referente en Europa.<\/li>\n<li><b>Centros de apoyo<\/b>: La creaci\u00f3n de l\u00edneas de ayuda, refugios y programas de asistencia psicol\u00f3gica y legal ha sido clave para atender a las v\u00edctimas.<\/li>\n<li><b>Educaci\u00f3n y sensibilizaci\u00f3n:<\/b> Campa\u00f1as como \u00ab\u00daNETE para poner fin a la violencia contra las mujeres\u00bb han impulsado la toma de conciencia global sobre el tema.<\/li>\n<\/ul>\n<p><b>Desaf\u00edos:<\/b><br><\/p>\n<ul style=\"\">\n<li style=\"\"><b>Impunidad: <\/b>En muchos casos, los agresores no enfrentan consecuencias legales, lo que perpet\u00faa el ciclo de violencia<b>.<\/b><\/li>\n<li style=\"\"><b>Estigmatizaci\u00f3n<\/b>: Las v\u00edctimas a menudo enfrentan juicio social y falta de apoyo al denunciar.<\/li>\n<li style=\"\"><b>Brechas en la cobertura<\/b>: En regiones rurales o comunidades marginadas, el acceso a servicios de apoyo sigue siendo limitado.<\/li>\n<\/ul>\n<h2><u>\u00bfC\u00f3mo podemos contribuir como sociedad?<\/u><\/h2>\n<p>La eliminaci\u00f3n de la violencia contra la mujer requiere un esfuerzo colectivo y multidimensional. Aqu\u00ed hay algunas acciones que pueden marcar la diferencia:<\/p>\n<ol>\n<li><b>Educaci\u00f3n desde la infancia<\/b>: Ense\u00f1ar a ni\u00f1os y ni\u00f1as valores de igualdad, respeto y empat\u00eda.<\/li>\n<li><b>Denunciar y apoyar<\/b>: Es crucial romper el silencio ante situaciones de violencia y apoyar a las v\u00edctimas sin prejuicios.<\/li>\n<li><b>Participaci\u00f3n activa:<\/b> Involucrarse en campa\u00f1as y movimientos que promuevan la igualdad de g\u00e9nero y la prevenci\u00f3n de la violencia.<\/li>\n<li><b>Cambio cultural<\/b>: Cuestionar y rechazar actitudes y comportamientos que normalicen la violencia o los estereotipos de g\u00e9nero.<\/li>\n<\/ol>\n<h2><u>Un mensaje de esperanza<\/u><\/h2>\n<p>Si bien los desaf\u00edos son numerosos, la lucha por eliminar la violencia contra la mujer ha logrado avances significativos. Cada vez m\u00e1s personas, comunidades y gobiernos se suman a este llamado, demostrando que un cambio es posible.<\/p>\n<p>El 25 de noviembre no es solo una fecha para recordar, sino una oportunidad para actuar. Es un recordatorio de que cada paso hacia la igualdad y el respeto es un paso hacia un mundo m\u00e1s justo y libre de violencia.<\/p>\n<p><b>Juntos podemos hacer la diferencia. \ud83c\udf0d\u270a<\/b><\/p>\t\t\t\t\t\t\t\t<\/div>\n\t\t\t\t<\/div>\n\t\t\t\t\t<\/div>\n\t\t\t\t<\/div>\n\t\t<div class=\"elementor-element elementor-element-d5e5173 e-flex e-con-boxed e-con e-parent\" data-id=\"d5e5173\" data-element_type=\"container\" data-e-type=\"container\">\n\t\t\t\t\t<div class=\"e-con-inner\">\n\t\t\t\t<div class=\"elementor-element elementor-element-4377ce5 elementor-widget elementor-widget-image\" data-id=\"4377ce5\" data-element_type=\"widget\" data-e-type=\"widget\" data-widget_type=\"image.default\">\n\t\t\t\t<div class=\"elementor-widget-container\">\n\t\t\t\t\t\t\t\t\t\t\t\t\t\t\t\t<a href=\"https:\/\/www.fintonic.com\/prestamos\/simulador?utm_source=blog\">\n\t\t\t\t\t\t\t<img fetchpriority=\"high\" decoding=\"async\" width=\"800\" height=\"102\" src=\"https:\/\/www.fintonic.com\/blog\/wp-content\/uploads\/2024\/09\/banner-prestamos-1024x131.png\" class=\"attachment-large size-large wp-image-84399\" alt=\"prestamos online 2\" srcset=\"https:\/\/www.fintonic.com\/blog\/wp-content\/uploads\/2024\/09\/banner-prestamos-1024x131.png 1024w, https:\/\/www.fintonic.com\/blog\/wp-content\/uploads\/2024\/09\/banner-prestamos-300x38.png 300w, https:\/\/www.fintonic.com\/blog\/wp-content\/uploads\/2024\/09\/banner-prestamos-768x98.png 768w, https:\/\/www.fintonic.com\/blog\/wp-content\/uploads\/2024\/09\/banner-prestamos-1536x197.png 1536w, https:\/\/www.fintonic.com\/blog\/wp-content\/uploads\/2024\/09\/banner-prestamos-2048x262.png 2048w, https:\/\/www.fintonic.com\/blog\/wp-content\/uploads\/2024\/09\/banner-prestamos-1920x246.png 1920w, https:\/\/www.fintonic.com\/blog\/wp-content\/uploads\/2024\/09\/banner-prestamos-1170x150.png 1170w, https:\/\/www.fintonic.com\/blog\/wp-content\/uploads\/2024\/09\/banner-prestamos-585x75.png 585w\" sizes=\"(max-width: 800px) 100vw, 800px\" \/>\t\t\t\t\t\t\t\t<\/a>\n\t\t\t\t\t\t\t\t\t\t\t\t\t\t\t<\/div>\n\t\t\t\t<\/div>\n\t\t\t\t\t<\/div>\n\t\t\t\t<\/div>\n\t\t\t\t<\/div>\n\t\t","protected":false},"excerpt":{"rendered":"<p>D\u00eda Internacional de la Eliminaci\u00f3n de la Violencia contra la Mujer Cada 25 de noviembre se conmemora el D\u00eda Internacional de la Eliminaci\u00f3n de la Violencia contra la Mujer, una fecha clave para reflexionar sobre una problem\u00e1tica global que afecta a millones de mujeres. Establecida por la ONU en 1999, esta fecha busca sensibilizar, visibilizar [&hellip;]<\/p>\n","protected":false},"author":3,"featured_media":86694,"comment_status":"open","ping_status":"open","sticky":false,"template":"","format":"standard","meta":{"footnotes":""},"categories":[5],"tags":[],"class_list":["post-86687","post","type-post","status-publish","format-standard","has-post-thumbnail","hentry","category-news"],"yoast_head":"<!-- This site is optimized with the Yoast SEO Premium plugin v27.2 (Yoast SEO v27.5) - https:\/\/yoast.com\/product\/yoast-seo-premium-wordpress\/ -->\n<title>D\u00eda Internacional de la Eliminaci\u00f3n de la Violencia contra la Mujer - Fintonic News<\/title>\n<meta name=\"robots\" content=\"index, follow, max-snippet:-1, max-image-preview:large, max-video-preview:-1\" \/>\n<link rel=\"canonical\" href=\"https:\/\/www.fintonic.com\/blog\/dia-internacional-de-la-eliminacion-de-la-violencia-contra-la-mujer\/\" \/>\n<meta property=\"og:locale\" content=\"es_ES\" \/>\n<meta property=\"og:type\" content=\"article\" \/>\n<meta property=\"og:title\" content=\"D\u00eda Internacional de la Eliminaci\u00f3n de la Violencia contra la Mujer\" \/>\n<meta property=\"og:description\" content=\"D\u00eda Internacional de la Eliminaci\u00f3n de la Violencia contra la Mujer Cada 25 de noviembre se conmemora el D\u00eda Internacional de la Eliminaci\u00f3n de la Violencia contra la Mujer, una fecha clave para reflexionar sobre una problem\u00e1tica global que afecta a millones de mujeres. Establecida por la ONU en 1999, esta fecha busca sensibilizar, visibilizar [&hellip;]\" \/>\n<meta property=\"og:url\" content=\"https:\/\/www.fintonic.com\/blog\/dia-internacional-de-la-eliminacion-de-la-violencia-contra-la-mujer\/\" \/>\n<meta property=\"og:site_name\" content=\"Fintonic News\" \/>\n<meta property=\"article:publisher\" content=\"https:\/\/www.facebook.com\/Fintonic\/\" \/>\n<meta property=\"article:published_time\" content=\"2024-11-25T12:33:05+00:00\" \/>\n<meta property=\"article:modified_time\" content=\"2024-11-25T12:44:35+00:00\" \/>\n<meta property=\"og:image\" content=\"https:\/\/www.fintonic.com\/blog\/wp-content\/uploads\/2024\/11\/freepik-export-20241125124103ZT8W.jpeg\" \/>\n\t<meta property=\"og:image:width\" content=\"2560\" \/>\n\t<meta property=\"og:image:height\" content=\"1707\" \/>\n\t<meta property=\"og:image:type\" content=\"image\/jpeg\" \/>\n<meta name=\"author\" content=\"Jorge Jimenez\" \/>\n<meta name=\"twitter:card\" content=\"summary_large_image\" \/>\n<meta name=\"twitter:creator\" content=\"@JorgeJimenez1\" \/>\n<meta name=\"twitter:site\" content=\"@FINTONIC\" \/>\n<meta name=\"twitter:label1\" content=\"Escrito por\" \/>\n\t<meta name=\"twitter:data1\" content=\"Jorge Jimenez\" \/>\n\t<meta name=\"twitter:label2\" content=\"Tiempo de lectura\" \/>\n\t<meta name=\"twitter:data2\" content=\"5 minutos\" \/>\n<script type=\"application\/ld+json\" class=\"yoast-schema-graph\">{\"@context\":\"https:\\\/\\\/schema.org\",\"@graph\":[{\"@type\":\"Article\",\"@id\":\"https:\\\/\\\/www.fintonic.com\\\/blog\\\/dia-internacional-de-la-eliminacion-de-la-violencia-contra-la-mujer\\\/#article\",\"isPartOf\":{\"@id\":\"https:\\\/\\\/www.fintonic.com\\\/blog\\\/dia-internacional-de-la-eliminacion-de-la-violencia-contra-la-mujer\\\/\"},\"author\":{\"name\":\"Jorge Jimenez\",\"@id\":\"https:\\\/\\\/www.fintonic.com\\\/blog\\\/#\\\/schema\\\/person\\\/ddf97a6c293f2dbeed890d3f3d817499\"},\"headline\":\"D\u00eda Internacional de la Eliminaci\u00f3n de la Violencia contra la Mujer\",\"datePublished\":\"2024-11-25T12:33:05+00:00\",\"dateModified\":\"2024-11-25T12:44:35+00:00\",\"mainEntityOfPage\":{\"@id\":\"https:\\\/\\\/www.fintonic.com\\\/blog\\\/dia-internacional-de-la-eliminacion-de-la-violencia-contra-la-mujer\\\/\"},\"wordCount\":931,\"commentCount\":0,\"publisher\":{\"@id\":\"https:\\\/\\\/www.fintonic.com\\\/blog\\\/#organization\"},\"image\":{\"@id\":\"https:\\\/\\\/www.fintonic.com\\\/blog\\\/dia-internacional-de-la-eliminacion-de-la-violencia-contra-la-mujer\\\/#primaryimage\"},\"thumbnailUrl\":\"https:\\\/\\\/www.fintonic.com\\\/blog\\\/wp-content\\\/uploads\\\/2024\\\/11\\\/freepik-export-20241125124103ZT8W.jpeg\",\"articleSection\":[\"News\"],\"inLanguage\":\"es\",\"potentialAction\":[{\"@type\":\"CommentAction\",\"name\":\"Comment\",\"target\":[\"https:\\\/\\\/www.fintonic.com\\\/blog\\\/dia-internacional-de-la-eliminacion-de-la-violencia-contra-la-mujer\\\/#respond\"]}]},{\"@type\":\"WebPage\",\"@id\":\"https:\\\/\\\/www.fintonic.com\\\/blog\\\/dia-internacional-de-la-eliminacion-de-la-violencia-contra-la-mujer\\\/\",\"url\":\"https:\\\/\\\/www.fintonic.com\\\/blog\\\/dia-internacional-de-la-eliminacion-de-la-violencia-contra-la-mujer\\\/\",\"name\":\"D\u00eda Internacional de la Eliminaci\u00f3n de la Violencia contra la Mujer - Fintonic News\",\"isPartOf\":{\"@id\":\"https:\\\/\\\/www.fintonic.com\\\/blog\\\/#website\"},\"primaryImageOfPage\":{\"@id\":\"https:\\\/\\\/www.fintonic.com\\\/blog\\\/dia-internacional-de-la-eliminacion-de-la-violencia-contra-la-mujer\\\/#primaryimage\"},\"image\":{\"@id\":\"https:\\\/\\\/www.fintonic.com\\\/blog\\\/dia-internacional-de-la-eliminacion-de-la-violencia-contra-la-mujer\\\/#primaryimage\"},\"thumbnailUrl\":\"https:\\\/\\\/www.fintonic.com\\\/blog\\\/wp-content\\\/uploads\\\/2024\\\/11\\\/freepik-export-20241125124103ZT8W.jpeg\",\"datePublished\":\"2024-11-25T12:33:05+00:00\",\"dateModified\":\"2024-11-25T12:44:35+00:00\",\"breadcrumb\":{\"@id\":\"https:\\\/\\\/www.fintonic.com\\\/blog\\\/dia-internacional-de-la-eliminacion-de-la-violencia-contra-la-mujer\\\/#breadcrumb\"},\"inLanguage\":\"es\",\"potentialAction\":[{\"@type\":\"ReadAction\",\"target\":[\"https:\\\/\\\/www.fintonic.com\\\/blog\\\/dia-internacional-de-la-eliminacion-de-la-violencia-contra-la-mujer\\\/\"]}]},{\"@type\":\"ImageObject\",\"inLanguage\":\"es\",\"@id\":\"https:\\\/\\\/www.fintonic.com\\\/blog\\\/dia-internacional-de-la-eliminacion-de-la-violencia-contra-la-mujer\\\/#primaryimage\",\"url\":\"https:\\\/\\\/www.fintonic.com\\\/blog\\\/wp-content\\\/uploads\\\/2024\\\/11\\\/freepik-export-20241125124103ZT8W.jpeg\",\"contentUrl\":\"https:\\\/\\\/www.fintonic.com\\\/blog\\\/wp-content\\\/uploads\\\/2024\\\/11\\\/freepik-export-20241125124103ZT8W.jpeg\",\"width\":2560,\"height\":1707,\"caption\":\"D\u00eda Internacional de la Eliminaci\u00f3n de la Violencia contra la Mujer\"},{\"@type\":\"BreadcrumbList\",\"@id\":\"https:\\\/\\\/www.fintonic.com\\\/blog\\\/dia-internacional-de-la-eliminacion-de-la-violencia-contra-la-mujer\\\/#breadcrumb\",\"itemListElement\":[{\"@type\":\"ListItem\",\"position\":1,\"name\":\"Portada\",\"item\":\"https:\\\/\\\/www.fintonic.com\\\/blog\\\/\"},{\"@type\":\"ListItem\",\"position\":2,\"name\":\"D\u00eda Internacional de la Eliminaci\u00f3n de la Violencia contra la Mujer\"}]},{\"@type\":\"WebSite\",\"@id\":\"https:\\\/\\\/www.fintonic.com\\\/blog\\\/#website\",\"url\":\"https:\\\/\\\/www.fintonic.com\\\/blog\\\/\",\"name\":\"Fintonic News\",\"description\":\"\",\"publisher\":{\"@id\":\"https:\\\/\\\/www.fintonic.com\\\/blog\\\/#organization\"},\"potentialAction\":[{\"@type\":\"SearchAction\",\"target\":{\"@type\":\"EntryPoint\",\"urlTemplate\":\"https:\\\/\\\/www.fintonic.com\\\/blog\\\/?s={search_term_string}\"},\"query-input\":{\"@type\":\"PropertyValueSpecification\",\"valueRequired\":true,\"valueName\":\"search_term_string\"}}],\"inLanguage\":\"es\"},{\"@type\":\"Organization\",\"@id\":\"https:\\\/\\\/www.fintonic.com\\\/blog\\\/#organization\",\"name\":\"Fintonic News\",\"url\":\"https:\\\/\\\/www.fintonic.com\\\/blog\\\/\",\"logo\":{\"@type\":\"ImageObject\",\"inLanguage\":\"es\",\"@id\":\"https:\\\/\\\/www.fintonic.com\\\/blog\\\/#\\\/schema\\\/logo\\\/image\\\/\",\"url\":\"https:\\\/\\\/www.fintonic.com\\\/blog\\\/wp-content\\\/uploads\\\/2024\\\/03\\\/cropped-Fintonic_Logo-1-1.png\",\"contentUrl\":\"https:\\\/\\\/www.fintonic.com\\\/blog\\\/wp-content\\\/uploads\\\/2024\\\/03\\\/cropped-Fintonic_Logo-1-1.png\",\"width\":512,\"height\":512,\"caption\":\"Fintonic News\"},\"image\":{\"@id\":\"https:\\\/\\\/www.fintonic.com\\\/blog\\\/#\\\/schema\\\/logo\\\/image\\\/\"},\"sameAs\":[\"https:\\\/\\\/www.facebook.com\\\/Fintonic\\\/\",\"https:\\\/\\\/x.com\\\/FINTONIC\",\"https:\\\/\\\/www.instagram.com\\\/fintonic_app\\\/\",\"https:\\\/\\\/www.tiktok.com\\\/@fintonic?lang=es\",\"https:\\\/\\\/www.linkedin.com\\\/company\\\/fintonic\\\/mycompany\\\/\",\"https:\\\/\\\/www.youtube.com\\\/@fintonictv\"]},{\"@type\":\"Person\",\"@id\":\"https:\\\/\\\/www.fintonic.com\\\/blog\\\/#\\\/schema\\\/person\\\/ddf97a6c293f2dbeed890d3f3d817499\",\"name\":\"Jorge Jimenez\",\"description\":\"Tomar buenas decisiones econ\u00f3micas es saber disfrutar la vida\",\"sameAs\":[\"https:\\\/\\\/x.com\\\/JorgeJimenez1\"],\"jobTitle\":\"Head of Growth\",\"url\":\"https:\\\/\\\/www.fintonic.com\\\/blog\\\/author\\\/jorge-jimenez\\\/\"}]}<\/script>\n<!-- \/ Yoast SEO Premium plugin. -->","yoast_head_json":{"title":"D\u00eda Internacional de la Eliminaci\u00f3n de la Violencia contra la Mujer - Fintonic News","robots":{"index":"index","follow":"follow","max-snippet":"max-snippet:-1","max-image-preview":"max-image-preview:large","max-video-preview":"max-video-preview:-1"},"canonical":"https:\/\/www.fintonic.com\/blog\/dia-internacional-de-la-eliminacion-de-la-violencia-contra-la-mujer\/","og_locale":"es_ES","og_type":"article","og_title":"D\u00eda Internacional de la Eliminaci\u00f3n de la Violencia contra la Mujer","og_description":"D\u00eda Internacional de la Eliminaci\u00f3n de la Violencia contra la Mujer Cada 25 de noviembre se conmemora el D\u00eda Internacional de la Eliminaci\u00f3n de la Violencia contra la Mujer, una fecha clave para reflexionar sobre una problem\u00e1tica global que afecta a millones de mujeres. Establecida por la ONU en 1999, esta fecha busca sensibilizar, visibilizar [&hellip;]","og_url":"https:\/\/www.fintonic.com\/blog\/dia-internacional-de-la-eliminacion-de-la-violencia-contra-la-mujer\/","og_site_name":"Fintonic News","article_publisher":"https:\/\/www.facebook.com\/Fintonic\/","article_published_time":"2024-11-25T12:33:05+00:00","article_modified_time":"2024-11-25T12:44:35+00:00","og_image":[{"width":2560,"height":1707,"url":"https:\/\/www.fintonic.com\/blog\/wp-content\/uploads\/2024\/11\/freepik-export-20241125124103ZT8W.jpeg","type":"image\/jpeg"}],"author":"Jorge Jimenez","twitter_card":"summary_large_image","twitter_creator":"@JorgeJimenez1","twitter_site":"@FINTONIC","twitter_misc":{"Escrito por":"Jorge Jimenez","Tiempo de lectura":"5 minutos"},"schema":{"@context":"https:\/\/schema.org","@graph":[{"@type":"Article","@id":"https:\/\/www.fintonic.com\/blog\/dia-internacional-de-la-eliminacion-de-la-violencia-contra-la-mujer\/#article","isPartOf":{"@id":"https:\/\/www.fintonic.com\/blog\/dia-internacional-de-la-eliminacion-de-la-violencia-contra-la-mujer\/"},"author":{"name":"Jorge Jimenez","@id":"https:\/\/www.fintonic.com\/blog\/#\/schema\/person\/ddf97a6c293f2dbeed890d3f3d817499"},"headline":"D\u00eda Internacional de la Eliminaci\u00f3n de la Violencia contra la Mujer","datePublished":"2024-11-25T12:33:05+00:00","dateModified":"2024-11-25T12:44:35+00:00","mainEntityOfPage":{"@id":"https:\/\/www.fintonic.com\/blog\/dia-internacional-de-la-eliminacion-de-la-violencia-contra-la-mujer\/"},"wordCount":931,"commentCount":0,"publisher":{"@id":"https:\/\/www.fintonic.com\/blog\/#organization"},"image":{"@id":"https:\/\/www.fintonic.com\/blog\/dia-internacional-de-la-eliminacion-de-la-violencia-contra-la-mujer\/#primaryimage"},"thumbnailUrl":"https:\/\/www.fintonic.com\/blog\/wp-content\/uploads\/2024\/11\/freepik-export-20241125124103ZT8W.jpeg","articleSection":["News"],"inLanguage":"es","potentialAction":[{"@type":"CommentAction","name":"Comment","target":["https:\/\/www.fintonic.com\/blog\/dia-internacional-de-la-eliminacion-de-la-violencia-contra-la-mujer\/#respond"]}]},{"@type":"WebPage","@id":"https:\/\/www.fintonic.com\/blog\/dia-internacional-de-la-eliminacion-de-la-violencia-contra-la-mujer\/","url":"https:\/\/www.fintonic.com\/blog\/dia-internacional-de-la-eliminacion-de-la-violencia-contra-la-mujer\/","name":"D\u00eda Internacional de la Eliminaci\u00f3n de la Violencia contra la Mujer - Fintonic News","isPartOf":{"@id":"https:\/\/www.fintonic.com\/blog\/#website"},"primaryImageOfPage":{"@id":"https:\/\/www.fintonic.com\/blog\/dia-internacional-de-la-eliminacion-de-la-violencia-contra-la-mujer\/#primaryimage"},"image":{"@id":"https:\/\/www.fintonic.com\/blog\/dia-internacional-de-la-eliminacion-de-la-violencia-contra-la-mujer\/#primaryimage"},"thumbnailUrl":"https:\/\/www.fintonic.com\/blog\/wp-content\/uploads\/2024\/11\/freepik-export-20241125124103ZT8W.jpeg","datePublished":"2024-11-25T12:33:05+00:00","dateModified":"2024-11-25T12:44:35+00:00","breadcrumb":{"@id":"https:\/\/www.fintonic.com\/blog\/dia-internacional-de-la-eliminacion-de-la-violencia-contra-la-mujer\/#breadcrumb"},"inLanguage":"es","potentialAction":[{"@type":"ReadAction","target":["https:\/\/www.fintonic.com\/blog\/dia-internacional-de-la-eliminacion-de-la-violencia-contra-la-mujer\/"]}]},{"@type":"ImageObject","inLanguage":"es","@id":"https:\/\/www.fintonic.com\/blog\/dia-internacional-de-la-eliminacion-de-la-violencia-contra-la-mujer\/#primaryimage","url":"https:\/\/www.fintonic.com\/blog\/wp-content\/uploads\/2024\/11\/freepik-export-20241125124103ZT8W.jpeg","contentUrl":"https:\/\/www.fintonic.com\/blog\/wp-content\/uploads\/2024\/11\/freepik-export-20241125124103ZT8W.jpeg","width":2560,"height":1707,"caption":"D\u00eda Internacional de la Eliminaci\u00f3n de la Violencia contra la Mujer"},{"@type":"BreadcrumbList","@id":"https:\/\/www.fintonic.com\/blog\/dia-internacional-de-la-eliminacion-de-la-violencia-contra-la-mujer\/#breadcrumb","itemListElement":[{"@type":"ListItem","position":1,"name":"Portada","item":"https:\/\/www.fintonic.com\/blog\/"},{"@type":"ListItem","position":2,"name":"D\u00eda Internacional de la Eliminaci\u00f3n de la Violencia contra la Mujer"}]},{"@type":"WebSite","@id":"https:\/\/www.fintonic.com\/blog\/#website","url":"https:\/\/www.fintonic.com\/blog\/","name":"Fintonic News","description":"","publisher":{"@id":"https:\/\/www.fintonic.com\/blog\/#organization"},"potentialAction":[{"@type":"SearchAction","target":{"@type":"EntryPoint","urlTemplate":"https:\/\/www.fintonic.com\/blog\/?s={search_term_string}"},"query-input":{"@type":"PropertyValueSpecification","valueRequired":true,"valueName":"search_term_string"}}],"inLanguage":"es"},{"@type":"Organization","@id":"https:\/\/www.fintonic.com\/blog\/#organization","name":"Fintonic News","url":"https:\/\/www.fintonic.com\/blog\/","logo":{"@type":"ImageObject","inLanguage":"es","@id":"https:\/\/www.fintonic.com\/blog\/#\/schema\/logo\/image\/","url":"https:\/\/www.fintonic.com\/blog\/wp-content\/uploads\/2024\/03\/cropped-Fintonic_Logo-1-1.png","contentUrl":"https:\/\/www.fintonic.com\/blog\/wp-content\/uploads\/2024\/03\/cropped-Fintonic_Logo-1-1.png","width":512,"height":512,"caption":"Fintonic News"},"image":{"@id":"https:\/\/www.fintonic.com\/blog\/#\/schema\/logo\/image\/"},"sameAs":["https:\/\/www.facebook.com\/Fintonic\/","https:\/\/x.com\/FINTONIC","https:\/\/www.instagram.com\/fintonic_app\/","https:\/\/www.tiktok.com\/@fintonic?lang=es","https:\/\/www.linkedin.com\/company\/fintonic\/mycompany\/","https:\/\/www.youtube.com\/@fintonictv"]},{"@type":"Person","@id":"https:\/\/www.fintonic.com\/blog\/#\/schema\/person\/ddf97a6c293f2dbeed890d3f3d817499","name":"Jorge Jimenez","description":"Tomar buenas decisiones econ\u00f3micas es saber disfrutar la vida","sameAs":["https:\/\/x.com\/JorgeJimenez1"],"jobTitle":"Head of Growth","url":"https:\/\/www.fintonic.com\/blog\/author\/jorge-jimenez\/"}]}},"_links":{"self":[{"href":"https:\/\/www.fintonic.com\/blog\/wp-json\/wp\/v2\/posts\/86687","targetHints":{"allow":["GET"]}}],"collection":[{"href":"https:\/\/www.fintonic.com\/blog\/wp-json\/wp\/v2\/posts"}],"about":[{"href":"https:\/\/www.fintonic.com\/blog\/wp-json\/wp\/v2\/types\/post"}],"author":[{"embeddable":true,"href":"https:\/\/www.fintonic.com\/blog\/wp-json\/wp\/v2\/users\/3"}],"replies":[{"embeddable":true,"href":"https:\/\/www.fintonic.com\/blog\/wp-json\/wp\/v2\/comments?post=86687"}],"version-history":[{"count":12,"href":"https:\/\/www.fintonic.com\/blog\/wp-json\/wp\/v2\/posts\/86687\/revisions"}],"predecessor-version":[{"id":86702,"href":"https:\/\/www.fintonic.com\/blog\/wp-json\/wp\/v2\/posts\/86687\/revisions\/86702"}],"wp:featuredmedia":[{"embeddable":true,"href":"https:\/\/www.fintonic.com\/blog\/wp-json\/wp\/v2\/media\/86694"}],"wp:attachment":[{"href":"https:\/\/www.fintonic.com\/blog\/wp-json\/wp\/v2\/media?parent=86687"}],"wp:term":[{"taxonomy":"category","embeddable":true,"href":"https:\/\/www.fintonic.com\/blog\/wp-json\/wp\/v2\/categories?post=86687"},{"taxonomy":"post_tag","embeddable":true,"href":"https:\/\/www.fintonic.com\/blog\/wp-json\/wp\/v2\/tags?post=86687"}],"curies":[{"name":"wp","href":"https:\/\/api.w.org\/{rel}","templated":true}]}}