{"id":86409,"date":"2024-11-12T17:01:12","date_gmt":"2024-11-12T16:01:12","guid":{"rendered":"https:\/\/www.fintonic.com\/blog\/?p=86409"},"modified":"2024-11-12T17:15:57","modified_gmt":"2024-11-12T16:15:57","slug":"es-momento-de-cuidar-de-los-nuestros","status":"publish","type":"post","link":"https:\/\/www.fintonic.com\/blog\/es-momento-de-cuidar-de-los-nuestros\/","title":{"rendered":"Es momento de cuidar de los nuestros"},"content":{"rendered":"<h1> Es momento de cuidar de los nuestros<\/h1>\n<p>La reciente DANA en Valencia ha dejado cicatrices no solo en la tierra, sino tambi\u00e9n en el coraz\u00f3n de quienes la han vivido de cerca. Creemos que no hay nadie en toda Espa\u00f1a que no haya sentido de alguna manera el impacto de esta cat\u00e1strofe, ya sea material o emocionalmente. En Fintonic tambi\u00e9n lo hemos vivido desde dentro.<\/p>\n<p>Varios miembros del equipo Fintonic han vivido esta situaci\u00f3n en carne propia, incluyendo a Claudia, David, Gianluca y Dan, quienes han pasado d\u00edas dif\u00edciles y han compartido sus experiencias. Todos ellos han mostrado una gran fortaleza y apoyo mutuo, reflejando el esp\u00edritu de resiliencia y solidaridad que caracteriza a nuestro equipo en momentos complicados. <\/p>\n<p>Dan, viviendo cerca de la zona afectada, comparte su experiencia de primera mano:<\/p>\n<p><em>\u201cLo primero que he de decir es que tengo el privilegio y suerte de escribir esto con luz, conexi\u00f3n a internet, mi casa en pie, mi coche funcionando, y con mis vecinos, aunque con carencias, sin lamentar p\u00e9rdidas m\u00e1s all\u00e1 de muros y parcelas rotas.<\/p>\n<p>La tormenta la viv\u00ed con cierto miedo y mucho respeto. Soy un gran amante de la lluvia y las tormentas, y nunca he visto nada as\u00ed (hemos roto el r\u00e9cord de litros\/m2 de Espa\u00f1a aqu\u00ed en Tur\u00eds). Mi casa es de reciente construcci\u00f3n y con buena evacuaci\u00f3n de aguas y, aun as\u00ed, el agua estaba entrando por todas las ventanas y puertas.<\/p>\n<p>Al principio no entend\u00eda la magnitud de la cat\u00e1strofe, hasta que empezaron a llegar v\u00eddeos de vecinos y alrededores. Todo era un mar, un enorme r\u00edo furibundo; nuestra carretera desapareci\u00f3. Mi gran preocupaci\u00f3n era mi novia, que tuvo problemas para que su empresa le dejara salir antes de su hora; finalmente, lo consigui\u00f3 y se salv\u00f3 por los pelos (menos de una hora).\u201d<\/em><\/p>\n<p>Nuestros compa\u00f1eros en Fintonic han actuado con determinaci\u00f3n, organizando colectas y enviando apoyo directo a Valencia para contribuir en la reconstrucci\u00f3n de tantas vidas afectadas. Esto es lo que hemos hecho juntos:<\/p>\n<ul>\n<li><strong>Recolecci\u00f3n de alimentos y productos b\u00e1sicos:<\/strong> Liderados por Ver\u00f3nica, lanzamos una campa\u00f1a solidaria para recolectar productos de primera necesidad. La respuesta del equipo no se hizo esperar. El 7 de noviembre entregamos estos productos en el punto de recogida en Madrid para los afectados por la DANA en Valencia. Aqu\u00ed compartimos algunas fotos de esta iniciativa solidaria\u2026<\/li>\n<p><img fetchpriority=\"high\" decoding=\"async\" src=\"https:\/\/www.fintonic.com\/blog\/wp-content\/uploads\/2024\/11\/la-dana.png\" alt=\"\" width=\"1748\" height=\"1244\" class=\"alignnone size-full wp-image-86414\" srcset=\"https:\/\/www.fintonic.com\/blog\/wp-content\/uploads\/2024\/11\/la-dana.png 1748w, https:\/\/www.fintonic.com\/blog\/wp-content\/uploads\/2024\/11\/la-dana-300x214.png 300w, https:\/\/www.fintonic.com\/blog\/wp-content\/uploads\/2024\/11\/la-dana-1024x729.png 1024w, https:\/\/www.fintonic.com\/blog\/wp-content\/uploads\/2024\/11\/la-dana-768x547.png 768w, https:\/\/www.fintonic.com\/blog\/wp-content\/uploads\/2024\/11\/la-dana-1536x1093.png 1536w, https:\/\/www.fintonic.com\/blog\/wp-content\/uploads\/2024\/11\/la-dana-1170x833.png 1170w, https:\/\/www.fintonic.com\/blog\/wp-content\/uploads\/2024\/11\/la-dana-585x416.png 585w\" sizes=\"(max-width: 1748px) 100vw, 1748px\" \/><\/p>\n<li><strong>Donaci\u00f3n de la cesta navide\u00f1a: <\/strong>En Espa\u00f1a, es tradici\u00f3n recibir una cesta navide\u00f1a, pero este a\u00f1o decidimos anteponer la solidaridad a la costumbre. Casi la mitad del equipo de Fintonic ha optado por donar el valor de su cesta para apoyar a los afectados por la DANA, como una muestra de humanidad y compromiso en un momento en que nuestra ayuda es m\u00e1s necesaria que nunca.<\/li>\n<li><strong>Aportaci\u00f3n econ\u00f3mica:<\/strong> Adem\u00e1s de la ayuda material, hemos hecho una contribuci\u00f3n econ\u00f3mica a varias ONGs que est\u00e1n trabajando incansablemente para restaurar la normalidad en las zonas afectadas. Con esta donaci\u00f3n, queremos aportar un granito de arena a quienes est\u00e1n en el terreno ayudando. <\/li>\n<\/ul>\n<p><img decoding=\"async\" src=\"https:\/\/www.fintonic.com\/blog\/wp-content\/uploads\/2024\/11\/valencia-dana.png\" alt=\"\" width=\"1751\" height=\"1026\" class=\"alignnone size-full wp-image-86415\" srcset=\"https:\/\/www.fintonic.com\/blog\/wp-content\/uploads\/2024\/11\/valencia-dana.png 1751w, https:\/\/www.fintonic.com\/blog\/wp-content\/uploads\/2024\/11\/valencia-dana-300x176.png 300w, https:\/\/www.fintonic.com\/blog\/wp-content\/uploads\/2024\/11\/valencia-dana-1024x600.png 1024w, https:\/\/www.fintonic.com\/blog\/wp-content\/uploads\/2024\/11\/valencia-dana-768x450.png 768w, https:\/\/www.fintonic.com\/blog\/wp-content\/uploads\/2024\/11\/valencia-dana-1536x900.png 1536w, https:\/\/www.fintonic.com\/blog\/wp-content\/uploads\/2024\/11\/valencia-dana-1170x686.png 1170w, https:\/\/www.fintonic.com\/blog\/wp-content\/uploads\/2024\/11\/valencia-dana-585x343.png 585w\" sizes=\"(max-width: 1751px) 100vw, 1751px\" \/><\/p>\n<p>Si a\u00fan no has tenido oportunidad de aportar, aqu\u00ed te dejamos un listado de entidades donde tu ayuda marcar\u00e1 la diferencia. Tu contribuci\u00f3n, grande o peque\u00f1a, suma en la reconstrucci\u00f3n de muchas vidas.<\/p>\n<p><a href=\"https:\/\/www.savethechildren.es\/\">Save The Children<\/a> | <a href=\"https:\/\/adra-es.org\/\">ADRA<\/a> | <a href=\"https:\/\/proyectobutterfly.org\/dana-valencia\/\">Proyecto Butterfly<\/a> | <a href=\"https:\/\/www.medicosdelmundo.org\/realizar-donacion\/?utm_source=v1mp&#038;utm_medium=sem-prs-60&#038;utm_campaign=always-on-marca&#038;tc_alt=87241&#038;n_o_pst=n_o_pst&#038;nokw=medicos%20por%20el%20mundo_e__c_150377892452&#038;gad_source=1&#038;gclid=Cj0KCQiA88a5BhDPARIsAFj595jAgAYsYlKAZPNJuFbkhUcbGGrHbAe8_rkQYKIPoqEIMOH3i3sTZJAaAnuJEALw_wcB\">M\u00e9dicos del mundo<\/a> | <a href=\"https:\/\/www.caritas.es\/\">C\u00e1ritas<\/a><\/p>\n<p>Con esta publicaci\u00f3n buscamos dos cosas: primero, sembrar en tu coraz\u00f3n el deseo de ayudar, si a\u00fan no lo has hecho, y recordarte que est\u00e1s a tiempo de sumarte a la reconstrucci\u00f3n de las vidas de miles de personas afectadas.<\/p>\n<p>Y, en segundo lugar, queremos rendir un homenaje a aquellos que, con sus propios medios y fuerzas, han puesto su coraz\u00f3n en ayudar a los que m\u00e1s lo necesitan.<\/p>\n<p>Cada ayuda cuenta. Juntos, podemos devolver la esperanza a quienes m\u00e1s lo necesitan. Si a\u00fan no has colaborado, est\u00e1s a tiempo de hacer la diferencia.<\/p>\n<p>Y queremos cerrar esta publicaci\u00f3n con las palabras de Dan nuevamente: <\/p>\n<p><em>\u201cHe tenido amigos desplazados de sus casas, eso s\u00ed, es una tragedia que afecta a miles y miles de personas y sigue costando ver las dimensiones de la destrucci\u00f3n y da\u00f1os, tanto en vidas como materiales.<\/p>\n<p>Estamos sin agua todav\u00eda (as\u00ed como en otras poblaciones y diseminados) y con algunos cortes de luz, ayud\u00e1ndonos entre vecinos y nosotros mismos siendo responsables de los arreglos, a\u00fan no ha venido ning\u00fan servicio de emergencia, as\u00ed que estamos solos, como muchos otros. <strong>Pero nos tenemos los unos a los otros.<\/strong>\u00bb <\/em><\/p>\n","protected":false},"excerpt":{"rendered":"<p>Es momento de cuidar de los nuestros La reciente DANA en Valencia ha dejado cicatrices no solo en la tierra, sino tambi\u00e9n en el coraz\u00f3n de quienes la han vivido de cerca. Creemos que no hay nadie en toda Espa\u00f1a que no haya sentido de alguna manera el impacto de esta cat\u00e1strofe, ya sea material [&hellip;]<\/p>\n","protected":false},"author":3,"featured_media":86413,"comment_status":"open","ping_status":"open","sticky":false,"template":"","format":"standard","meta":{"footnotes":""},"categories":[20],"tags":[],"class_list":["post-86409","post","type-post","status-publish","format-standard","has-post-thumbnail","hentry","category-mundo-fintonic"],"yoast_head":"<!-- This site is optimized with the Yoast SEO Premium plugin v27.2 (Yoast SEO v27.5) - https:\/\/yoast.com\/product\/yoast-seo-premium-wordpress\/ -->\n<title>Es momento de cuidar de los nuestros - Fintonic News<\/title>\n<meta name=\"description\" content=\"Esta publicaci\u00f3n es un homenaje a aquellos que, con sus propios medios y fuerzas, han puesto su coraz\u00f3n en ayudar a los que m\u00e1s lo necesitan.\" \/>\n<meta name=\"robots\" content=\"index, follow, max-snippet:-1, max-image-preview:large, max-video-preview:-1\" \/>\n<link rel=\"canonical\" href=\"https:\/\/www.fintonic.com\/blog\/es-momento-de-cuidar-de-los-nuestros\/\" \/>\n<meta property=\"og:locale\" content=\"es_ES\" \/>\n<meta property=\"og:type\" content=\"article\" \/>\n<meta property=\"og:title\" content=\"Es momento de cuidar de los nuestros\" \/>\n<meta property=\"og:description\" content=\"Esta publicaci\u00f3n es un homenaje a aquellos que, con sus propios medios y fuerzas, han puesto su coraz\u00f3n en ayudar a los que m\u00e1s lo necesitan.\" \/>\n<meta property=\"og:url\" content=\"https:\/\/www.fintonic.com\/blog\/es-momento-de-cuidar-de-los-nuestros\/\" \/>\n<meta property=\"og:site_name\" content=\"Fintonic News\" \/>\n<meta property=\"article:publisher\" content=\"https:\/\/www.facebook.com\/Fintonic\/\" \/>\n<meta property=\"article:published_time\" content=\"2024-11-12T16:01:12+00:00\" \/>\n<meta property=\"article:modified_time\" content=\"2024-11-12T16:15:57+00:00\" \/>\n<meta property=\"og:image\" content=\"https:\/\/www.fintonic.com\/blog\/wp-content\/uploads\/2024\/11\/ayuda-dana.png\" \/>\n\t<meta property=\"og:image:width\" content=\"1338\" \/>\n\t<meta property=\"og:image:height\" content=\"752\" \/>\n\t<meta property=\"og:image:type\" content=\"image\/png\" \/>\n<meta name=\"author\" content=\"Jorge Jimenez\" \/>\n<meta name=\"twitter:card\" content=\"summary_large_image\" \/>\n<meta name=\"twitter:description\" content=\"Esta publicaci\u00f3n es un homenaje a aquellos que, con sus propios medios y fuerzas, han puesto su coraz\u00f3n en ayudar a los que m\u00e1s lo necesitan.\" \/>\n<meta name=\"twitter:creator\" content=\"@JorgeJimenez1\" \/>\n<meta name=\"twitter:site\" content=\"@FINTONIC\" \/>\n<meta name=\"twitter:label1\" content=\"Escrito por\" \/>\n\t<meta name=\"twitter:data1\" content=\"Jorge Jimenez\" \/>\n\t<meta name=\"twitter:label2\" content=\"Tiempo de lectura\" \/>\n\t<meta name=\"twitter:data2\" content=\"4 minutos\" \/>\n<script type=\"application\/ld+json\" class=\"yoast-schema-graph\">{\"@context\":\"https:\\\/\\\/schema.org\",\"@graph\":[{\"@type\":\"Article\",\"@id\":\"https:\\\/\\\/www.fintonic.com\\\/blog\\\/es-momento-de-cuidar-de-los-nuestros\\\/#article\",\"isPartOf\":{\"@id\":\"https:\\\/\\\/www.fintonic.com\\\/blog\\\/es-momento-de-cuidar-de-los-nuestros\\\/\"},\"author\":{\"name\":\"Jorge Jimenez\",\"@id\":\"https:\\\/\\\/www.fintonic.com\\\/blog\\\/#\\\/schema\\\/person\\\/ddf97a6c293f2dbeed890d3f3d817499\"},\"headline\":\"Es momento de cuidar de los nuestros\",\"datePublished\":\"2024-11-12T16:01:12+00:00\",\"dateModified\":\"2024-11-12T16:15:57+00:00\",\"mainEntityOfPage\":{\"@id\":\"https:\\\/\\\/www.fintonic.com\\\/blog\\\/es-momento-de-cuidar-de-los-nuestros\\\/\"},\"wordCount\":809,\"commentCount\":0,\"publisher\":{\"@id\":\"https:\\\/\\\/www.fintonic.com\\\/blog\\\/#organization\"},\"image\":{\"@id\":\"https:\\\/\\\/www.fintonic.com\\\/blog\\\/es-momento-de-cuidar-de-los-nuestros\\\/#primaryimage\"},\"thumbnailUrl\":\"https:\\\/\\\/www.fintonic.com\\\/blog\\\/wp-content\\\/uploads\\\/2024\\\/11\\\/ayuda-dana.png\",\"articleSection\":[\"Mundo Fintonic\"],\"inLanguage\":\"es\",\"potentialAction\":[{\"@type\":\"CommentAction\",\"name\":\"Comment\",\"target\":[\"https:\\\/\\\/www.fintonic.com\\\/blog\\\/es-momento-de-cuidar-de-los-nuestros\\\/#respond\"]}]},{\"@type\":\"WebPage\",\"@id\":\"https:\\\/\\\/www.fintonic.com\\\/blog\\\/es-momento-de-cuidar-de-los-nuestros\\\/\",\"url\":\"https:\\\/\\\/www.fintonic.com\\\/blog\\\/es-momento-de-cuidar-de-los-nuestros\\\/\",\"name\":\"Es momento de cuidar de los nuestros - Fintonic News\",\"isPartOf\":{\"@id\":\"https:\\\/\\\/www.fintonic.com\\\/blog\\\/#website\"},\"primaryImageOfPage\":{\"@id\":\"https:\\\/\\\/www.fintonic.com\\\/blog\\\/es-momento-de-cuidar-de-los-nuestros\\\/#primaryimage\"},\"image\":{\"@id\":\"https:\\\/\\\/www.fintonic.com\\\/blog\\\/es-momento-de-cuidar-de-los-nuestros\\\/#primaryimage\"},\"thumbnailUrl\":\"https:\\\/\\\/www.fintonic.com\\\/blog\\\/wp-content\\\/uploads\\\/2024\\\/11\\\/ayuda-dana.png\",\"datePublished\":\"2024-11-12T16:01:12+00:00\",\"dateModified\":\"2024-11-12T16:15:57+00:00\",\"description\":\"Esta publicaci\u00f3n es un homenaje a aquellos que, con sus propios medios y fuerzas, han puesto su coraz\u00f3n en ayudar a los que m\u00e1s lo necesitan.\",\"breadcrumb\":{\"@id\":\"https:\\\/\\\/www.fintonic.com\\\/blog\\\/es-momento-de-cuidar-de-los-nuestros\\\/#breadcrumb\"},\"inLanguage\":\"es\",\"potentialAction\":[{\"@type\":\"ReadAction\",\"target\":[\"https:\\\/\\\/www.fintonic.com\\\/blog\\\/es-momento-de-cuidar-de-los-nuestros\\\/\"]}]},{\"@type\":\"ImageObject\",\"inLanguage\":\"es\",\"@id\":\"https:\\\/\\\/www.fintonic.com\\\/blog\\\/es-momento-de-cuidar-de-los-nuestros\\\/#primaryimage\",\"url\":\"https:\\\/\\\/www.fintonic.com\\\/blog\\\/wp-content\\\/uploads\\\/2024\\\/11\\\/ayuda-dana.png\",\"contentUrl\":\"https:\\\/\\\/www.fintonic.com\\\/blog\\\/wp-content\\\/uploads\\\/2024\\\/11\\\/ayuda-dana.png\",\"width\":1338,\"height\":752},{\"@type\":\"BreadcrumbList\",\"@id\":\"https:\\\/\\\/www.fintonic.com\\\/blog\\\/es-momento-de-cuidar-de-los-nuestros\\\/#breadcrumb\",\"itemListElement\":[{\"@type\":\"ListItem\",\"position\":1,\"name\":\"Portada\",\"item\":\"https:\\\/\\\/www.fintonic.com\\\/blog\\\/\"},{\"@type\":\"ListItem\",\"position\":2,\"name\":\"Es momento de cuidar de los nuestros\"}]},{\"@type\":\"WebSite\",\"@id\":\"https:\\\/\\\/www.fintonic.com\\\/blog\\\/#website\",\"url\":\"https:\\\/\\\/www.fintonic.com\\\/blog\\\/\",\"name\":\"Fintonic News\",\"description\":\"\",\"publisher\":{\"@id\":\"https:\\\/\\\/www.fintonic.com\\\/blog\\\/#organization\"},\"potentialAction\":[{\"@type\":\"SearchAction\",\"target\":{\"@type\":\"EntryPoint\",\"urlTemplate\":\"https:\\\/\\\/www.fintonic.com\\\/blog\\\/?s={search_term_string}\"},\"query-input\":{\"@type\":\"PropertyValueSpecification\",\"valueRequired\":true,\"valueName\":\"search_term_string\"}}],\"inLanguage\":\"es\"},{\"@type\":\"Organization\",\"@id\":\"https:\\\/\\\/www.fintonic.com\\\/blog\\\/#organization\",\"name\":\"Fintonic News\",\"url\":\"https:\\\/\\\/www.fintonic.com\\\/blog\\\/\",\"logo\":{\"@type\":\"ImageObject\",\"inLanguage\":\"es\",\"@id\":\"https:\\\/\\\/www.fintonic.com\\\/blog\\\/#\\\/schema\\\/logo\\\/image\\\/\",\"url\":\"https:\\\/\\\/www.fintonic.com\\\/blog\\\/wp-content\\\/uploads\\\/2024\\\/03\\\/cropped-Fintonic_Logo-1-1.png\",\"contentUrl\":\"https:\\\/\\\/www.fintonic.com\\\/blog\\\/wp-content\\\/uploads\\\/2024\\\/03\\\/cropped-Fintonic_Logo-1-1.png\",\"width\":512,\"height\":512,\"caption\":\"Fintonic News\"},\"image\":{\"@id\":\"https:\\\/\\\/www.fintonic.com\\\/blog\\\/#\\\/schema\\\/logo\\\/image\\\/\"},\"sameAs\":[\"https:\\\/\\\/www.facebook.com\\\/Fintonic\\\/\",\"https:\\\/\\\/x.com\\\/FINTONIC\",\"https:\\\/\\\/www.instagram.com\\\/fintonic_app\\\/\",\"https:\\\/\\\/www.tiktok.com\\\/@fintonic?lang=es\",\"https:\\\/\\\/www.linkedin.com\\\/company\\\/fintonic\\\/mycompany\\\/\",\"https:\\\/\\\/www.youtube.com\\\/@fintonictv\"]},{\"@type\":\"Person\",\"@id\":\"https:\\\/\\\/www.fintonic.com\\\/blog\\\/#\\\/schema\\\/person\\\/ddf97a6c293f2dbeed890d3f3d817499\",\"name\":\"Jorge Jimenez\",\"description\":\"Tomar buenas decisiones econ\u00f3micas es saber disfrutar la vida\",\"sameAs\":[\"https:\\\/\\\/x.com\\\/JorgeJimenez1\"],\"jobTitle\":\"Head of Growth\",\"url\":\"https:\\\/\\\/www.fintonic.com\\\/blog\\\/author\\\/jorge-jimenez\\\/\"}]}<\/script>\n<!-- \/ Yoast SEO Premium plugin. -->","yoast_head_json":{"title":"Es momento de cuidar de los nuestros - Fintonic News","description":"Esta publicaci\u00f3n es un homenaje a aquellos que, con sus propios medios y fuerzas, han puesto su coraz\u00f3n en ayudar a los que m\u00e1s lo necesitan.","robots":{"index":"index","follow":"follow","max-snippet":"max-snippet:-1","max-image-preview":"max-image-preview:large","max-video-preview":"max-video-preview:-1"},"canonical":"https:\/\/www.fintonic.com\/blog\/es-momento-de-cuidar-de-los-nuestros\/","og_locale":"es_ES","og_type":"article","og_title":"Es momento de cuidar de los nuestros","og_description":"Esta publicaci\u00f3n es un homenaje a aquellos que, con sus propios medios y fuerzas, han puesto su coraz\u00f3n en ayudar a los que m\u00e1s lo necesitan.","og_url":"https:\/\/www.fintonic.com\/blog\/es-momento-de-cuidar-de-los-nuestros\/","og_site_name":"Fintonic News","article_publisher":"https:\/\/www.facebook.com\/Fintonic\/","article_published_time":"2024-11-12T16:01:12+00:00","article_modified_time":"2024-11-12T16:15:57+00:00","og_image":[{"width":1338,"height":752,"url":"https:\/\/www.fintonic.com\/blog\/wp-content\/uploads\/2024\/11\/ayuda-dana.png","type":"image\/png"}],"author":"Jorge Jimenez","twitter_card":"summary_large_image","twitter_description":"Esta publicaci\u00f3n es un homenaje a aquellos que, con sus propios medios y fuerzas, han puesto su coraz\u00f3n en ayudar a los que m\u00e1s lo necesitan.","twitter_creator":"@JorgeJimenez1","twitter_site":"@FINTONIC","twitter_misc":{"Escrito por":"Jorge Jimenez","Tiempo de lectura":"4 minutos"},"schema":{"@context":"https:\/\/schema.org","@graph":[{"@type":"Article","@id":"https:\/\/www.fintonic.com\/blog\/es-momento-de-cuidar-de-los-nuestros\/#article","isPartOf":{"@id":"https:\/\/www.fintonic.com\/blog\/es-momento-de-cuidar-de-los-nuestros\/"},"author":{"name":"Jorge Jimenez","@id":"https:\/\/www.fintonic.com\/blog\/#\/schema\/person\/ddf97a6c293f2dbeed890d3f3d817499"},"headline":"Es momento de cuidar de los nuestros","datePublished":"2024-11-12T16:01:12+00:00","dateModified":"2024-11-12T16:15:57+00:00","mainEntityOfPage":{"@id":"https:\/\/www.fintonic.com\/blog\/es-momento-de-cuidar-de-los-nuestros\/"},"wordCount":809,"commentCount":0,"publisher":{"@id":"https:\/\/www.fintonic.com\/blog\/#organization"},"image":{"@id":"https:\/\/www.fintonic.com\/blog\/es-momento-de-cuidar-de-los-nuestros\/#primaryimage"},"thumbnailUrl":"https:\/\/www.fintonic.com\/blog\/wp-content\/uploads\/2024\/11\/ayuda-dana.png","articleSection":["Mundo Fintonic"],"inLanguage":"es","potentialAction":[{"@type":"CommentAction","name":"Comment","target":["https:\/\/www.fintonic.com\/blog\/es-momento-de-cuidar-de-los-nuestros\/#respond"]}]},{"@type":"WebPage","@id":"https:\/\/www.fintonic.com\/blog\/es-momento-de-cuidar-de-los-nuestros\/","url":"https:\/\/www.fintonic.com\/blog\/es-momento-de-cuidar-de-los-nuestros\/","name":"Es momento de cuidar de los nuestros - Fintonic News","isPartOf":{"@id":"https:\/\/www.fintonic.com\/blog\/#website"},"primaryImageOfPage":{"@id":"https:\/\/www.fintonic.com\/blog\/es-momento-de-cuidar-de-los-nuestros\/#primaryimage"},"image":{"@id":"https:\/\/www.fintonic.com\/blog\/es-momento-de-cuidar-de-los-nuestros\/#primaryimage"},"thumbnailUrl":"https:\/\/www.fintonic.com\/blog\/wp-content\/uploads\/2024\/11\/ayuda-dana.png","datePublished":"2024-11-12T16:01:12+00:00","dateModified":"2024-11-12T16:15:57+00:00","description":"Esta publicaci\u00f3n es un homenaje a aquellos que, con sus propios medios y fuerzas, han puesto su coraz\u00f3n en ayudar a los que m\u00e1s lo necesitan.","breadcrumb":{"@id":"https:\/\/www.fintonic.com\/blog\/es-momento-de-cuidar-de-los-nuestros\/#breadcrumb"},"inLanguage":"es","potentialAction":[{"@type":"ReadAction","target":["https:\/\/www.fintonic.com\/blog\/es-momento-de-cuidar-de-los-nuestros\/"]}]},{"@type":"ImageObject","inLanguage":"es","@id":"https:\/\/www.fintonic.com\/blog\/es-momento-de-cuidar-de-los-nuestros\/#primaryimage","url":"https:\/\/www.fintonic.com\/blog\/wp-content\/uploads\/2024\/11\/ayuda-dana.png","contentUrl":"https:\/\/www.fintonic.com\/blog\/wp-content\/uploads\/2024\/11\/ayuda-dana.png","width":1338,"height":752},{"@type":"BreadcrumbList","@id":"https:\/\/www.fintonic.com\/blog\/es-momento-de-cuidar-de-los-nuestros\/#breadcrumb","itemListElement":[{"@type":"ListItem","position":1,"name":"Portada","item":"https:\/\/www.fintonic.com\/blog\/"},{"@type":"ListItem","position":2,"name":"Es momento de cuidar de los nuestros"}]},{"@type":"WebSite","@id":"https:\/\/www.fintonic.com\/blog\/#website","url":"https:\/\/www.fintonic.com\/blog\/","name":"Fintonic News","description":"","publisher":{"@id":"https:\/\/www.fintonic.com\/blog\/#organization"},"potentialAction":[{"@type":"SearchAction","target":{"@type":"EntryPoint","urlTemplate":"https:\/\/www.fintonic.com\/blog\/?s={search_term_string}"},"query-input":{"@type":"PropertyValueSpecification","valueRequired":true,"valueName":"search_term_string"}}],"inLanguage":"es"},{"@type":"Organization","@id":"https:\/\/www.fintonic.com\/blog\/#organization","name":"Fintonic News","url":"https:\/\/www.fintonic.com\/blog\/","logo":{"@type":"ImageObject","inLanguage":"es","@id":"https:\/\/www.fintonic.com\/blog\/#\/schema\/logo\/image\/","url":"https:\/\/www.fintonic.com\/blog\/wp-content\/uploads\/2024\/03\/cropped-Fintonic_Logo-1-1.png","contentUrl":"https:\/\/www.fintonic.com\/blog\/wp-content\/uploads\/2024\/03\/cropped-Fintonic_Logo-1-1.png","width":512,"height":512,"caption":"Fintonic News"},"image":{"@id":"https:\/\/www.fintonic.com\/blog\/#\/schema\/logo\/image\/"},"sameAs":["https:\/\/www.facebook.com\/Fintonic\/","https:\/\/x.com\/FINTONIC","https:\/\/www.instagram.com\/fintonic_app\/","https:\/\/www.tiktok.com\/@fintonic?lang=es","https:\/\/www.linkedin.com\/company\/fintonic\/mycompany\/","https:\/\/www.youtube.com\/@fintonictv"]},{"@type":"Person","@id":"https:\/\/www.fintonic.com\/blog\/#\/schema\/person\/ddf97a6c293f2dbeed890d3f3d817499","name":"Jorge Jimenez","description":"Tomar buenas decisiones econ\u00f3micas es saber disfrutar la vida","sameAs":["https:\/\/x.com\/JorgeJimenez1"],"jobTitle":"Head of Growth","url":"https:\/\/www.fintonic.com\/blog\/author\/jorge-jimenez\/"}]}},"_links":{"self":[{"href":"https:\/\/www.fintonic.com\/blog\/wp-json\/wp\/v2\/posts\/86409","targetHints":{"allow":["GET"]}}],"collection":[{"href":"https:\/\/www.fintonic.com\/blog\/wp-json\/wp\/v2\/posts"}],"about":[{"href":"https:\/\/www.fintonic.com\/blog\/wp-json\/wp\/v2\/types\/post"}],"author":[{"embeddable":true,"href":"https:\/\/www.fintonic.com\/blog\/wp-json\/wp\/v2\/users\/3"}],"replies":[{"embeddable":true,"href":"https:\/\/www.fintonic.com\/blog\/wp-json\/wp\/v2\/comments?post=86409"}],"version-history":[{"count":9,"href":"https:\/\/www.fintonic.com\/blog\/wp-json\/wp\/v2\/posts\/86409\/revisions"}],"predecessor-version":[{"id":86422,"href":"https:\/\/www.fintonic.com\/blog\/wp-json\/wp\/v2\/posts\/86409\/revisions\/86422"}],"wp:featuredmedia":[{"embeddable":true,"href":"https:\/\/www.fintonic.com\/blog\/wp-json\/wp\/v2\/media\/86413"}],"wp:attachment":[{"href":"https:\/\/www.fintonic.com\/blog\/wp-json\/wp\/v2\/media?parent=86409"}],"wp:term":[{"taxonomy":"category","embeddable":true,"href":"https:\/\/www.fintonic.com\/blog\/wp-json\/wp\/v2\/categories?post=86409"},{"taxonomy":"post_tag","embeddable":true,"href":"https:\/\/www.fintonic.com\/blog\/wp-json\/wp\/v2\/tags?post=86409"}],"curies":[{"name":"wp","href":"https:\/\/api.w.org\/{rel}","templated":true}]}}