{"id":86369,"date":"2024-11-11T15:47:25","date_gmt":"2024-11-11T14:47:25","guid":{"rendered":"https:\/\/www.fintonic.com\/blog\/?p=86369"},"modified":"2024-11-11T16:40:40","modified_gmt":"2024-11-11T15:40:40","slug":"crecimiento-desigual-el-reto-del-consumo-privado-en-espana","status":"publish","type":"post","link":"https:\/\/www.fintonic.com\/blog\/crecimiento-desigual-el-reto-del-consumo-privado-en-espana\/","title":{"rendered":"Crecimiento desigual: el reto del consumo privado en Espa\u00f1a"},"content":{"rendered":"<p>Aunque la econom\u00eda espa\u00f1ola ha superado los niveles pre-pandemia en indicadores clave como el PIB per c\u00e1pita, el consumo privado sigue rezagado. En un reciente an\u00e1lisis de BBVA Research, liderado por Rafael Dom\u00e9nech, se expone c\u00f3mo el consumo per c\u00e1pita a\u00fan no alcanza las cifras de finales de 2019. Esta divergencia entre crecimiento econ\u00f3mico y gasto de los hogares revela patrones de consumo que van m\u00e1s all\u00e1 de los simples n\u00fameros y reflejan cambios profundos en el comportamiento de los consumidores espa\u00f1oles.<\/p>\n<p><img fetchpriority=\"high\" decoding=\"async\" src=\"https:\/\/www.fintonic.com\/blog\/wp-content\/uploads\/2024\/11\/Captura-de-pantalla-2024-11-11-153924.png\" alt=\"\u00bfPor qu\u00e9 noviembre es un buen mes para realizar compras?\" width=\"712\" height=\"612\" class=\"alignnone size-full wp-image-86370\" srcset=\"https:\/\/www.fintonic.com\/blog\/wp-content\/uploads\/2024\/11\/Captura-de-pantalla-2024-11-11-153924.png 712w, https:\/\/www.fintonic.com\/blog\/wp-content\/uploads\/2024\/11\/Captura-de-pantalla-2024-11-11-153924-300x258.png 300w, https:\/\/www.fintonic.com\/blog\/wp-content\/uploads\/2024\/11\/Captura-de-pantalla-2024-11-11-153924-585x503.png 585w\" sizes=\"(max-width: 712px) 100vw, 712px\" \/><\/p>\n<h2>\u00bfPor qu\u00e9 consumimos menos y ahorramos m\u00e1s?<\/h2>\n<p>Un vistazo a los datos muestra que el incremento en la renta y la riqueza est\u00e1 m\u00e1s concentrado en la poblaci\u00f3n de m\u00e1s de 65 a\u00f1os, un grupo que, por naturaleza, consume menos y prefiere ahorrar. Esta tendencia es preocupante porque refleja una desigualdad generacional: los mayores, que ya han consolidado su posici\u00f3n econ\u00f3mica, son los principales beneficiarios de esta mejora, mientras que los j\u00f3venes, que enfrentan dificultades para alcanzar una estabilidad econ\u00f3mica y para <a href=\"https:\/\/www.fintonic.com\/blog\/por-que-es-tan-dificil-encontrar-una-vivienda-en-espana\/\">acceder a una vivienda<\/a>, encuentran cada vez m\u00e1s obst\u00e1culos. Esto plantea una pregunta sobre c\u00f3mo podemos crear oportunidades m\u00e1s equitativas, especialmente para las nuevas generaciones.<\/p>\n<p>En paralelo, los patrones de consumo de la poblaci\u00f3n migrante \u2013que ha sido la principal fuente de crecimiento de la poblaci\u00f3n activa desde 2021\u2013 tambi\u00e9n influyen en la demanda agregada. Muchos migrantes tienden a ser m\u00e1s cautelosos, destinando una parte importante de su renta al ahorro o al env\u00edo de remesas a sus pa\u00edses de origen. Este comportamiento, que refleja un fuerte v\u00ednculo con sus familias y comunidades, tambi\u00e9n es una respuesta l\u00f3gica en un contexto de inestabilidad econ\u00f3mica. Al entender mejor estas din\u00e1micas y apoyar el bienestar financiero de esta poblaci\u00f3n, podemos contribuir a una econom\u00eda m\u00e1s inclusiva y din\u00e1mica.<\/p>\n<h2>Factores de incertidumbre que frenan el consumo<\/h2>\n<p>Otro obst\u00e1culo que limita la recuperaci\u00f3n del consumo es la incertidumbre regulatoria y tecnol\u00f3gica. La falta de claridad en pol\u00edticas relacionadas con sectores clave, como la transici\u00f3n hacia el veh\u00edculo el\u00e9ctrico, ha generado dudas entre los consumidores, que optan por posponer decisiones de compra importantes. Muchos espa\u00f1oles se resisten a adquirir un coche nuevo, no solo por la inversi\u00f3n significativa que implica, sino tambi\u00e9n por la falta de una normativa estable y la percepci\u00f3n de que esta tecnolog\u00eda a\u00fan es inmadura. Esto no solo afecta al sector de automoci\u00f3n, sino tambi\u00e9n a otros mercados donde el consumidor prefiere esperar antes de comprometer su dinero.<\/p>\n<p>Aunque en los \u00faltimos meses la inflaci\u00f3n y los tipos de inter\u00e9s han mostrado signos de calma, el acceso a la financiaci\u00f3n sigue siendo un reto para muchas personas. En <a href=\"https:\/\/fintonic.com\/prestamos\/\">Fintonic<\/a>, sabemos que ayudar a nuestros usuarios a acceder a la financiaci\u00f3n de manera responsable y transparente es crucial. Es un foco clave de nuestro trabajo porque, sin un acceso adecuado, muchos hogares no pueden realizar los proyectos o adquirir los bienes que necesitan para mejorar su calidad de vida.<\/p>\n<h2>Nuevos patrones de consumo en una econom\u00eda que cambia<\/h2>\n<p>El escenario actual apunta a una transformaci\u00f3n en los patrones de consumo en Espa\u00f1a. Con una poblaci\u00f3n cada vez m\u00e1s envejecida, es probable que el ahorro siga ocupando un lugar prioritario en las decisiones financieras de muchos hogares. Adem\u00e1s, la digitalizaci\u00f3n y la automatizaci\u00f3n est\u00e1n facilitando el acceso a herramientas financieras que permiten controlar y cuidar el dinero de manera m\u00e1s eficiente, lo que tambi\u00e9n puede llevar a decisiones de consumo m\u00e1s calculadas.<\/p>\n<p>Por otro lado, en un contexto de cambios econ\u00f3micos y sociales, se hace cada vez m\u00e1s necesario que los reguladores y el sector privado trabajen en conjunto para reducir la incertidumbre y fomentar un entorno donde los consumidores se sientan seguros para gastar. Aumentar la confianza de los consumidores, ya sea mediante pol\u00edticas de est\u00edmulo, incentivos para la compra de bienes duraderos o clarificaciones regulatorias, puede ser clave para revitalizar el consumo privado y, con ello, contribuir al crecimiento econ\u00f3mico sostenible.<\/p>\n<h2>Conclusi\u00f3n<\/h2>\n<p>La recuperaci\u00f3n del consumo privado en Espa\u00f1a no es simplemente una cuesti\u00f3n de tiempo, sino de adaptaci\u00f3n a nuevos comportamientos y estructuras sociales. Los datos de BBVA Research son un recordatorio de los desaf\u00edos que enfrentamos, pero tambi\u00e9n una invitaci\u00f3n a repensar las estrategias para estimular el gasto en un contexto donde el ahorro y la prudencia predominan. La clave estar\u00e1 en encontrar ese equilibrio entre estabilidad y est\u00edmulo que permita a los hogares espa\u00f1oles consumir con confianza, sin perder de vista la necesidad de cuidar de su bienestar financiero a largo plazo.<\/p>\n<p><!-- Created with Elementor --><\/p>\n","protected":false},"excerpt":{"rendered":"<p>Aunque la econom\u00eda espa\u00f1ola ha superado los niveles pre-pandemia en indicadores clave como el PIB per c\u00e1pita, el consumo privado sigue rezagado. En un reciente an\u00e1lisis de BBVA Research, liderado por Rafael Dom\u00e9nech, se expone c\u00f3mo el consumo per c\u00e1pita a\u00fan no alcanza las cifras de finales de 2019. Esta divergencia entre crecimiento econ\u00f3mico y [&hellip;]<\/p>\n","protected":false},"author":12,"featured_media":86378,"comment_status":"open","ping_status":"open","sticky":false,"template":"","format":"standard","meta":{"footnotes":""},"categories":[54],"tags":[],"class_list":["post-86369","post","type-post","status-publish","format-standard","has-post-thumbnail","hentry","category-ahorro"],"yoast_head":"<!-- This site is optimized with the Yoast SEO Premium plugin v27.2 (Yoast SEO v27.5) - https:\/\/yoast.com\/product\/yoast-seo-premium-wordpress\/ -->\n<title>Crecimiento desigual: el reto del consumo privado en Espa\u00f1a - Fintonic News<\/title>\n<meta name=\"description\" content=\"\u00bfPor qu\u00e9 noviembre es un buen mes para realizar compras?\" \/>\n<meta name=\"robots\" content=\"index, follow, max-snippet:-1, max-image-preview:large, max-video-preview:-1\" \/>\n<link rel=\"canonical\" href=\"https:\/\/www.fintonic.com\/blog\/crecimiento-desigual-el-reto-del-consumo-privado-en-espana\/\" \/>\n<meta property=\"og:locale\" content=\"es_ES\" \/>\n<meta property=\"og:type\" content=\"article\" \/>\n<meta property=\"og:title\" content=\"Crecimiento desigual: el reto del consumo privado en Espa\u00f1a\" \/>\n<meta property=\"og:description\" content=\"\u00bfPor qu\u00e9 noviembre es un buen mes para realizar compras?\" \/>\n<meta property=\"og:url\" content=\"https:\/\/www.fintonic.com\/blog\/crecimiento-desigual-el-reto-del-consumo-privado-en-espana\/\" \/>\n<meta property=\"og:site_name\" content=\"Fintonic News\" \/>\n<meta property=\"article:publisher\" content=\"https:\/\/www.facebook.com\/Fintonic\/\" \/>\n<meta property=\"article:published_time\" content=\"2024-11-11T14:47:25+00:00\" \/>\n<meta property=\"article:modified_time\" content=\"2024-11-11T15:40:40+00:00\" \/>\n<meta property=\"og:image\" content=\"https:\/\/www.fintonic.com\/blog\/wp-content\/uploads\/2024\/11\/freepik-export-20241111150529383s.jpeg\" \/>\n\t<meta property=\"og:image:width\" content=\"2560\" \/>\n\t<meta property=\"og:image:height\" content=\"1435\" \/>\n\t<meta property=\"og:image:type\" content=\"image\/jpeg\" \/>\n<meta name=\"author\" content=\"Clara Echevarr\u00eda Zome\u00f1o\" \/>\n<meta name=\"twitter:card\" content=\"summary_large_image\" \/>\n<meta name=\"twitter:creator\" content=\"@FINTONIC\" \/>\n<meta name=\"twitter:site\" content=\"@FINTONIC\" \/>\n<meta name=\"twitter:label1\" content=\"Escrito por\" \/>\n\t<meta name=\"twitter:data1\" content=\"Clara Echevarr\u00eda Zome\u00f1o\" \/>\n\t<meta name=\"twitter:label2\" content=\"Tiempo de lectura\" \/>\n\t<meta name=\"twitter:data2\" content=\"4 minutos\" \/>\n<script type=\"application\/ld+json\" class=\"yoast-schema-graph\">{\"@context\":\"https:\\\/\\\/schema.org\",\"@graph\":[{\"@type\":\"Article\",\"@id\":\"https:\\\/\\\/www.fintonic.com\\\/blog\\\/crecimiento-desigual-el-reto-del-consumo-privado-en-espana\\\/#article\",\"isPartOf\":{\"@id\":\"https:\\\/\\\/www.fintonic.com\\\/blog\\\/crecimiento-desigual-el-reto-del-consumo-privado-en-espana\\\/\"},\"author\":{\"name\":\"Clara Echevarr\u00eda Zome\u00f1o\",\"@id\":\"https:\\\/\\\/www.fintonic.com\\\/blog\\\/#\\\/schema\\\/person\\\/93d518c62bb3782607d1df7f76a73f2e\"},\"headline\":\"Crecimiento desigual: el reto del consumo privado en Espa\u00f1a\",\"datePublished\":\"2024-11-11T14:47:25+00:00\",\"dateModified\":\"2024-11-11T15:40:40+00:00\",\"mainEntityOfPage\":{\"@id\":\"https:\\\/\\\/www.fintonic.com\\\/blog\\\/crecimiento-desigual-el-reto-del-consumo-privado-en-espana\\\/\"},\"wordCount\":831,\"commentCount\":0,\"publisher\":{\"@id\":\"https:\\\/\\\/www.fintonic.com\\\/blog\\\/#organization\"},\"image\":{\"@id\":\"https:\\\/\\\/www.fintonic.com\\\/blog\\\/crecimiento-desigual-el-reto-del-consumo-privado-en-espana\\\/#primaryimage\"},\"thumbnailUrl\":\"https:\\\/\\\/www.fintonic.com\\\/blog\\\/wp-content\\\/uploads\\\/2024\\\/11\\\/freepik-export-20241111150529383s.jpeg\",\"articleSection\":[\"Ahorro\"],\"inLanguage\":\"es\",\"potentialAction\":[{\"@type\":\"CommentAction\",\"name\":\"Comment\",\"target\":[\"https:\\\/\\\/www.fintonic.com\\\/blog\\\/crecimiento-desigual-el-reto-del-consumo-privado-en-espana\\\/#respond\"]}]},{\"@type\":\"WebPage\",\"@id\":\"https:\\\/\\\/www.fintonic.com\\\/blog\\\/crecimiento-desigual-el-reto-del-consumo-privado-en-espana\\\/\",\"url\":\"https:\\\/\\\/www.fintonic.com\\\/blog\\\/crecimiento-desigual-el-reto-del-consumo-privado-en-espana\\\/\",\"name\":\"Crecimiento desigual: el reto del consumo privado en Espa\u00f1a - Fintonic News\",\"isPartOf\":{\"@id\":\"https:\\\/\\\/www.fintonic.com\\\/blog\\\/#website\"},\"primaryImageOfPage\":{\"@id\":\"https:\\\/\\\/www.fintonic.com\\\/blog\\\/crecimiento-desigual-el-reto-del-consumo-privado-en-espana\\\/#primaryimage\"},\"image\":{\"@id\":\"https:\\\/\\\/www.fintonic.com\\\/blog\\\/crecimiento-desigual-el-reto-del-consumo-privado-en-espana\\\/#primaryimage\"},\"thumbnailUrl\":\"https:\\\/\\\/www.fintonic.com\\\/blog\\\/wp-content\\\/uploads\\\/2024\\\/11\\\/freepik-export-20241111150529383s.jpeg\",\"datePublished\":\"2024-11-11T14:47:25+00:00\",\"dateModified\":\"2024-11-11T15:40:40+00:00\",\"description\":\"\u00bfPor qu\u00e9 noviembre es un buen mes para realizar compras?\",\"breadcrumb\":{\"@id\":\"https:\\\/\\\/www.fintonic.com\\\/blog\\\/crecimiento-desigual-el-reto-del-consumo-privado-en-espana\\\/#breadcrumb\"},\"inLanguage\":\"es\",\"potentialAction\":[{\"@type\":\"ReadAction\",\"target\":[\"https:\\\/\\\/www.fintonic.com\\\/blog\\\/crecimiento-desigual-el-reto-del-consumo-privado-en-espana\\\/\"]}]},{\"@type\":\"ImageObject\",\"inLanguage\":\"es\",\"@id\":\"https:\\\/\\\/www.fintonic.com\\\/blog\\\/crecimiento-desigual-el-reto-del-consumo-privado-en-espana\\\/#primaryimage\",\"url\":\"https:\\\/\\\/www.fintonic.com\\\/blog\\\/wp-content\\\/uploads\\\/2024\\\/11\\\/freepik-export-20241111150529383s.jpeg\",\"contentUrl\":\"https:\\\/\\\/www.fintonic.com\\\/blog\\\/wp-content\\\/uploads\\\/2024\\\/11\\\/freepik-export-20241111150529383s.jpeg\",\"width\":2560,\"height\":1435,\"caption\":\"Crecimiento desigual: el reto del consumo privado en Espa\u00f1a\"},{\"@type\":\"BreadcrumbList\",\"@id\":\"https:\\\/\\\/www.fintonic.com\\\/blog\\\/crecimiento-desigual-el-reto-del-consumo-privado-en-espana\\\/#breadcrumb\",\"itemListElement\":[{\"@type\":\"ListItem\",\"position\":1,\"name\":\"Portada\",\"item\":\"https:\\\/\\\/www.fintonic.com\\\/blog\\\/\"},{\"@type\":\"ListItem\",\"position\":2,\"name\":\"Crecimiento desigual: el reto del consumo privado en Espa\u00f1a\"}]},{\"@type\":\"WebSite\",\"@id\":\"https:\\\/\\\/www.fintonic.com\\\/blog\\\/#website\",\"url\":\"https:\\\/\\\/www.fintonic.com\\\/blog\\\/\",\"name\":\"Fintonic News\",\"description\":\"\",\"publisher\":{\"@id\":\"https:\\\/\\\/www.fintonic.com\\\/blog\\\/#organization\"},\"potentialAction\":[{\"@type\":\"SearchAction\",\"target\":{\"@type\":\"EntryPoint\",\"urlTemplate\":\"https:\\\/\\\/www.fintonic.com\\\/blog\\\/?s={search_term_string}\"},\"query-input\":{\"@type\":\"PropertyValueSpecification\",\"valueRequired\":true,\"valueName\":\"search_term_string\"}}],\"inLanguage\":\"es\"},{\"@type\":\"Organization\",\"@id\":\"https:\\\/\\\/www.fintonic.com\\\/blog\\\/#organization\",\"name\":\"Fintonic News\",\"url\":\"https:\\\/\\\/www.fintonic.com\\\/blog\\\/\",\"logo\":{\"@type\":\"ImageObject\",\"inLanguage\":\"es\",\"@id\":\"https:\\\/\\\/www.fintonic.com\\\/blog\\\/#\\\/schema\\\/logo\\\/image\\\/\",\"url\":\"https:\\\/\\\/www.fintonic.com\\\/blog\\\/wp-content\\\/uploads\\\/2024\\\/03\\\/cropped-Fintonic_Logo-1-1.png\",\"contentUrl\":\"https:\\\/\\\/www.fintonic.com\\\/blog\\\/wp-content\\\/uploads\\\/2024\\\/03\\\/cropped-Fintonic_Logo-1-1.png\",\"width\":512,\"height\":512,\"caption\":\"Fintonic News\"},\"image\":{\"@id\":\"https:\\\/\\\/www.fintonic.com\\\/blog\\\/#\\\/schema\\\/logo\\\/image\\\/\"},\"sameAs\":[\"https:\\\/\\\/www.facebook.com\\\/Fintonic\\\/\",\"https:\\\/\\\/x.com\\\/FINTONIC\",\"https:\\\/\\\/www.instagram.com\\\/fintonic_app\\\/\",\"https:\\\/\\\/www.tiktok.com\\\/@fintonic?lang=es\",\"https:\\\/\\\/www.linkedin.com\\\/company\\\/fintonic\\\/mycompany\\\/\",\"https:\\\/\\\/www.youtube.com\\\/@fintonictv\"]},{\"@type\":\"Person\",\"@id\":\"https:\\\/\\\/www.fintonic.com\\\/blog\\\/#\\\/schema\\\/person\\\/93d518c62bb3782607d1df7f76a73f2e\",\"name\":\"Clara Echevarr\u00eda Zome\u00f1o\",\"description\":\"Lead Data Analyst\",\"sameAs\":[\"https:\\\/\\\/www.linkedin.com\\\/in\\\/cechevarzom\\\/\"],\"url\":\"https:\\\/\\\/www.fintonic.com\\\/blog\\\/author\\\/cechevarria\\\/\"}]}<\/script>\n<!-- \/ Yoast SEO Premium plugin. -->","yoast_head_json":{"title":"Crecimiento desigual: el reto del consumo privado en Espa\u00f1a - Fintonic News","description":"\u00bfPor qu\u00e9 noviembre es un buen mes para realizar compras?","robots":{"index":"index","follow":"follow","max-snippet":"max-snippet:-1","max-image-preview":"max-image-preview:large","max-video-preview":"max-video-preview:-1"},"canonical":"https:\/\/www.fintonic.com\/blog\/crecimiento-desigual-el-reto-del-consumo-privado-en-espana\/","og_locale":"es_ES","og_type":"article","og_title":"Crecimiento desigual: el reto del consumo privado en Espa\u00f1a","og_description":"\u00bfPor qu\u00e9 noviembre es un buen mes para realizar compras?","og_url":"https:\/\/www.fintonic.com\/blog\/crecimiento-desigual-el-reto-del-consumo-privado-en-espana\/","og_site_name":"Fintonic News","article_publisher":"https:\/\/www.facebook.com\/Fintonic\/","article_published_time":"2024-11-11T14:47:25+00:00","article_modified_time":"2024-11-11T15:40:40+00:00","og_image":[{"width":2560,"height":1435,"url":"https:\/\/www.fintonic.com\/blog\/wp-content\/uploads\/2024\/11\/freepik-export-20241111150529383s.jpeg","type":"image\/jpeg"}],"author":"Clara Echevarr\u00eda Zome\u00f1o","twitter_card":"summary_large_image","twitter_creator":"@FINTONIC","twitter_site":"@FINTONIC","twitter_misc":{"Escrito por":"Clara Echevarr\u00eda Zome\u00f1o","Tiempo de lectura":"4 minutos"},"schema":{"@context":"https:\/\/schema.org","@graph":[{"@type":"Article","@id":"https:\/\/www.fintonic.com\/blog\/crecimiento-desigual-el-reto-del-consumo-privado-en-espana\/#article","isPartOf":{"@id":"https:\/\/www.fintonic.com\/blog\/crecimiento-desigual-el-reto-del-consumo-privado-en-espana\/"},"author":{"name":"Clara Echevarr\u00eda Zome\u00f1o","@id":"https:\/\/www.fintonic.com\/blog\/#\/schema\/person\/93d518c62bb3782607d1df7f76a73f2e"},"headline":"Crecimiento desigual: el reto del consumo privado en Espa\u00f1a","datePublished":"2024-11-11T14:47:25+00:00","dateModified":"2024-11-11T15:40:40+00:00","mainEntityOfPage":{"@id":"https:\/\/www.fintonic.com\/blog\/crecimiento-desigual-el-reto-del-consumo-privado-en-espana\/"},"wordCount":831,"commentCount":0,"publisher":{"@id":"https:\/\/www.fintonic.com\/blog\/#organization"},"image":{"@id":"https:\/\/www.fintonic.com\/blog\/crecimiento-desigual-el-reto-del-consumo-privado-en-espana\/#primaryimage"},"thumbnailUrl":"https:\/\/www.fintonic.com\/blog\/wp-content\/uploads\/2024\/11\/freepik-export-20241111150529383s.jpeg","articleSection":["Ahorro"],"inLanguage":"es","potentialAction":[{"@type":"CommentAction","name":"Comment","target":["https:\/\/www.fintonic.com\/blog\/crecimiento-desigual-el-reto-del-consumo-privado-en-espana\/#respond"]}]},{"@type":"WebPage","@id":"https:\/\/www.fintonic.com\/blog\/crecimiento-desigual-el-reto-del-consumo-privado-en-espana\/","url":"https:\/\/www.fintonic.com\/blog\/crecimiento-desigual-el-reto-del-consumo-privado-en-espana\/","name":"Crecimiento desigual: el reto del consumo privado en Espa\u00f1a - Fintonic News","isPartOf":{"@id":"https:\/\/www.fintonic.com\/blog\/#website"},"primaryImageOfPage":{"@id":"https:\/\/www.fintonic.com\/blog\/crecimiento-desigual-el-reto-del-consumo-privado-en-espana\/#primaryimage"},"image":{"@id":"https:\/\/www.fintonic.com\/blog\/crecimiento-desigual-el-reto-del-consumo-privado-en-espana\/#primaryimage"},"thumbnailUrl":"https:\/\/www.fintonic.com\/blog\/wp-content\/uploads\/2024\/11\/freepik-export-20241111150529383s.jpeg","datePublished":"2024-11-11T14:47:25+00:00","dateModified":"2024-11-11T15:40:40+00:00","description":"\u00bfPor qu\u00e9 noviembre es un buen mes para realizar compras?","breadcrumb":{"@id":"https:\/\/www.fintonic.com\/blog\/crecimiento-desigual-el-reto-del-consumo-privado-en-espana\/#breadcrumb"},"inLanguage":"es","potentialAction":[{"@type":"ReadAction","target":["https:\/\/www.fintonic.com\/blog\/crecimiento-desigual-el-reto-del-consumo-privado-en-espana\/"]}]},{"@type":"ImageObject","inLanguage":"es","@id":"https:\/\/www.fintonic.com\/blog\/crecimiento-desigual-el-reto-del-consumo-privado-en-espana\/#primaryimage","url":"https:\/\/www.fintonic.com\/blog\/wp-content\/uploads\/2024\/11\/freepik-export-20241111150529383s.jpeg","contentUrl":"https:\/\/www.fintonic.com\/blog\/wp-content\/uploads\/2024\/11\/freepik-export-20241111150529383s.jpeg","width":2560,"height":1435,"caption":"Crecimiento desigual: el reto del consumo privado en Espa\u00f1a"},{"@type":"BreadcrumbList","@id":"https:\/\/www.fintonic.com\/blog\/crecimiento-desigual-el-reto-del-consumo-privado-en-espana\/#breadcrumb","itemListElement":[{"@type":"ListItem","position":1,"name":"Portada","item":"https:\/\/www.fintonic.com\/blog\/"},{"@type":"ListItem","position":2,"name":"Crecimiento desigual: el reto del consumo privado en Espa\u00f1a"}]},{"@type":"WebSite","@id":"https:\/\/www.fintonic.com\/blog\/#website","url":"https:\/\/www.fintonic.com\/blog\/","name":"Fintonic News","description":"","publisher":{"@id":"https:\/\/www.fintonic.com\/blog\/#organization"},"potentialAction":[{"@type":"SearchAction","target":{"@type":"EntryPoint","urlTemplate":"https:\/\/www.fintonic.com\/blog\/?s={search_term_string}"},"query-input":{"@type":"PropertyValueSpecification","valueRequired":true,"valueName":"search_term_string"}}],"inLanguage":"es"},{"@type":"Organization","@id":"https:\/\/www.fintonic.com\/blog\/#organization","name":"Fintonic News","url":"https:\/\/www.fintonic.com\/blog\/","logo":{"@type":"ImageObject","inLanguage":"es","@id":"https:\/\/www.fintonic.com\/blog\/#\/schema\/logo\/image\/","url":"https:\/\/www.fintonic.com\/blog\/wp-content\/uploads\/2024\/03\/cropped-Fintonic_Logo-1-1.png","contentUrl":"https:\/\/www.fintonic.com\/blog\/wp-content\/uploads\/2024\/03\/cropped-Fintonic_Logo-1-1.png","width":512,"height":512,"caption":"Fintonic News"},"image":{"@id":"https:\/\/www.fintonic.com\/blog\/#\/schema\/logo\/image\/"},"sameAs":["https:\/\/www.facebook.com\/Fintonic\/","https:\/\/x.com\/FINTONIC","https:\/\/www.instagram.com\/fintonic_app\/","https:\/\/www.tiktok.com\/@fintonic?lang=es","https:\/\/www.linkedin.com\/company\/fintonic\/mycompany\/","https:\/\/www.youtube.com\/@fintonictv"]},{"@type":"Person","@id":"https:\/\/www.fintonic.com\/blog\/#\/schema\/person\/93d518c62bb3782607d1df7f76a73f2e","name":"Clara Echevarr\u00eda Zome\u00f1o","description":"Lead Data Analyst","sameAs":["https:\/\/www.linkedin.com\/in\/cechevarzom\/"],"url":"https:\/\/www.fintonic.com\/blog\/author\/cechevarria\/"}]}},"_links":{"self":[{"href":"https:\/\/www.fintonic.com\/blog\/wp-json\/wp\/v2\/posts\/86369","targetHints":{"allow":["GET"]}}],"collection":[{"href":"https:\/\/www.fintonic.com\/blog\/wp-json\/wp\/v2\/posts"}],"about":[{"href":"https:\/\/www.fintonic.com\/blog\/wp-json\/wp\/v2\/types\/post"}],"author":[{"embeddable":true,"href":"https:\/\/www.fintonic.com\/blog\/wp-json\/wp\/v2\/users\/12"}],"replies":[{"embeddable":true,"href":"https:\/\/www.fintonic.com\/blog\/wp-json\/wp\/v2\/comments?post=86369"}],"version-history":[{"count":7,"href":"https:\/\/www.fintonic.com\/blog\/wp-json\/wp\/v2\/posts\/86369\/revisions"}],"predecessor-version":[{"id":86379,"href":"https:\/\/www.fintonic.com\/blog\/wp-json\/wp\/v2\/posts\/86369\/revisions\/86379"}],"wp:featuredmedia":[{"embeddable":true,"href":"https:\/\/www.fintonic.com\/blog\/wp-json\/wp\/v2\/media\/86378"}],"wp:attachment":[{"href":"https:\/\/www.fintonic.com\/blog\/wp-json\/wp\/v2\/media?parent=86369"}],"wp:term":[{"taxonomy":"category","embeddable":true,"href":"https:\/\/www.fintonic.com\/blog\/wp-json\/wp\/v2\/categories?post=86369"},{"taxonomy":"post_tag","embeddable":true,"href":"https:\/\/www.fintonic.com\/blog\/wp-json\/wp\/v2\/tags?post=86369"}],"curies":[{"name":"wp","href":"https:\/\/api.w.org\/{rel}","templated":true}]}}