{"id":8634,"date":"2018-08-23T10:38:50","date_gmt":"2018-08-23T08:38:50","guid":{"rendered":"https:\/\/blog.fintonic.com\/?p=8634"},"modified":"2018-08-23T10:38:50","modified_gmt":"2018-08-23T08:38:50","slug":"estudios-fintonic-los-gastos-del-vehiculo-aumentan-un-16-en-verano","status":"publish","type":"post","link":"https:\/\/www.fintonic.com\/blog\/estudios-fintonic-los-gastos-del-vehiculo-aumentan-un-16-en-verano\/","title":{"rendered":"Estudios Fintonic: Los gastos del veh\u00edculo aumentan un 16% en verano"},"content":{"rendered":"<blockquote>\n<ul>\n<li>\n<h3 style=\"text-align: left;\"><span style=\"font-size: 16px;\">Llenar el dep\u00f3sito supone un desembolso de un 14% m\u00e1s en los meses estivales, mientras que los gastos derivados del mantenimiento se incrementan hasta un 12%<\/span><\/h3>\n<\/li>\n<li>\n<h3 style=\"text-align: left;\"><span style=\"font-size: 16px;\">Como alternativa al coche en propiedad, el n\u00famero de conductores que se ha decantado por compa\u00f1\u00edas como BlaBlaCar ha crecido un 10% s\u00f3lo durante este verano<\/span><\/h3>\n<\/li>\n<\/ul>\n<\/blockquote>\n<p><!--more--><\/p>\n<p><strong>El coche nos cuesta en verano hasta un 16% m\u00e1s que durante el resto del a\u00f1o.<\/strong> As\u00ed lo pone de manifiesto el nuevo estudio de Fintonic.\u00a0Llenar el dep\u00f3sito supone un desembolso de alrededor de 265,47\u20ac de media durante los meses estivales (junio, julio y agosto), es decir, un 14% m\u00e1s que durante el resto del a\u00f1o. Los gastos de mantenimiento ascienden un 12%, hasta los 190,23\u20ac, y pagamos de media 58,44\u20ac en parking y peajes, lo que representa un incremento del 18% frente al resto de meses.<\/p>\n<p>Todo esto hace un <strong>total de 514,14\u20ac de media,<\/strong> a los que en muchos casos hay que sumar el coste de la renovaci\u00f3n del seguro. Adem\u00e1s, si el veh\u00edculo est\u00e1 financiado tambi\u00e9n se incluye la cuota correspondiente, que se encuentra en torno a los 738,3\u20ac durante este periodo.<\/p>\n<p>De esta forma, para muchos espa\u00f1oles mantener un coche propio se ha convertido en un \u201cart\u00edculo de lujo\u201d que, sobre todo, entre las <strong>nuevas generaciones millennials ha provocado la b\u00fasqueda de alternativas m\u00e1s econ\u00f3micas<\/strong> que ofrezcan la posibilidad de compensar ese gasto.<\/p>\n<p><img fetchpriority=\"high\" decoding=\"async\" class=\"alignnone wp-image-8641 size-full\" src=\"https:\/\/www.fintonic.com\/wp-content\/uploads\/2018\/08\/Webp.net-resizeimage-21.jpg\" alt=\"\" width=\"1200\" height=\"800\" \/><\/p>\n<h2>Alternativas al veh\u00edculo en propiedad<\/h2>\n<p>Entre las opciones m\u00e1s demandadas por aquellos que desean reducir costes en sus trayectos se encuentra la de compartir viaje. Seg\u00fan datos de la red social de coche compartido BlaBlaCar, el <strong>n\u00famero de conductores que se han sumado a esta f\u00f3rmula ha crecido un 10% solo en estos tres meses de verano<\/strong>. En este sentido, la compa\u00f1\u00eda, que ha alcanzado recientemente los cinco millones de usuarios en nuestro pa\u00eds, asegura que, aunque en la \u00e9poca estival siempre se detecta un incremento en la actividad de la plataforma, este a\u00f1o est\u00e1 siendo especialmente intenso.<\/p>\n<p>El perfil de los conductores de esta red social ha evolucionado en los \u00faltimos a\u00f1os y cada vez es m\u00e1s heterog\u00e9neo. La edad media de los viajeros ha aumentado y, actualmente, <strong>m\u00e1s de la mitad de los usuarios tiene entre 30 y 50 a\u00f1os.<\/strong> La distancia media de los trayectos que se realizan es de 300 kil\u00f3metros.<\/p>\n<p>Asimismo, tambi\u00e9n son muchos los espa\u00f1oles que prefieren renunciar a tener un coche en propiedad y, junto al transporte p\u00fablico o al alquiler de veh\u00edculos sin conductor, optan por el denominado carsharing. Una opci\u00f3n que convierte los gastos fijos en variables y en la que se paga en funci\u00f3n del tiempo de uso del veh\u00edculo.<\/p>\n<h2>Principales motivaciones para optar por estas modalidades<\/h2>\n<p>Los motivos econ\u00f3micos no son los \u00fanicos que mueven a los espa\u00f1oles a decantarse por las alternativas al coche en propiedad. Aprovechar al m\u00e1ximo los recursos del autom\u00f3vil para circular de forma eficiente, desde el punto de vista energ\u00e9tico y medioambiental, y tambi\u00e9n evitarnos determinadas obligaciones como la posibilidad de tener un seguro para el veh\u00edculo son otros de los impulsos que nos llevan a optar por estas nuevas modalidades.<\/p>\n<p>En este sentido, la responsable de Seguros en Fintonic, Mar\u00eda Antequera, explica que \u201cm\u00e1s del 60% de los clientes desconocen la fecha exacta de vencimiento de su seguro y, aunque est\u00e9n descontentos con su compa\u00f1\u00eda, las renovaciones se producen autom\u00e1ticamente y no tienen margen de anulaci\u00f3n\u201d. As\u00ed, a este respecto, la experta recomienda utilizar herramientas que, como <a href=\"https:\/\/go.onelink.me\/4dGw\/9c41141b\\\">Fintonic<\/a>, nos advierten con antelaci\u00f3n de las fechas de vencimiento, nos ayudan a comparar precios y coberturas y nos ofrecen la posibilidad de contratar la p\u00f3liza que m\u00e1s se ajusta a nuestras necesidades.<\/p>\n<p><a href=\"https:\/\/go.onelink.me\/4dGw\/9c41141b\"><img decoding=\"async\" class=\"alignnone wp-image-9496 size-full\" src=\"https:\/\/www.fintonic.com\/wp-content\/uploads\/2019\/02\/Descargate-la-app-.png\" alt=\"\" width=\"1278\" height=\"500\" \/><\/a><\/p>\n<p class=\"p1\">\u00bfTienes cualquier consejo, curiosidad o pregunta que no hayamos comentado? \u00a1A qu\u00e9 esperas! Puedes ayudar a muchos usuarios que lean tu comentario en nuestro blog <span class=\"s1\">\ud83d\ude42<\/span><\/p>\n","protected":false},"excerpt":{"rendered":"<p>Llenar el dep\u00f3sito supone un desembolso de un 14% m\u00e1s en los meses estivales, mientras que los gastos derivados del mantenimiento se incrementan hasta un 12% Como alternativa al coche en propiedad, el n\u00famero de conductores que se ha decantado por compa\u00f1\u00edas como BlaBlaCar ha crecido un 10% s\u00f3lo durante este verano<\/p>\n","protected":false},"author":3,"featured_media":8636,"comment_status":"closed","ping_status":"open","sticky":false,"template":"","format":"standard","meta":{"footnotes":""},"categories":[23,194,4],"tags":[811,812,813,781,814],"class_list":["post-8634","post","type-post","status-publish","format-standard","has-post-thumbnail","hentry","category-estudios-fintonic","category-gasto","category-lifestyle","tag-blablacar","tag-gastos-coche","tag-gastos-vehiculo","tag-gastos-verano","tag-vehiculo"],"yoast_head":"<!-- This site is optimized with the Yoast SEO Premium plugin v27.2 (Yoast SEO v27.5) - https:\/\/yoast.com\/product\/yoast-seo-premium-wordpress\/ -->\n<title>Estudios Fintonic: Los gastos del veh\u00edculo aumentan un 16% en verano - Fintonic News<\/title>\n<meta name=\"description\" content=\"Los gastos del veh\u00edculo aumentan un 16% en verano, as\u00ed lo estima el nuevo Estudio de Fintonic sobre los gastos en verano del veh\u00edculo\" \/>\n<meta name=\"robots\" content=\"index, follow, max-snippet:-1, max-image-preview:large, max-video-preview:-1\" \/>\n<link rel=\"canonical\" href=\"https:\/\/www.fintonic.com\/blog\/estudios-fintonic-los-gastos-del-vehiculo-aumentan-un-16-en-verano\/\" \/>\n<meta property=\"og:locale\" content=\"es_ES\" \/>\n<meta property=\"og:type\" content=\"article\" \/>\n<meta property=\"og:title\" content=\"Estudios Fintonic: Los gastos del veh\u00edculo aumentan un 16% en verano\" \/>\n<meta property=\"og:description\" content=\"Los gastos del veh\u00edculo aumentan un 16% en verano, as\u00ed lo estima el nuevo Estudio de Fintonic sobre los gastos en verano del veh\u00edculo\" \/>\n<meta property=\"og:url\" content=\"https:\/\/www.fintonic.com\/blog\/estudios-fintonic-los-gastos-del-vehiculo-aumentan-un-16-en-verano\/\" \/>\n<meta property=\"og:site_name\" content=\"Fintonic News\" \/>\n<meta property=\"article:publisher\" content=\"https:\/\/www.facebook.com\/Fintonic\/\" \/>\n<meta property=\"article:published_time\" content=\"2018-08-23T08:38:50+00:00\" \/>\n<meta property=\"og:image\" content=\"https:\/\/www.fintonic.com\/blog\/wp-content\/uploads\/2024\/03\/cropped-Fintonic_Logo-1-1.png\" \/>\n\t<meta property=\"og:image:width\" content=\"512\" \/>\n\t<meta property=\"og:image:height\" content=\"512\" \/>\n\t<meta property=\"og:image:type\" content=\"image\/png\" \/>\n<meta name=\"author\" content=\"Jorge Jimenez\" \/>\n<meta name=\"twitter:card\" content=\"summary_large_image\" \/>\n<meta name=\"twitter:creator\" content=\"@JorgeJimenez1\" \/>\n<meta name=\"twitter:site\" content=\"@FINTONIC\" \/>\n<meta name=\"twitter:label1\" content=\"Escrito por\" \/>\n\t<meta name=\"twitter:data1\" content=\"Jorge Jimenez\" \/>\n\t<meta name=\"twitter:label2\" content=\"Tiempo de lectura\" \/>\n\t<meta name=\"twitter:data2\" content=\"3 minutos\" \/>\n<script type=\"application\/ld+json\" class=\"yoast-schema-graph\">{\"@context\":\"https:\\\/\\\/schema.org\",\"@graph\":[{\"@type\":\"Article\",\"@id\":\"https:\\\/\\\/www.fintonic.com\\\/blog\\\/estudios-fintonic-los-gastos-del-vehiculo-aumentan-un-16-en-verano\\\/#article\",\"isPartOf\":{\"@id\":\"https:\\\/\\\/www.fintonic.com\\\/blog\\\/estudios-fintonic-los-gastos-del-vehiculo-aumentan-un-16-en-verano\\\/\"},\"author\":{\"name\":\"Jorge Jimenez\",\"@id\":\"https:\\\/\\\/www.fintonic.com\\\/blog\\\/#\\\/schema\\\/person\\\/ddf97a6c293f2dbeed890d3f3d817499\"},\"headline\":\"Estudios Fintonic: Los gastos del veh\u00edculo aumentan un 16% en verano\",\"datePublished\":\"2018-08-23T08:38:50+00:00\",\"mainEntityOfPage\":{\"@id\":\"https:\\\/\\\/www.fintonic.com\\\/blog\\\/estudios-fintonic-los-gastos-del-vehiculo-aumentan-un-16-en-verano\\\/\"},\"wordCount\":682,\"publisher\":{\"@id\":\"https:\\\/\\\/www.fintonic.com\\\/blog\\\/#organization\"},\"image\":{\"@id\":\"https:\\\/\\\/www.fintonic.com\\\/blog\\\/estudios-fintonic-los-gastos-del-vehiculo-aumentan-un-16-en-verano\\\/#primaryimage\"},\"thumbnailUrl\":\"\",\"keywords\":[\"blablacar\",\"gastos coche\",\"gastos veh\u00edculo\",\"gastos verano\",\"veh\u00edculo\"],\"articleSection\":[\"Estudios Fintonic\",\"Gasto\",\"Lifestyle\"],\"inLanguage\":\"es\"},{\"@type\":\"WebPage\",\"@id\":\"https:\\\/\\\/www.fintonic.com\\\/blog\\\/estudios-fintonic-los-gastos-del-vehiculo-aumentan-un-16-en-verano\\\/\",\"url\":\"https:\\\/\\\/www.fintonic.com\\\/blog\\\/estudios-fintonic-los-gastos-del-vehiculo-aumentan-un-16-en-verano\\\/\",\"name\":\"Estudios Fintonic: Los gastos del veh\u00edculo aumentan un 16% en verano - Fintonic News\",\"isPartOf\":{\"@id\":\"https:\\\/\\\/www.fintonic.com\\\/blog\\\/#website\"},\"primaryImageOfPage\":{\"@id\":\"https:\\\/\\\/www.fintonic.com\\\/blog\\\/estudios-fintonic-los-gastos-del-vehiculo-aumentan-un-16-en-verano\\\/#primaryimage\"},\"image\":{\"@id\":\"https:\\\/\\\/www.fintonic.com\\\/blog\\\/estudios-fintonic-los-gastos-del-vehiculo-aumentan-un-16-en-verano\\\/#primaryimage\"},\"thumbnailUrl\":\"\",\"datePublished\":\"2018-08-23T08:38:50+00:00\",\"description\":\"Los gastos del veh\u00edculo aumentan un 16% en verano, as\u00ed lo estima el nuevo Estudio de Fintonic sobre los gastos en verano del veh\u00edculo\",\"breadcrumb\":{\"@id\":\"https:\\\/\\\/www.fintonic.com\\\/blog\\\/estudios-fintonic-los-gastos-del-vehiculo-aumentan-un-16-en-verano\\\/#breadcrumb\"},\"inLanguage\":\"es\",\"potentialAction\":[{\"@type\":\"ReadAction\",\"target\":[\"https:\\\/\\\/www.fintonic.com\\\/blog\\\/estudios-fintonic-los-gastos-del-vehiculo-aumentan-un-16-en-verano\\\/\"]}]},{\"@type\":\"ImageObject\",\"inLanguage\":\"es\",\"@id\":\"https:\\\/\\\/www.fintonic.com\\\/blog\\\/estudios-fintonic-los-gastos-del-vehiculo-aumentan-un-16-en-verano\\\/#primaryimage\",\"url\":\"\",\"contentUrl\":\"\"},{\"@type\":\"BreadcrumbList\",\"@id\":\"https:\\\/\\\/www.fintonic.com\\\/blog\\\/estudios-fintonic-los-gastos-del-vehiculo-aumentan-un-16-en-verano\\\/#breadcrumb\",\"itemListElement\":[{\"@type\":\"ListItem\",\"position\":1,\"name\":\"Portada\",\"item\":\"https:\\\/\\\/www.fintonic.com\\\/blog\\\/\"},{\"@type\":\"ListItem\",\"position\":2,\"name\":\"Estudios Fintonic: Los gastos del veh\u00edculo aumentan un 16% en verano\"}]},{\"@type\":\"WebSite\",\"@id\":\"https:\\\/\\\/www.fintonic.com\\\/blog\\\/#website\",\"url\":\"https:\\\/\\\/www.fintonic.com\\\/blog\\\/\",\"name\":\"Fintonic News\",\"description\":\"\",\"publisher\":{\"@id\":\"https:\\\/\\\/www.fintonic.com\\\/blog\\\/#organization\"},\"potentialAction\":[{\"@type\":\"SearchAction\",\"target\":{\"@type\":\"EntryPoint\",\"urlTemplate\":\"https:\\\/\\\/www.fintonic.com\\\/blog\\\/?s={search_term_string}\"},\"query-input\":{\"@type\":\"PropertyValueSpecification\",\"valueRequired\":true,\"valueName\":\"search_term_string\"}}],\"inLanguage\":\"es\"},{\"@type\":\"Organization\",\"@id\":\"https:\\\/\\\/www.fintonic.com\\\/blog\\\/#organization\",\"name\":\"Fintonic News\",\"url\":\"https:\\\/\\\/www.fintonic.com\\\/blog\\\/\",\"logo\":{\"@type\":\"ImageObject\",\"inLanguage\":\"es\",\"@id\":\"https:\\\/\\\/www.fintonic.com\\\/blog\\\/#\\\/schema\\\/logo\\\/image\\\/\",\"url\":\"https:\\\/\\\/www.fintonic.com\\\/blog\\\/wp-content\\\/uploads\\\/2024\\\/03\\\/cropped-Fintonic_Logo-1-1.png\",\"contentUrl\":\"https:\\\/\\\/www.fintonic.com\\\/blog\\\/wp-content\\\/uploads\\\/2024\\\/03\\\/cropped-Fintonic_Logo-1-1.png\",\"width\":512,\"height\":512,\"caption\":\"Fintonic News\"},\"image\":{\"@id\":\"https:\\\/\\\/www.fintonic.com\\\/blog\\\/#\\\/schema\\\/logo\\\/image\\\/\"},\"sameAs\":[\"https:\\\/\\\/www.facebook.com\\\/Fintonic\\\/\",\"https:\\\/\\\/x.com\\\/FINTONIC\",\"https:\\\/\\\/www.instagram.com\\\/fintonic_app\\\/\",\"https:\\\/\\\/www.tiktok.com\\\/@fintonic?lang=es\",\"https:\\\/\\\/www.linkedin.com\\\/company\\\/fintonic\\\/mycompany\\\/\",\"https:\\\/\\\/www.youtube.com\\\/@fintonictv\"]},{\"@type\":\"Person\",\"@id\":\"https:\\\/\\\/www.fintonic.com\\\/blog\\\/#\\\/schema\\\/person\\\/ddf97a6c293f2dbeed890d3f3d817499\",\"name\":\"Jorge Jimenez\",\"description\":\"Tomar buenas decisiones econ\u00f3micas es saber disfrutar la vida\",\"sameAs\":[\"https:\\\/\\\/x.com\\\/JorgeJimenez1\"],\"jobTitle\":\"Head of Growth\",\"url\":\"https:\\\/\\\/www.fintonic.com\\\/blog\\\/author\\\/jorge-jimenez\\\/\"}]}<\/script>\n<!-- \/ Yoast SEO Premium plugin. -->","yoast_head_json":{"title":"Estudios Fintonic: Los gastos del veh\u00edculo aumentan un 16% en verano - Fintonic News","description":"Los gastos del veh\u00edculo aumentan un 16% en verano, as\u00ed lo estima el nuevo Estudio de Fintonic sobre los gastos en verano del veh\u00edculo","robots":{"index":"index","follow":"follow","max-snippet":"max-snippet:-1","max-image-preview":"max-image-preview:large","max-video-preview":"max-video-preview:-1"},"canonical":"https:\/\/www.fintonic.com\/blog\/estudios-fintonic-los-gastos-del-vehiculo-aumentan-un-16-en-verano\/","og_locale":"es_ES","og_type":"article","og_title":"Estudios Fintonic: Los gastos del veh\u00edculo aumentan un 16% en verano","og_description":"Los gastos del veh\u00edculo aumentan un 16% en verano, as\u00ed lo estima el nuevo Estudio de Fintonic sobre los gastos en verano del veh\u00edculo","og_url":"https:\/\/www.fintonic.com\/blog\/estudios-fintonic-los-gastos-del-vehiculo-aumentan-un-16-en-verano\/","og_site_name":"Fintonic News","article_publisher":"https:\/\/www.facebook.com\/Fintonic\/","article_published_time":"2018-08-23T08:38:50+00:00","og_image":[{"width":512,"height":512,"url":"https:\/\/www.fintonic.com\/blog\/wp-content\/uploads\/2024\/03\/cropped-Fintonic_Logo-1-1.png","type":"image\/png"}],"author":"Jorge Jimenez","twitter_card":"summary_large_image","twitter_creator":"@JorgeJimenez1","twitter_site":"@FINTONIC","twitter_misc":{"Escrito por":"Jorge Jimenez","Tiempo de lectura":"3 minutos"},"schema":{"@context":"https:\/\/schema.org","@graph":[{"@type":"Article","@id":"https:\/\/www.fintonic.com\/blog\/estudios-fintonic-los-gastos-del-vehiculo-aumentan-un-16-en-verano\/#article","isPartOf":{"@id":"https:\/\/www.fintonic.com\/blog\/estudios-fintonic-los-gastos-del-vehiculo-aumentan-un-16-en-verano\/"},"author":{"name":"Jorge Jimenez","@id":"https:\/\/www.fintonic.com\/blog\/#\/schema\/person\/ddf97a6c293f2dbeed890d3f3d817499"},"headline":"Estudios Fintonic: Los gastos del veh\u00edculo aumentan un 16% en verano","datePublished":"2018-08-23T08:38:50+00:00","mainEntityOfPage":{"@id":"https:\/\/www.fintonic.com\/blog\/estudios-fintonic-los-gastos-del-vehiculo-aumentan-un-16-en-verano\/"},"wordCount":682,"publisher":{"@id":"https:\/\/www.fintonic.com\/blog\/#organization"},"image":{"@id":"https:\/\/www.fintonic.com\/blog\/estudios-fintonic-los-gastos-del-vehiculo-aumentan-un-16-en-verano\/#primaryimage"},"thumbnailUrl":"","keywords":["blablacar","gastos coche","gastos veh\u00edculo","gastos verano","veh\u00edculo"],"articleSection":["Estudios Fintonic","Gasto","Lifestyle"],"inLanguage":"es"},{"@type":"WebPage","@id":"https:\/\/www.fintonic.com\/blog\/estudios-fintonic-los-gastos-del-vehiculo-aumentan-un-16-en-verano\/","url":"https:\/\/www.fintonic.com\/blog\/estudios-fintonic-los-gastos-del-vehiculo-aumentan-un-16-en-verano\/","name":"Estudios Fintonic: Los gastos del veh\u00edculo aumentan un 16% en verano - Fintonic News","isPartOf":{"@id":"https:\/\/www.fintonic.com\/blog\/#website"},"primaryImageOfPage":{"@id":"https:\/\/www.fintonic.com\/blog\/estudios-fintonic-los-gastos-del-vehiculo-aumentan-un-16-en-verano\/#primaryimage"},"image":{"@id":"https:\/\/www.fintonic.com\/blog\/estudios-fintonic-los-gastos-del-vehiculo-aumentan-un-16-en-verano\/#primaryimage"},"thumbnailUrl":"","datePublished":"2018-08-23T08:38:50+00:00","description":"Los gastos del veh\u00edculo aumentan un 16% en verano, as\u00ed lo estima el nuevo Estudio de Fintonic sobre los gastos en verano del veh\u00edculo","breadcrumb":{"@id":"https:\/\/www.fintonic.com\/blog\/estudios-fintonic-los-gastos-del-vehiculo-aumentan-un-16-en-verano\/#breadcrumb"},"inLanguage":"es","potentialAction":[{"@type":"ReadAction","target":["https:\/\/www.fintonic.com\/blog\/estudios-fintonic-los-gastos-del-vehiculo-aumentan-un-16-en-verano\/"]}]},{"@type":"ImageObject","inLanguage":"es","@id":"https:\/\/www.fintonic.com\/blog\/estudios-fintonic-los-gastos-del-vehiculo-aumentan-un-16-en-verano\/#primaryimage","url":"","contentUrl":""},{"@type":"BreadcrumbList","@id":"https:\/\/www.fintonic.com\/blog\/estudios-fintonic-los-gastos-del-vehiculo-aumentan-un-16-en-verano\/#breadcrumb","itemListElement":[{"@type":"ListItem","position":1,"name":"Portada","item":"https:\/\/www.fintonic.com\/blog\/"},{"@type":"ListItem","position":2,"name":"Estudios Fintonic: Los gastos del veh\u00edculo aumentan un 16% en verano"}]},{"@type":"WebSite","@id":"https:\/\/www.fintonic.com\/blog\/#website","url":"https:\/\/www.fintonic.com\/blog\/","name":"Fintonic News","description":"","publisher":{"@id":"https:\/\/www.fintonic.com\/blog\/#organization"},"potentialAction":[{"@type":"SearchAction","target":{"@type":"EntryPoint","urlTemplate":"https:\/\/www.fintonic.com\/blog\/?s={search_term_string}"},"query-input":{"@type":"PropertyValueSpecification","valueRequired":true,"valueName":"search_term_string"}}],"inLanguage":"es"},{"@type":"Organization","@id":"https:\/\/www.fintonic.com\/blog\/#organization","name":"Fintonic News","url":"https:\/\/www.fintonic.com\/blog\/","logo":{"@type":"ImageObject","inLanguage":"es","@id":"https:\/\/www.fintonic.com\/blog\/#\/schema\/logo\/image\/","url":"https:\/\/www.fintonic.com\/blog\/wp-content\/uploads\/2024\/03\/cropped-Fintonic_Logo-1-1.png","contentUrl":"https:\/\/www.fintonic.com\/blog\/wp-content\/uploads\/2024\/03\/cropped-Fintonic_Logo-1-1.png","width":512,"height":512,"caption":"Fintonic News"},"image":{"@id":"https:\/\/www.fintonic.com\/blog\/#\/schema\/logo\/image\/"},"sameAs":["https:\/\/www.facebook.com\/Fintonic\/","https:\/\/x.com\/FINTONIC","https:\/\/www.instagram.com\/fintonic_app\/","https:\/\/www.tiktok.com\/@fintonic?lang=es","https:\/\/www.linkedin.com\/company\/fintonic\/mycompany\/","https:\/\/www.youtube.com\/@fintonictv"]},{"@type":"Person","@id":"https:\/\/www.fintonic.com\/blog\/#\/schema\/person\/ddf97a6c293f2dbeed890d3f3d817499","name":"Jorge Jimenez","description":"Tomar buenas decisiones econ\u00f3micas es saber disfrutar la vida","sameAs":["https:\/\/x.com\/JorgeJimenez1"],"jobTitle":"Head of Growth","url":"https:\/\/www.fintonic.com\/blog\/author\/jorge-jimenez\/"}]}},"_links":{"self":[{"href":"https:\/\/www.fintonic.com\/blog\/wp-json\/wp\/v2\/posts\/8634","targetHints":{"allow":["GET"]}}],"collection":[{"href":"https:\/\/www.fintonic.com\/blog\/wp-json\/wp\/v2\/posts"}],"about":[{"href":"https:\/\/www.fintonic.com\/blog\/wp-json\/wp\/v2\/types\/post"}],"author":[{"embeddable":true,"href":"https:\/\/www.fintonic.com\/blog\/wp-json\/wp\/v2\/users\/3"}],"replies":[{"embeddable":true,"href":"https:\/\/www.fintonic.com\/blog\/wp-json\/wp\/v2\/comments?post=8634"}],"version-history":[{"count":0,"href":"https:\/\/www.fintonic.com\/blog\/wp-json\/wp\/v2\/posts\/8634\/revisions"}],"wp:featuredmedia":[{"embeddable":true,"href":"https:\/\/www.fintonic.com\/blog\/wp-json\/"}],"wp:attachment":[{"href":"https:\/\/www.fintonic.com\/blog\/wp-json\/wp\/v2\/media?parent=8634"}],"wp:term":[{"taxonomy":"category","embeddable":true,"href":"https:\/\/www.fintonic.com\/blog\/wp-json\/wp\/v2\/categories?post=8634"},{"taxonomy":"post_tag","embeddable":true,"href":"https:\/\/www.fintonic.com\/blog\/wp-json\/wp\/v2\/tags?post=8634"}],"curies":[{"name":"wp","href":"https:\/\/api.w.org\/{rel}","templated":true}]}}