{"id":82578,"date":"2024-05-08T09:00:35","date_gmt":"2024-05-08T07:00:35","guid":{"rendered":"https:\/\/www.fintonic.com\/blog\/?p=82578"},"modified":"2024-05-08T16:42:21","modified_gmt":"2024-05-08T14:42:21","slug":"fintonic-nombra-a-iker-de-los-rios-co-ceo","status":"publish","type":"post","link":"https:\/\/www.fintonic.com\/blog\/fintonic-nombra-a-iker-de-los-rios-co-ceo\/","title":{"rendered":"Fintonic nombra a Iker de los R\u00edos co-CEO"},"content":{"rendered":"<p><strong>Fintonic impulsa su liderazgo nombrando a Iker de los R\u00edos como co-CEO<\/strong><\/p>\n<p>En un movimiento estrat\u00e9gico para fortalecer su liderazgo y acelerar el crecimiento, Fintonic, la plataforma l\u00edder en servicios financieros, ha designado a Iker de los R\u00edos como su nuevo co-CEO. Con una trayectoria destacada en el sector financiero y tecnol\u00f3gico, De los R\u00edos aporta su vasta experiencia para expandir la base de usuarios y los ingresos de Fintonic.<\/p>\n<p>Desde su incorporaci\u00f3n a Fintonic en 2014, <strong><a href=\"https:\/\/www.linkedin.com\/in\/ikerdlr\/\">Iker de los R\u00edos<\/a><\/strong> ha ocupado diversas posiciones clave, incluida la direcci\u00f3n general de Estrategia y <strong><a href=\"https:\/\/www.openinsights.es\/?lng=es-ES\">OpenInsights<\/a><\/strong> desde enero de 2023. Su nombramiento refleja el firme compromiso de Fintonic con la innovaci\u00f3n en servicios para clientes individuales y soluciones de open banking y an\u00e1lisis de datos para entidades financieras y otros sectores empresariales.<\/p>\n<p>Nacido en Bilbao y formado en administraci\u00f3n y direcci\u00f3n de empresas por la Universidad de Deusto, De los R\u00edos trae consigo casi dos d\u00e9cadas de experiencia en banca, fintech y consultor\u00eda. Este bagaje le confiere una perspectiva \u00fanica para coliderar Fintonic en su pr\u00f3xima fase de crecimiento y expansi\u00f3n.<\/p>\n<p><strong>Nueva etapa de innovaci\u00f3n y crecimiento<\/strong><\/p>\n<p>Como co-CEO, De los R\u00edos se enfocar\u00e1 en ayudar a los clientes particulares a mejorar su bienestar financiero ofreci\u00e9ndoles la capacidad de controlar las finanzas de su d\u00eda a d\u00eda, cuidar de su dinero y conseguir sus metas a trav\u00e9s del mejor acceso al cr\u00e9dito. Adem\u00e1s, proporcionar\u00e1 a entidades financieras y otras empresas servicios basados en el uso de tecnolog\u00edas avanzadas de agregaci\u00f3n financiera, an\u00e1lisis de datos, credit scoring de particulares y recuperaci\u00f3n de cr\u00e9ditos.<\/p>\n<p><strong><a href=\"https:\/\/www.fintonic.com\/blog\/fintonic-ficha-a-elena-grande-gonzalez-como-ceo\/\">Elena Grande<\/a><\/strong>, CEO de Fintonic y quien est\u00e1 liderando el ambicioso e innovador plan de transformaci\u00f3n tecnol\u00f3gica de Fintonic desde enero de este a\u00f1o, destac\u00f3 la importancia del papel de De los R\u00edos: \u00abSu liderazgo ser\u00e1 fundamental para focalizar nuestros equipos en ofrecer soluciones de calidad superior mientras incorporamos las tecnolog\u00edas m\u00e1s avanzadas como la inteligencia artificial y la computaci\u00f3n cu\u00e1ntica. Este enfoque pionero aprovecha nuestros an\u00e1lisis sofisticados y conocimientos de datos \u00fanicos para brindar una visi\u00f3n m\u00e1s precisa y completa de la capacidad financiera de los clientes particulares\u00bb<\/p>\n<p>\u201c<strong><a href=\"https:\/\/www.fintonic.com\/es-ES\/inicio\/\">Fintonic<\/a><\/strong> se consolida como l\u00edder en financiaci\u00f3n al consumo operando el mayor marketplace con m\u00e1s de 40 entidades financieras y revolucionando el acceso al cr\u00e9dito mediante open banking estableciendo un nuevo est\u00e1ndar de la industria en materia de eficiencia y experiencia del usuario Con un renovado sistema de scoring crediticio, basado en la mayor base de datos de open banking en Espa\u00f1a y t\u00e9cnicas de modelizaci\u00f3n de vanguardia, estamos preparados para enfrentar los retos del mercado y satisfacer las necesidades cambiantes de nuestros clientes\u201d, afirm\u00f3 Iker de los R\u00edos.<\/p>\n<p>Este nombramiento demuestra el compromiso de Fintonic en definir el panorama fintech espa\u00f1ol adapt\u00e1ndose continuamente a las din\u00e1micas del mercado financiero y la tecnolog\u00eda. El equipo liderado por Grande y De los R\u00edos garantiza que Fintonic se mantenga a la vanguardia de la gesti\u00f3n financiera y la generaci\u00f3n de nuevas soluciones consolidando su continua trayectoria de \u00e9xito.<\/p>\n","protected":false},"excerpt":{"rendered":"<p>Fintonic impulsa su liderazgo nombrando a Iker de los R\u00edos como co-CEO En un movimiento estrat\u00e9gico para fortalecer su liderazgo y acelerar el crecimiento, Fintonic, la plataforma l\u00edder en servicios financieros, ha designado a Iker de los R\u00edos como su nuevo co-CEO. Con una trayectoria destacada en el sector financiero y tecnol\u00f3gico, De los R\u00edos [&hellip;]<\/p>\n","protected":false},"author":3,"featured_media":82579,"comment_status":"open","ping_status":"open","sticky":false,"template":"","format":"standard","meta":{"footnotes":""},"categories":[20],"tags":[],"class_list":["post-82578","post","type-post","status-publish","format-standard","has-post-thumbnail","hentry","category-mundo-fintonic"],"yoast_head":"<!-- This site is optimized with the Yoast SEO Premium plugin v27.2 (Yoast SEO v27.5) - https:\/\/yoast.com\/product\/yoast-seo-premium-wordpress\/ -->\n<title>Fintonic nombra a Iker de los R\u00edos co-CEO - Fintonic News<\/title>\n<meta name=\"description\" content=\"Iker de los R\u00edos como co-CEO se marca el objetivo de consolidar el rol de Fintonic como referencia en financiaci\u00f3n al consumo tanto para clientes como para entidades.\" \/>\n<meta name=\"robots\" content=\"index, follow, max-snippet:-1, max-image-preview:large, max-video-preview:-1\" \/>\n<link rel=\"canonical\" href=\"https:\/\/www.fintonic.com\/blog\/fintonic-nombra-a-iker-de-los-rios-co-ceo\/\" \/>\n<meta property=\"og:locale\" content=\"es_ES\" \/>\n<meta property=\"og:type\" content=\"article\" \/>\n<meta property=\"og:title\" content=\"Fintonic nombra a Iker de los R\u00edos co-CEO\" \/>\n<meta property=\"og:description\" content=\"Iker de los R\u00edos como co-CEO se marca el objetivo de consolidar el rol de Fintonic como referencia en financiaci\u00f3n al consumo tanto para clientes como para entidades.\" \/>\n<meta property=\"og:url\" content=\"https:\/\/www.fintonic.com\/blog\/fintonic-nombra-a-iker-de-los-rios-co-ceo\/\" \/>\n<meta property=\"og:site_name\" content=\"Fintonic News\" \/>\n<meta property=\"article:publisher\" content=\"https:\/\/www.facebook.com\/Fintonic\/\" \/>\n<meta property=\"article:published_time\" content=\"2024-05-08T07:00:35+00:00\" \/>\n<meta property=\"article:modified_time\" content=\"2024-05-08T14:42:21+00:00\" \/>\n<meta property=\"og:image\" content=\"https:\/\/www.fintonic.com\/blog\/wp-content\/uploads\/2024\/05\/Iker-de-los-Rios.png\" \/>\n\t<meta property=\"og:image:width\" content=\"1920\" \/>\n\t<meta property=\"og:image:height\" content=\"1080\" \/>\n\t<meta property=\"og:image:type\" content=\"image\/png\" \/>\n<meta name=\"author\" content=\"Jorge Jimenez\" \/>\n<meta name=\"twitter:card\" content=\"summary_large_image\" \/>\n<meta name=\"twitter:creator\" content=\"@JorgeJimenez1\" \/>\n<meta name=\"twitter:site\" content=\"@FINTONIC\" \/>\n<meta name=\"twitter:label1\" content=\"Escrito por\" \/>\n\t<meta name=\"twitter:data1\" content=\"Jorge Jimenez\" \/>\n\t<meta name=\"twitter:label2\" content=\"Tiempo de lectura\" \/>\n\t<meta name=\"twitter:data2\" content=\"3 minutos\" \/>\n<script type=\"application\/ld+json\" class=\"yoast-schema-graph\">{\"@context\":\"https:\\\/\\\/schema.org\",\"@graph\":[{\"@type\":\"Article\",\"@id\":\"https:\\\/\\\/www.fintonic.com\\\/blog\\\/fintonic-nombra-a-iker-de-los-rios-co-ceo\\\/#article\",\"isPartOf\":{\"@id\":\"https:\\\/\\\/www.fintonic.com\\\/blog\\\/fintonic-nombra-a-iker-de-los-rios-co-ceo\\\/\"},\"author\":{\"name\":\"Jorge Jimenez\",\"@id\":\"https:\\\/\\\/www.fintonic.com\\\/blog\\\/#\\\/schema\\\/person\\\/ddf97a6c293f2dbeed890d3f3d817499\"},\"headline\":\"Fintonic nombra a Iker de los R\u00edos co-CEO\",\"datePublished\":\"2024-05-08T07:00:35+00:00\",\"dateModified\":\"2024-05-08T14:42:21+00:00\",\"mainEntityOfPage\":{\"@id\":\"https:\\\/\\\/www.fintonic.com\\\/blog\\\/fintonic-nombra-a-iker-de-los-rios-co-ceo\\\/\"},\"wordCount\":559,\"commentCount\":0,\"publisher\":{\"@id\":\"https:\\\/\\\/www.fintonic.com\\\/blog\\\/#organization\"},\"image\":{\"@id\":\"https:\\\/\\\/www.fintonic.com\\\/blog\\\/fintonic-nombra-a-iker-de-los-rios-co-ceo\\\/#primaryimage\"},\"thumbnailUrl\":\"https:\\\/\\\/www.fintonic.com\\\/blog\\\/wp-content\\\/uploads\\\/2024\\\/05\\\/Iker-de-los-Rios.png\",\"articleSection\":[\"Mundo Fintonic\"],\"inLanguage\":\"es\",\"potentialAction\":[{\"@type\":\"CommentAction\",\"name\":\"Comment\",\"target\":[\"https:\\\/\\\/www.fintonic.com\\\/blog\\\/fintonic-nombra-a-iker-de-los-rios-co-ceo\\\/#respond\"]}]},{\"@type\":\"WebPage\",\"@id\":\"https:\\\/\\\/www.fintonic.com\\\/blog\\\/fintonic-nombra-a-iker-de-los-rios-co-ceo\\\/\",\"url\":\"https:\\\/\\\/www.fintonic.com\\\/blog\\\/fintonic-nombra-a-iker-de-los-rios-co-ceo\\\/\",\"name\":\"Fintonic nombra a Iker de los R\u00edos co-CEO - Fintonic News\",\"isPartOf\":{\"@id\":\"https:\\\/\\\/www.fintonic.com\\\/blog\\\/#website\"},\"primaryImageOfPage\":{\"@id\":\"https:\\\/\\\/www.fintonic.com\\\/blog\\\/fintonic-nombra-a-iker-de-los-rios-co-ceo\\\/#primaryimage\"},\"image\":{\"@id\":\"https:\\\/\\\/www.fintonic.com\\\/blog\\\/fintonic-nombra-a-iker-de-los-rios-co-ceo\\\/#primaryimage\"},\"thumbnailUrl\":\"https:\\\/\\\/www.fintonic.com\\\/blog\\\/wp-content\\\/uploads\\\/2024\\\/05\\\/Iker-de-los-Rios.png\",\"datePublished\":\"2024-05-08T07:00:35+00:00\",\"dateModified\":\"2024-05-08T14:42:21+00:00\",\"description\":\"Iker de los R\u00edos como co-CEO se marca el objetivo de consolidar el rol de Fintonic como referencia en financiaci\u00f3n al consumo tanto para clientes como para entidades.\",\"breadcrumb\":{\"@id\":\"https:\\\/\\\/www.fintonic.com\\\/blog\\\/fintonic-nombra-a-iker-de-los-rios-co-ceo\\\/#breadcrumb\"},\"inLanguage\":\"es\",\"potentialAction\":[{\"@type\":\"ReadAction\",\"target\":[\"https:\\\/\\\/www.fintonic.com\\\/blog\\\/fintonic-nombra-a-iker-de-los-rios-co-ceo\\\/\"]}]},{\"@type\":\"ImageObject\",\"inLanguage\":\"es\",\"@id\":\"https:\\\/\\\/www.fintonic.com\\\/blog\\\/fintonic-nombra-a-iker-de-los-rios-co-ceo\\\/#primaryimage\",\"url\":\"https:\\\/\\\/www.fintonic.com\\\/blog\\\/wp-content\\\/uploads\\\/2024\\\/05\\\/Iker-de-los-Rios.png\",\"contentUrl\":\"https:\\\/\\\/www.fintonic.com\\\/blog\\\/wp-content\\\/uploads\\\/2024\\\/05\\\/Iker-de-los-Rios.png\",\"width\":1920,\"height\":1080},{\"@type\":\"BreadcrumbList\",\"@id\":\"https:\\\/\\\/www.fintonic.com\\\/blog\\\/fintonic-nombra-a-iker-de-los-rios-co-ceo\\\/#breadcrumb\",\"itemListElement\":[{\"@type\":\"ListItem\",\"position\":1,\"name\":\"Portada\",\"item\":\"https:\\\/\\\/www.fintonic.com\\\/blog\\\/\"},{\"@type\":\"ListItem\",\"position\":2,\"name\":\"Fintonic nombra a Iker de los R\u00edos co-CEO\"}]},{\"@type\":\"WebSite\",\"@id\":\"https:\\\/\\\/www.fintonic.com\\\/blog\\\/#website\",\"url\":\"https:\\\/\\\/www.fintonic.com\\\/blog\\\/\",\"name\":\"Fintonic News\",\"description\":\"\",\"publisher\":{\"@id\":\"https:\\\/\\\/www.fintonic.com\\\/blog\\\/#organization\"},\"potentialAction\":[{\"@type\":\"SearchAction\",\"target\":{\"@type\":\"EntryPoint\",\"urlTemplate\":\"https:\\\/\\\/www.fintonic.com\\\/blog\\\/?s={search_term_string}\"},\"query-input\":{\"@type\":\"PropertyValueSpecification\",\"valueRequired\":true,\"valueName\":\"search_term_string\"}}],\"inLanguage\":\"es\"},{\"@type\":\"Organization\",\"@id\":\"https:\\\/\\\/www.fintonic.com\\\/blog\\\/#organization\",\"name\":\"Fintonic News\",\"url\":\"https:\\\/\\\/www.fintonic.com\\\/blog\\\/\",\"logo\":{\"@type\":\"ImageObject\",\"inLanguage\":\"es\",\"@id\":\"https:\\\/\\\/www.fintonic.com\\\/blog\\\/#\\\/schema\\\/logo\\\/image\\\/\",\"url\":\"https:\\\/\\\/www.fintonic.com\\\/blog\\\/wp-content\\\/uploads\\\/2024\\\/03\\\/cropped-Fintonic_Logo-1-1.png\",\"contentUrl\":\"https:\\\/\\\/www.fintonic.com\\\/blog\\\/wp-content\\\/uploads\\\/2024\\\/03\\\/cropped-Fintonic_Logo-1-1.png\",\"width\":512,\"height\":512,\"caption\":\"Fintonic News\"},\"image\":{\"@id\":\"https:\\\/\\\/www.fintonic.com\\\/blog\\\/#\\\/schema\\\/logo\\\/image\\\/\"},\"sameAs\":[\"https:\\\/\\\/www.facebook.com\\\/Fintonic\\\/\",\"https:\\\/\\\/x.com\\\/FINTONIC\",\"https:\\\/\\\/www.instagram.com\\\/fintonic_app\\\/\",\"https:\\\/\\\/www.tiktok.com\\\/@fintonic?lang=es\",\"https:\\\/\\\/www.linkedin.com\\\/company\\\/fintonic\\\/mycompany\\\/\",\"https:\\\/\\\/www.youtube.com\\\/@fintonictv\"]},{\"@type\":\"Person\",\"@id\":\"https:\\\/\\\/www.fintonic.com\\\/blog\\\/#\\\/schema\\\/person\\\/ddf97a6c293f2dbeed890d3f3d817499\",\"name\":\"Jorge Jimenez\",\"description\":\"Tomar buenas decisiones econ\u00f3micas es saber disfrutar la vida\",\"sameAs\":[\"https:\\\/\\\/x.com\\\/JorgeJimenez1\"],\"jobTitle\":\"Head of Growth\",\"url\":\"https:\\\/\\\/www.fintonic.com\\\/blog\\\/author\\\/jorge-jimenez\\\/\"}]}<\/script>\n<!-- \/ Yoast SEO Premium plugin. -->","yoast_head_json":{"title":"Fintonic nombra a Iker de los R\u00edos co-CEO - Fintonic News","description":"Iker de los R\u00edos como co-CEO se marca el objetivo de consolidar el rol de Fintonic como referencia en financiaci\u00f3n al consumo tanto para clientes como para entidades.","robots":{"index":"index","follow":"follow","max-snippet":"max-snippet:-1","max-image-preview":"max-image-preview:large","max-video-preview":"max-video-preview:-1"},"canonical":"https:\/\/www.fintonic.com\/blog\/fintonic-nombra-a-iker-de-los-rios-co-ceo\/","og_locale":"es_ES","og_type":"article","og_title":"Fintonic nombra a Iker de los R\u00edos co-CEO","og_description":"Iker de los R\u00edos como co-CEO se marca el objetivo de consolidar el rol de Fintonic como referencia en financiaci\u00f3n al consumo tanto para clientes como para entidades.","og_url":"https:\/\/www.fintonic.com\/blog\/fintonic-nombra-a-iker-de-los-rios-co-ceo\/","og_site_name":"Fintonic News","article_publisher":"https:\/\/www.facebook.com\/Fintonic\/","article_published_time":"2024-05-08T07:00:35+00:00","article_modified_time":"2024-05-08T14:42:21+00:00","og_image":[{"width":1920,"height":1080,"url":"https:\/\/www.fintonic.com\/blog\/wp-content\/uploads\/2024\/05\/Iker-de-los-Rios.png","type":"image\/png"}],"author":"Jorge Jimenez","twitter_card":"summary_large_image","twitter_creator":"@JorgeJimenez1","twitter_site":"@FINTONIC","twitter_misc":{"Escrito por":"Jorge Jimenez","Tiempo de lectura":"3 minutos"},"schema":{"@context":"https:\/\/schema.org","@graph":[{"@type":"Article","@id":"https:\/\/www.fintonic.com\/blog\/fintonic-nombra-a-iker-de-los-rios-co-ceo\/#article","isPartOf":{"@id":"https:\/\/www.fintonic.com\/blog\/fintonic-nombra-a-iker-de-los-rios-co-ceo\/"},"author":{"name":"Jorge Jimenez","@id":"https:\/\/www.fintonic.com\/blog\/#\/schema\/person\/ddf97a6c293f2dbeed890d3f3d817499"},"headline":"Fintonic nombra a Iker de los R\u00edos co-CEO","datePublished":"2024-05-08T07:00:35+00:00","dateModified":"2024-05-08T14:42:21+00:00","mainEntityOfPage":{"@id":"https:\/\/www.fintonic.com\/blog\/fintonic-nombra-a-iker-de-los-rios-co-ceo\/"},"wordCount":559,"commentCount":0,"publisher":{"@id":"https:\/\/www.fintonic.com\/blog\/#organization"},"image":{"@id":"https:\/\/www.fintonic.com\/blog\/fintonic-nombra-a-iker-de-los-rios-co-ceo\/#primaryimage"},"thumbnailUrl":"https:\/\/www.fintonic.com\/blog\/wp-content\/uploads\/2024\/05\/Iker-de-los-Rios.png","articleSection":["Mundo Fintonic"],"inLanguage":"es","potentialAction":[{"@type":"CommentAction","name":"Comment","target":["https:\/\/www.fintonic.com\/blog\/fintonic-nombra-a-iker-de-los-rios-co-ceo\/#respond"]}]},{"@type":"WebPage","@id":"https:\/\/www.fintonic.com\/blog\/fintonic-nombra-a-iker-de-los-rios-co-ceo\/","url":"https:\/\/www.fintonic.com\/blog\/fintonic-nombra-a-iker-de-los-rios-co-ceo\/","name":"Fintonic nombra a Iker de los R\u00edos co-CEO - Fintonic News","isPartOf":{"@id":"https:\/\/www.fintonic.com\/blog\/#website"},"primaryImageOfPage":{"@id":"https:\/\/www.fintonic.com\/blog\/fintonic-nombra-a-iker-de-los-rios-co-ceo\/#primaryimage"},"image":{"@id":"https:\/\/www.fintonic.com\/blog\/fintonic-nombra-a-iker-de-los-rios-co-ceo\/#primaryimage"},"thumbnailUrl":"https:\/\/www.fintonic.com\/blog\/wp-content\/uploads\/2024\/05\/Iker-de-los-Rios.png","datePublished":"2024-05-08T07:00:35+00:00","dateModified":"2024-05-08T14:42:21+00:00","description":"Iker de los R\u00edos como co-CEO se marca el objetivo de consolidar el rol de Fintonic como referencia en financiaci\u00f3n al consumo tanto para clientes como para entidades.","breadcrumb":{"@id":"https:\/\/www.fintonic.com\/blog\/fintonic-nombra-a-iker-de-los-rios-co-ceo\/#breadcrumb"},"inLanguage":"es","potentialAction":[{"@type":"ReadAction","target":["https:\/\/www.fintonic.com\/blog\/fintonic-nombra-a-iker-de-los-rios-co-ceo\/"]}]},{"@type":"ImageObject","inLanguage":"es","@id":"https:\/\/www.fintonic.com\/blog\/fintonic-nombra-a-iker-de-los-rios-co-ceo\/#primaryimage","url":"https:\/\/www.fintonic.com\/blog\/wp-content\/uploads\/2024\/05\/Iker-de-los-Rios.png","contentUrl":"https:\/\/www.fintonic.com\/blog\/wp-content\/uploads\/2024\/05\/Iker-de-los-Rios.png","width":1920,"height":1080},{"@type":"BreadcrumbList","@id":"https:\/\/www.fintonic.com\/blog\/fintonic-nombra-a-iker-de-los-rios-co-ceo\/#breadcrumb","itemListElement":[{"@type":"ListItem","position":1,"name":"Portada","item":"https:\/\/www.fintonic.com\/blog\/"},{"@type":"ListItem","position":2,"name":"Fintonic nombra a Iker de los R\u00edos co-CEO"}]},{"@type":"WebSite","@id":"https:\/\/www.fintonic.com\/blog\/#website","url":"https:\/\/www.fintonic.com\/blog\/","name":"Fintonic News","description":"","publisher":{"@id":"https:\/\/www.fintonic.com\/blog\/#organization"},"potentialAction":[{"@type":"SearchAction","target":{"@type":"EntryPoint","urlTemplate":"https:\/\/www.fintonic.com\/blog\/?s={search_term_string}"},"query-input":{"@type":"PropertyValueSpecification","valueRequired":true,"valueName":"search_term_string"}}],"inLanguage":"es"},{"@type":"Organization","@id":"https:\/\/www.fintonic.com\/blog\/#organization","name":"Fintonic News","url":"https:\/\/www.fintonic.com\/blog\/","logo":{"@type":"ImageObject","inLanguage":"es","@id":"https:\/\/www.fintonic.com\/blog\/#\/schema\/logo\/image\/","url":"https:\/\/www.fintonic.com\/blog\/wp-content\/uploads\/2024\/03\/cropped-Fintonic_Logo-1-1.png","contentUrl":"https:\/\/www.fintonic.com\/blog\/wp-content\/uploads\/2024\/03\/cropped-Fintonic_Logo-1-1.png","width":512,"height":512,"caption":"Fintonic News"},"image":{"@id":"https:\/\/www.fintonic.com\/blog\/#\/schema\/logo\/image\/"},"sameAs":["https:\/\/www.facebook.com\/Fintonic\/","https:\/\/x.com\/FINTONIC","https:\/\/www.instagram.com\/fintonic_app\/","https:\/\/www.tiktok.com\/@fintonic?lang=es","https:\/\/www.linkedin.com\/company\/fintonic\/mycompany\/","https:\/\/www.youtube.com\/@fintonictv"]},{"@type":"Person","@id":"https:\/\/www.fintonic.com\/blog\/#\/schema\/person\/ddf97a6c293f2dbeed890d3f3d817499","name":"Jorge Jimenez","description":"Tomar buenas decisiones econ\u00f3micas es saber disfrutar la vida","sameAs":["https:\/\/x.com\/JorgeJimenez1"],"jobTitle":"Head of Growth","url":"https:\/\/www.fintonic.com\/blog\/author\/jorge-jimenez\/"}]}},"_links":{"self":[{"href":"https:\/\/www.fintonic.com\/blog\/wp-json\/wp\/v2\/posts\/82578","targetHints":{"allow":["GET"]}}],"collection":[{"href":"https:\/\/www.fintonic.com\/blog\/wp-json\/wp\/v2\/posts"}],"about":[{"href":"https:\/\/www.fintonic.com\/blog\/wp-json\/wp\/v2\/types\/post"}],"author":[{"embeddable":true,"href":"https:\/\/www.fintonic.com\/blog\/wp-json\/wp\/v2\/users\/3"}],"replies":[{"embeddable":true,"href":"https:\/\/www.fintonic.com\/blog\/wp-json\/wp\/v2\/comments?post=82578"}],"version-history":[{"count":10,"href":"https:\/\/www.fintonic.com\/blog\/wp-json\/wp\/v2\/posts\/82578\/revisions"}],"predecessor-version":[{"id":82595,"href":"https:\/\/www.fintonic.com\/blog\/wp-json\/wp\/v2\/posts\/82578\/revisions\/82595"}],"wp:featuredmedia":[{"embeddable":true,"href":"https:\/\/www.fintonic.com\/blog\/wp-json\/wp\/v2\/media\/82579"}],"wp:attachment":[{"href":"https:\/\/www.fintonic.com\/blog\/wp-json\/wp\/v2\/media?parent=82578"}],"wp:term":[{"taxonomy":"category","embeddable":true,"href":"https:\/\/www.fintonic.com\/blog\/wp-json\/wp\/v2\/categories?post=82578"},{"taxonomy":"post_tag","embeddable":true,"href":"https:\/\/www.fintonic.com\/blog\/wp-json\/wp\/v2\/tags?post=82578"}],"curies":[{"name":"wp","href":"https:\/\/api.w.org\/{rel}","templated":true}]}}