{"id":5243,"date":"2017-05-06T18:00:29","date_gmt":"2017-05-06T16:00:29","guid":{"rendered":"http:\/\/ec2-52-31-25-226.eu-west-1.compute.amazonaws.com\/?p=5243"},"modified":"2017-05-06T18:00:29","modified_gmt":"2017-05-06T16:00:29","slug":"madres-y-trabajadoras-al-mismo-tiempo","status":"publish","type":"post","link":"https:\/\/www.fintonic.com\/blog\/madres-y-trabajadoras-al-mismo-tiempo\/","title":{"rendered":"Madres y trabajadoras al mismo tiempo"},"content":{"rendered":"<p><span style=\"font-weight: 400;\">A\u00f1o 1900, nace Charlotte Cooper, la primera mujer que logr\u00f3 ser campeona ol\u00edmpica. 1903, a\u00f1o en el que naci\u00f3 la primera mujer que lleg\u00f3 a ser catedr\u00e1tica en la Universidad de Par\u00eds y la primera en ganar el Nobel de F\u00edsica y de Qu\u00edmica (Marie Curie). 1960, a\u00f1o en el que por <\/span><strong>primera vez una mujer gobierna un pa\u00eds<\/strong><span style=\"font-weight: 400;\">, \u00bfcu\u00e1l? Sri Lanka \u00bfqui\u00e9n? Sirimavo Bandaranaike. \u00bfY que tienen en com\u00fan estas mujeres, adem\u00e1s de ser un ejemplo para todos? \u00a1Fueron capaces de hacer historia, ser madres y trabajadoras al mismo tiempo!<\/span><!--more--><\/p>\n<p><strong style=\"font-weight: 400;\">Las madres han sido, son y ser\u00e1n unas\u00a0<\/strong><b>todo-terreno<\/b>. Recurrimos a ella para cualquier pregunta desde que somos peque\u00f1os y hasta que somos adultos. Las madres no solo nos dan la vida, sino que nos cuidan, nos alimentan, nos apoyan, nos ense\u00f1an, nos comprenden, y nos quieren por encima de todo.<\/p>\n<h4><\/h4>\n<h4><strong>D\u00eda de la madre: origen y celebraci\u00f3n<\/strong><\/h4>\n<p><span style=\"font-weight: 400;\">Celebramos el D\u00eda de la Madre\u00a0<\/span>el primer domingo de mayo cada a\u00f1o, pero esto no siempre ha sido as\u00ed.<span style=\"font-weight: 400;\"><strong>\u00a0El primer dato que tenemos sobre el d\u00eda de la madre data de la Edad Antigua, en concreto en Egipto<\/strong>, cuando se rend\u00eda pleites\u00eda a la diosa Isis, considerada y calificada como \u201cGran diosa madre\u201d, fuerza fecundadora de la naturaleza y diosa de la maternidad y del nacimiento. La mitolog\u00eda cuenta c\u00f3mo Isis, tras el asesinato de su hermano y marido, encontr\u00f3 todas las partes de su cuerpo, qued\u00f3 impregnada de \u00e9l y fecund\u00f3 a su hijo Horus. De igual manera, la mitolog\u00eda romana rinde homenaje a la diosa Cibeles o en la griega a la diosa Rea.<\/span><\/p>\n<p><span style=\"font-weight: 400;\"><a href=\"https:\/\/www.fintonic.com\/wp-content\/uploads\/2017\/05\/dakota-corbin-243775_opt.jpg\"><img fetchpriority=\"high\" decoding=\"async\" class=\"alignnone wp-image-5245 size-full\" title=\"Madres y trabajadoras al mismo tiempo\" src=\"https:\/\/www.fintonic.com\/wp-content\/uploads\/2017\/05\/dakota-corbin-243775_opt.jpg\" alt=\"Madres y trabajadoras al mismo tiempo\" width=\"1600\" height=\"1066\" \/><\/a><\/span><\/p>\n<p><span style=\"font-weight: 400;\">La festividad de la actualidad <\/span><a href=\"http:\/\/www.abc.es\/20120506\/sociedad\/abci-madre-2012-201205041641.html\"><span style=\"font-weight: 400;\">data del a\u00f1o 1870<\/span><\/a><span style=\"font-weight: 400;\">. \u00a0Julia Ward Howe organiz\u00f3 en Boston una manifestaci\u00f3n pac\u00edfica, junto a una celebraci\u00f3n religiosa en la que invit\u00f3 a todas las madres de v\u00edctimas de la guerra, tras perder a sus hijos en ella. Este hecho tuvo \u00e9xito, aunque no \u00a0pas\u00f3 a convertirse en una costumbre. Esto s\u00ed ocurri\u00f3 \u00a0con <\/span><b>Anna Reeves Jarvis, <\/b><strong>una ama de casa que en 1908 organiz\u00f3 una campa\u00f1a a nivel nacional (en Estados Unidos) para instaurar el d\u00eda de la madre de forma oficial<\/strong><span style=\"font-weight: 400;\">. Esta iniciativa vino provocada por la marca que le dej\u00f3 la muerte de su madre el segundo domingo de mayo. Quiso conmemorar la figura de las madres en este d\u00eda. Dos a\u00f1os m\u00e1s tarde ya se celebr\u00f3 en casi todo el pa\u00eds, y ya en 1914 el presidente Wilson convierte el D\u00eda de la Madre en una celebraci\u00f3n oficial. <\/span><\/p>\n<p><span style=\"font-weight: 400;\">Poco a poco se fue extendiendo a otros pa\u00edses hasta hoy en\u00a0<\/span><b>d\u00eda, que<\/b><strong> se celebra en 70 pa\u00edses<\/strong><span style=\"font-weight: 400;\">. En 40 de ellos, el d\u00eda se celebra en mayo, aunque no en todos es el mismo. En Espa\u00f1a comenz\u00f3 por celebrarse el 8 de diciembre, d\u00eda de la Inmaculada Concepci\u00f3n, y siguiendo con tintes religiosos se traslad\u00f3 al mes de mayo por ser el mes de la Virgen.<\/span><\/p>\n<p>[Tweet \u00ab\u00bfMadre y trabajadora al mismo tiempo? \u00a1Todav\u00eda nos queda mucho por hacer!\u00bb]<\/p>\n<h4><strong>\u00bfC\u00f3mo son las madres en Espa\u00f1a?<\/strong><\/h4>\n<p><span style=\"font-weight: 400;\">La edad media en Europa para <\/span><a href=\"http:\/\/ec.europa.eu\/eurostat\/statistics-explained\/index.php\/Fertility_statistics\"><span style=\"font-weight: 400;\">ser madre son los 30,5 a\u00f1os<\/span><\/a><span style=\"font-weight: 400;\">, y <\/span><strong>en Espa\u00f1a es un poco superior, en concreto, <a href=\"http:\/\/www.vitafertilidad.com\/es\/noticia\/57\/la-edad-media-para-tener-hijos-en-espana\/\">los 31,7 a\u00f1os<\/a>.<\/strong><span style=\"font-weight: 400;\"> En la d\u00e9cada de los 70, esta media era de\u00a026 a\u00f1os. Y, \u00bfesto a qu\u00e9 se debe? Pues no, <\/span><a href=\"http:\/\/www.elmundo.es\/elmundo\/encuentros\/elmundo\/2017\/01\/26\/samanta-villar\/\"><b>Samantha Villar<\/b><\/a><b> no es la culpable de esto<\/b><span style=\"font-weight: 400;\">. Seguramente habr\u00e1s o\u00eddo todo el revuelo generado a partir de sus pol\u00e9micas <strong>declaraciones en las que aseguraba que <\/strong><\/span><strong>ser madre es sin\u00f3nimo de perder calidad de vida<\/strong><span style=\"font-weight: 400;\">. Pero las razones principales para ello son las dificultades que se encuentran a la hora de conciliar la vida familiar y laboral, y tambi\u00e9n el ritmo de vida que se lleva actualmente. <\/span><\/p>\n<h4><\/h4>\n<h4><strong>Madres y trabajadoras, falta de conciliaci\u00f3n familiar<\/strong><\/h4>\n<p><a href=\"https:\/\/www.fintonic.com\/wp-content\/uploads\/2017\/05\/sebastien-hamel-71515_opt.jpg\"><img decoding=\"async\" class=\"alignnone wp-image-5244 size-full\" title=\"Madres y trabajadoras al mismo tiempo\" src=\"https:\/\/www.fintonic.com\/wp-content\/uploads\/2017\/05\/sebastien-hamel-71515_opt.jpg\" alt=\"Madres y trabajadoras al mismo tiempo\" width=\"1600\" height=\"1066\" \/><\/a><\/p>\n<p><span style=\"font-weight: 400;\">Actualmente tanto las madres como los padres trabajan fuera de casa, y se reparten las tareas del hogar y el cuidado de los hijos. Sin embargo, <\/span><strong>la conciliaci\u00f3n familiar es uno de los puntos flacos en Espa\u00f1a<\/strong><span style=\"font-weight: 400;\">, y parece que <\/span><a href=\"http:\/\/www.eldiario.es\/economia\/mujeres-penalizadas-laboralmente-madres_0_571843356.html\"><span style=\"font-weight: 400;\">la \u00fanica salida es reducir la jornada<\/span><\/a><span style=\"font-weight: 400;\">, con la disminuci\u00f3n de salario que supone; o dejar de trabajar directamente. Una familia de clase media no puede vivir con un solo sueldo,<\/span><span style=\"font-weight: 400;\">\u00a0por lo que al final para poder tener un salario digno, en muchas ocasiones hay que reducir las horas que comparten hijos y padres. <\/span><\/p>\n<p><span style=\"font-weight: 400;\">Con todo ello, son las madres trabajadoras las que siguen sacrificando sus carreras profesionales para dedicarse a sus hijos. Seg\u00fan un informe de (<a href=\"https:\/\/www.idealista.com\/news\/finanzas\/laboral\/2016\/10\/24\/744008-seis-graficos-sobre-la-cruda-realidad-laboral-de-las-mujeres-trabajadores-que-tambien-son\">Fedea<\/a>),<\/span><span style=\"font-weight: 400;\">\u00a0<\/span><strong>tener hijos en Espa\u00f1a tiene un importante efecto sobre el estatus laboral de las mujeres, pero no de los hombres<\/strong><span style=\"font-weight: 400;\">.<\/span><span style=\"font-weight: 400;\">\u00a0En el caso de los varones de entre 25 y 49 a\u00f1os, el 70% trabaja a tiempo completo, tenga o no hijos. En el caso de las mujeres el porcentaje baja del 60% al 40%.\u00a0<\/span><\/p>\n<p><span style=\"font-weight: 400;\">En este d\u00eda dedicado a las madres y trabajadoras, <\/span><strong><a href=\"https:\/\/go.onelink.me\/4dGw\/9c41141b\\\">desde Fintonic<\/a> queremos felicitar a todas ellas<\/strong><span style=\"font-weight: 400;\">, por sus esfuerzos y sacrificios. Y, si\u00a0quieres m\u00e1s informaci\u00f3n sobre c\u00f3mo conciliar tu vida laboral y familiar \u00e9chale un vistazo a\u00a0<\/span><span style=\"font-weight: 400;\"><a href=\"https:\/\/clubdemalasmadres.com\/conciliacion-nace-la-asociacion-yo-no-renuncio\/\">la Asociaci\u00f3n Yo No Renuncio<\/a>, tienen un mont\u00f3n de consejos.<\/span><span style=\"font-weight: 400;\">\u00a0La organizaci\u00f3n de tus cuentas es pan comido con <a href=\"https:\/\/go.onelink.me\/4dGw\/9c41141b\\\">Fintonic<\/a>, \u00a1pero aun nos queda mucho camino para organizar mejor la vida familiar y laboral!<\/span><\/p>\n<p><a href=\"https:\/\/go.onelink.me\/4dGw\/9c41141b\"><img decoding=\"async\" class=\"alignnone wp-image-9496 size-full\" src=\"https:\/\/www.fintonic.com\/wp-content\/uploads\/2019\/02\/Descargate-la-app-.png\" alt=\"\" width=\"1278\" height=\"500\" \/><\/a><\/p>\n","protected":false},"excerpt":{"rendered":"<p>A\u00f1o 1900, nace Charlotte Cooper, la primera mujer que logr\u00f3 ser campeona ol\u00edmpica. 1903, a\u00f1o en el que naci\u00f3 la primera mujer que lleg\u00f3 a ser catedr\u00e1tica en la Universidad de Par\u00eds y la primera en ganar el Nobel de F\u00edsica y de Qu\u00edmica (Marie Curie). 1960, a\u00f1o en el que por primera vez una [&hellip;]<\/p>\n","protected":false},"author":3,"featured_media":5246,"comment_status":"closed","ping_status":"open","sticky":false,"template":"","format":"standard","meta":{"footnotes":""},"categories":[235],"tags":[690,691],"class_list":["post-5243","post","type-post","status-publish","format-standard","has-post-thumbnail","hentry","category-laboral","tag-dia-de-la-madre","tag-madre-y-trabajadora"],"yoast_head":"<!-- This site is optimized with the Yoast SEO Premium plugin v27.2 (Yoast SEO v27.5) - https:\/\/yoast.com\/product\/yoast-seo-premium-wordpress\/ -->\n<title>Madres y trabajadoras al mismo tiempo - Fintonic News<\/title>\n<meta name=\"description\" content=\"\u00a1Tenemos mucho que agradecer en el D\u00eda de la Madre! Pero ser madres y trabajadoras al mismo tiempo puede resulta muy dif\u00edcil, tenemos que cambiar eso ;)\" \/>\n<meta name=\"robots\" content=\"index, follow, max-snippet:-1, max-image-preview:large, max-video-preview:-1\" \/>\n<link rel=\"canonical\" href=\"https:\/\/www.fintonic.com\/blog\/madres-y-trabajadoras-al-mismo-tiempo\/\" \/>\n<meta property=\"og:locale\" content=\"es_ES\" \/>\n<meta property=\"og:type\" content=\"article\" \/>\n<meta property=\"og:title\" content=\"Madres y trabajadoras al mismo tiempo\" \/>\n<meta property=\"og:description\" content=\"\u00a1Tenemos mucho que agradecer en el D\u00eda de la Madre! Pero ser madres y trabajadoras al mismo tiempo puede resulta muy dif\u00edcil, tenemos que cambiar eso ;)\" \/>\n<meta property=\"og:url\" content=\"https:\/\/www.fintonic.com\/blog\/madres-y-trabajadoras-al-mismo-tiempo\/\" \/>\n<meta property=\"og:site_name\" content=\"Fintonic News\" \/>\n<meta property=\"article:publisher\" content=\"https:\/\/www.facebook.com\/Fintonic\/\" \/>\n<meta property=\"article:published_time\" content=\"2017-05-06T16:00:29+00:00\" \/>\n<meta property=\"og:image\" content=\"https:\/\/www.fintonic.com\/blog\/wp-content\/uploads\/2024\/03\/cropped-Fintonic_Logo-1-1.png\" \/>\n\t<meta property=\"og:image:width\" content=\"512\" \/>\n\t<meta property=\"og:image:height\" content=\"512\" \/>\n\t<meta property=\"og:image:type\" content=\"image\/png\" \/>\n<meta name=\"author\" content=\"Jorge Jimenez\" \/>\n<meta name=\"twitter:card\" content=\"summary_large_image\" \/>\n<meta name=\"twitter:creator\" content=\"@JorgeJimenez1\" \/>\n<meta name=\"twitter:site\" content=\"@FINTONIC\" \/>\n<meta name=\"twitter:label1\" content=\"Escrito por\" \/>\n\t<meta name=\"twitter:data1\" content=\"Jorge Jimenez\" \/>\n\t<meta name=\"twitter:label2\" content=\"Tiempo de lectura\" \/>\n\t<meta name=\"twitter:data2\" content=\"5 minutos\" \/>\n<script type=\"application\/ld+json\" class=\"yoast-schema-graph\">{\"@context\":\"https:\\\/\\\/schema.org\",\"@graph\":[{\"@type\":\"Article\",\"@id\":\"https:\\\/\\\/www.fintonic.com\\\/blog\\\/madres-y-trabajadoras-al-mismo-tiempo\\\/#article\",\"isPartOf\":{\"@id\":\"https:\\\/\\\/www.fintonic.com\\\/blog\\\/madres-y-trabajadoras-al-mismo-tiempo\\\/\"},\"author\":{\"name\":\"Jorge Jimenez\",\"@id\":\"https:\\\/\\\/www.fintonic.com\\\/blog\\\/#\\\/schema\\\/person\\\/ddf97a6c293f2dbeed890d3f3d817499\"},\"headline\":\"Madres y trabajadoras al mismo tiempo\",\"datePublished\":\"2017-05-06T16:00:29+00:00\",\"mainEntityOfPage\":{\"@id\":\"https:\\\/\\\/www.fintonic.com\\\/blog\\\/madres-y-trabajadoras-al-mismo-tiempo\\\/\"},\"wordCount\":926,\"publisher\":{\"@id\":\"https:\\\/\\\/www.fintonic.com\\\/blog\\\/#organization\"},\"image\":{\"@id\":\"https:\\\/\\\/www.fintonic.com\\\/blog\\\/madres-y-trabajadoras-al-mismo-tiempo\\\/#primaryimage\"},\"thumbnailUrl\":\"\",\"keywords\":[\"D\u00eda de la Madre\",\"madre y trabajadora\"],\"articleSection\":[\"Laboral\"],\"inLanguage\":\"es\"},{\"@type\":\"WebPage\",\"@id\":\"https:\\\/\\\/www.fintonic.com\\\/blog\\\/madres-y-trabajadoras-al-mismo-tiempo\\\/\",\"url\":\"https:\\\/\\\/www.fintonic.com\\\/blog\\\/madres-y-trabajadoras-al-mismo-tiempo\\\/\",\"name\":\"Madres y trabajadoras al mismo tiempo - Fintonic News\",\"isPartOf\":{\"@id\":\"https:\\\/\\\/www.fintonic.com\\\/blog\\\/#website\"},\"primaryImageOfPage\":{\"@id\":\"https:\\\/\\\/www.fintonic.com\\\/blog\\\/madres-y-trabajadoras-al-mismo-tiempo\\\/#primaryimage\"},\"image\":{\"@id\":\"https:\\\/\\\/www.fintonic.com\\\/blog\\\/madres-y-trabajadoras-al-mismo-tiempo\\\/#primaryimage\"},\"thumbnailUrl\":\"\",\"datePublished\":\"2017-05-06T16:00:29+00:00\",\"description\":\"\u00a1Tenemos mucho que agradecer en el D\u00eda de la Madre! Pero ser madres y trabajadoras al mismo tiempo puede resulta muy dif\u00edcil, tenemos que cambiar eso ;)\",\"breadcrumb\":{\"@id\":\"https:\\\/\\\/www.fintonic.com\\\/blog\\\/madres-y-trabajadoras-al-mismo-tiempo\\\/#breadcrumb\"},\"inLanguage\":\"es\",\"potentialAction\":[{\"@type\":\"ReadAction\",\"target\":[\"https:\\\/\\\/www.fintonic.com\\\/blog\\\/madres-y-trabajadoras-al-mismo-tiempo\\\/\"]}]},{\"@type\":\"ImageObject\",\"inLanguage\":\"es\",\"@id\":\"https:\\\/\\\/www.fintonic.com\\\/blog\\\/madres-y-trabajadoras-al-mismo-tiempo\\\/#primaryimage\",\"url\":\"\",\"contentUrl\":\"\"},{\"@type\":\"BreadcrumbList\",\"@id\":\"https:\\\/\\\/www.fintonic.com\\\/blog\\\/madres-y-trabajadoras-al-mismo-tiempo\\\/#breadcrumb\",\"itemListElement\":[{\"@type\":\"ListItem\",\"position\":1,\"name\":\"Portada\",\"item\":\"https:\\\/\\\/www.fintonic.com\\\/blog\\\/\"},{\"@type\":\"ListItem\",\"position\":2,\"name\":\"Madres y trabajadoras al mismo tiempo\"}]},{\"@type\":\"WebSite\",\"@id\":\"https:\\\/\\\/www.fintonic.com\\\/blog\\\/#website\",\"url\":\"https:\\\/\\\/www.fintonic.com\\\/blog\\\/\",\"name\":\"Fintonic News\",\"description\":\"\",\"publisher\":{\"@id\":\"https:\\\/\\\/www.fintonic.com\\\/blog\\\/#organization\"},\"potentialAction\":[{\"@type\":\"SearchAction\",\"target\":{\"@type\":\"EntryPoint\",\"urlTemplate\":\"https:\\\/\\\/www.fintonic.com\\\/blog\\\/?s={search_term_string}\"},\"query-input\":{\"@type\":\"PropertyValueSpecification\",\"valueRequired\":true,\"valueName\":\"search_term_string\"}}],\"inLanguage\":\"es\"},{\"@type\":\"Organization\",\"@id\":\"https:\\\/\\\/www.fintonic.com\\\/blog\\\/#organization\",\"name\":\"Fintonic News\",\"url\":\"https:\\\/\\\/www.fintonic.com\\\/blog\\\/\",\"logo\":{\"@type\":\"ImageObject\",\"inLanguage\":\"es\",\"@id\":\"https:\\\/\\\/www.fintonic.com\\\/blog\\\/#\\\/schema\\\/logo\\\/image\\\/\",\"url\":\"https:\\\/\\\/www.fintonic.com\\\/blog\\\/wp-content\\\/uploads\\\/2024\\\/03\\\/cropped-Fintonic_Logo-1-1.png\",\"contentUrl\":\"https:\\\/\\\/www.fintonic.com\\\/blog\\\/wp-content\\\/uploads\\\/2024\\\/03\\\/cropped-Fintonic_Logo-1-1.png\",\"width\":512,\"height\":512,\"caption\":\"Fintonic News\"},\"image\":{\"@id\":\"https:\\\/\\\/www.fintonic.com\\\/blog\\\/#\\\/schema\\\/logo\\\/image\\\/\"},\"sameAs\":[\"https:\\\/\\\/www.facebook.com\\\/Fintonic\\\/\",\"https:\\\/\\\/x.com\\\/FINTONIC\",\"https:\\\/\\\/www.instagram.com\\\/fintonic_app\\\/\",\"https:\\\/\\\/www.tiktok.com\\\/@fintonic?lang=es\",\"https:\\\/\\\/www.linkedin.com\\\/company\\\/fintonic\\\/mycompany\\\/\",\"https:\\\/\\\/www.youtube.com\\\/@fintonictv\"]},{\"@type\":\"Person\",\"@id\":\"https:\\\/\\\/www.fintonic.com\\\/blog\\\/#\\\/schema\\\/person\\\/ddf97a6c293f2dbeed890d3f3d817499\",\"name\":\"Jorge Jimenez\",\"description\":\"Tomar buenas decisiones econ\u00f3micas es saber disfrutar la vida\",\"sameAs\":[\"https:\\\/\\\/x.com\\\/JorgeJimenez1\"],\"jobTitle\":\"Head of Growth\",\"url\":\"https:\\\/\\\/www.fintonic.com\\\/blog\\\/author\\\/jorge-jimenez\\\/\"}]}<\/script>\n<!-- \/ Yoast SEO Premium plugin. -->","yoast_head_json":{"title":"Madres y trabajadoras al mismo tiempo - Fintonic News","description":"\u00a1Tenemos mucho que agradecer en el D\u00eda de la Madre! Pero ser madres y trabajadoras al mismo tiempo puede resulta muy dif\u00edcil, tenemos que cambiar eso ;)","robots":{"index":"index","follow":"follow","max-snippet":"max-snippet:-1","max-image-preview":"max-image-preview:large","max-video-preview":"max-video-preview:-1"},"canonical":"https:\/\/www.fintonic.com\/blog\/madres-y-trabajadoras-al-mismo-tiempo\/","og_locale":"es_ES","og_type":"article","og_title":"Madres y trabajadoras al mismo tiempo","og_description":"\u00a1Tenemos mucho que agradecer en el D\u00eda de la Madre! Pero ser madres y trabajadoras al mismo tiempo puede resulta muy dif\u00edcil, tenemos que cambiar eso ;)","og_url":"https:\/\/www.fintonic.com\/blog\/madres-y-trabajadoras-al-mismo-tiempo\/","og_site_name":"Fintonic News","article_publisher":"https:\/\/www.facebook.com\/Fintonic\/","article_published_time":"2017-05-06T16:00:29+00:00","og_image":[{"width":512,"height":512,"url":"https:\/\/www.fintonic.com\/blog\/wp-content\/uploads\/2024\/03\/cropped-Fintonic_Logo-1-1.png","type":"image\/png"}],"author":"Jorge Jimenez","twitter_card":"summary_large_image","twitter_creator":"@JorgeJimenez1","twitter_site":"@FINTONIC","twitter_misc":{"Escrito por":"Jorge Jimenez","Tiempo de lectura":"5 minutos"},"schema":{"@context":"https:\/\/schema.org","@graph":[{"@type":"Article","@id":"https:\/\/www.fintonic.com\/blog\/madres-y-trabajadoras-al-mismo-tiempo\/#article","isPartOf":{"@id":"https:\/\/www.fintonic.com\/blog\/madres-y-trabajadoras-al-mismo-tiempo\/"},"author":{"name":"Jorge Jimenez","@id":"https:\/\/www.fintonic.com\/blog\/#\/schema\/person\/ddf97a6c293f2dbeed890d3f3d817499"},"headline":"Madres y trabajadoras al mismo tiempo","datePublished":"2017-05-06T16:00:29+00:00","mainEntityOfPage":{"@id":"https:\/\/www.fintonic.com\/blog\/madres-y-trabajadoras-al-mismo-tiempo\/"},"wordCount":926,"publisher":{"@id":"https:\/\/www.fintonic.com\/blog\/#organization"},"image":{"@id":"https:\/\/www.fintonic.com\/blog\/madres-y-trabajadoras-al-mismo-tiempo\/#primaryimage"},"thumbnailUrl":"","keywords":["D\u00eda de la Madre","madre y trabajadora"],"articleSection":["Laboral"],"inLanguage":"es"},{"@type":"WebPage","@id":"https:\/\/www.fintonic.com\/blog\/madres-y-trabajadoras-al-mismo-tiempo\/","url":"https:\/\/www.fintonic.com\/blog\/madres-y-trabajadoras-al-mismo-tiempo\/","name":"Madres y trabajadoras al mismo tiempo - Fintonic News","isPartOf":{"@id":"https:\/\/www.fintonic.com\/blog\/#website"},"primaryImageOfPage":{"@id":"https:\/\/www.fintonic.com\/blog\/madres-y-trabajadoras-al-mismo-tiempo\/#primaryimage"},"image":{"@id":"https:\/\/www.fintonic.com\/blog\/madres-y-trabajadoras-al-mismo-tiempo\/#primaryimage"},"thumbnailUrl":"","datePublished":"2017-05-06T16:00:29+00:00","description":"\u00a1Tenemos mucho que agradecer en el D\u00eda de la Madre! Pero ser madres y trabajadoras al mismo tiempo puede resulta muy dif\u00edcil, tenemos que cambiar eso ;)","breadcrumb":{"@id":"https:\/\/www.fintonic.com\/blog\/madres-y-trabajadoras-al-mismo-tiempo\/#breadcrumb"},"inLanguage":"es","potentialAction":[{"@type":"ReadAction","target":["https:\/\/www.fintonic.com\/blog\/madres-y-trabajadoras-al-mismo-tiempo\/"]}]},{"@type":"ImageObject","inLanguage":"es","@id":"https:\/\/www.fintonic.com\/blog\/madres-y-trabajadoras-al-mismo-tiempo\/#primaryimage","url":"","contentUrl":""},{"@type":"BreadcrumbList","@id":"https:\/\/www.fintonic.com\/blog\/madres-y-trabajadoras-al-mismo-tiempo\/#breadcrumb","itemListElement":[{"@type":"ListItem","position":1,"name":"Portada","item":"https:\/\/www.fintonic.com\/blog\/"},{"@type":"ListItem","position":2,"name":"Madres y trabajadoras al mismo tiempo"}]},{"@type":"WebSite","@id":"https:\/\/www.fintonic.com\/blog\/#website","url":"https:\/\/www.fintonic.com\/blog\/","name":"Fintonic News","description":"","publisher":{"@id":"https:\/\/www.fintonic.com\/blog\/#organization"},"potentialAction":[{"@type":"SearchAction","target":{"@type":"EntryPoint","urlTemplate":"https:\/\/www.fintonic.com\/blog\/?s={search_term_string}"},"query-input":{"@type":"PropertyValueSpecification","valueRequired":true,"valueName":"search_term_string"}}],"inLanguage":"es"},{"@type":"Organization","@id":"https:\/\/www.fintonic.com\/blog\/#organization","name":"Fintonic News","url":"https:\/\/www.fintonic.com\/blog\/","logo":{"@type":"ImageObject","inLanguage":"es","@id":"https:\/\/www.fintonic.com\/blog\/#\/schema\/logo\/image\/","url":"https:\/\/www.fintonic.com\/blog\/wp-content\/uploads\/2024\/03\/cropped-Fintonic_Logo-1-1.png","contentUrl":"https:\/\/www.fintonic.com\/blog\/wp-content\/uploads\/2024\/03\/cropped-Fintonic_Logo-1-1.png","width":512,"height":512,"caption":"Fintonic News"},"image":{"@id":"https:\/\/www.fintonic.com\/blog\/#\/schema\/logo\/image\/"},"sameAs":["https:\/\/www.facebook.com\/Fintonic\/","https:\/\/x.com\/FINTONIC","https:\/\/www.instagram.com\/fintonic_app\/","https:\/\/www.tiktok.com\/@fintonic?lang=es","https:\/\/www.linkedin.com\/company\/fintonic\/mycompany\/","https:\/\/www.youtube.com\/@fintonictv"]},{"@type":"Person","@id":"https:\/\/www.fintonic.com\/blog\/#\/schema\/person\/ddf97a6c293f2dbeed890d3f3d817499","name":"Jorge Jimenez","description":"Tomar buenas decisiones econ\u00f3micas es saber disfrutar la vida","sameAs":["https:\/\/x.com\/JorgeJimenez1"],"jobTitle":"Head of Growth","url":"https:\/\/www.fintonic.com\/blog\/author\/jorge-jimenez\/"}]}},"_links":{"self":[{"href":"https:\/\/www.fintonic.com\/blog\/wp-json\/wp\/v2\/posts\/5243","targetHints":{"allow":["GET"]}}],"collection":[{"href":"https:\/\/www.fintonic.com\/blog\/wp-json\/wp\/v2\/posts"}],"about":[{"href":"https:\/\/www.fintonic.com\/blog\/wp-json\/wp\/v2\/types\/post"}],"author":[{"embeddable":true,"href":"https:\/\/www.fintonic.com\/blog\/wp-json\/wp\/v2\/users\/3"}],"replies":[{"embeddable":true,"href":"https:\/\/www.fintonic.com\/blog\/wp-json\/wp\/v2\/comments?post=5243"}],"version-history":[{"count":0,"href":"https:\/\/www.fintonic.com\/blog\/wp-json\/wp\/v2\/posts\/5243\/revisions"}],"wp:featuredmedia":[{"embeddable":true,"href":"https:\/\/www.fintonic.com\/blog\/wp-json\/"}],"wp:attachment":[{"href":"https:\/\/www.fintonic.com\/blog\/wp-json\/wp\/v2\/media?parent=5243"}],"wp:term":[{"taxonomy":"category","embeddable":true,"href":"https:\/\/www.fintonic.com\/blog\/wp-json\/wp\/v2\/categories?post=5243"},{"taxonomy":"post_tag","embeddable":true,"href":"https:\/\/www.fintonic.com\/blog\/wp-json\/wp\/v2\/tags?post=5243"}],"curies":[{"name":"wp","href":"https:\/\/api.w.org\/{rel}","templated":true}]}}