{"id":4747,"date":"2017-02-16T10:36:12","date_gmt":"2017-02-16T09:36:12","guid":{"rendered":"http:\/\/ec2-52-31-25-226.eu-west-1.compute.amazonaws.com\/?p=4747"},"modified":"2017-02-16T10:36:12","modified_gmt":"2017-02-16T09:36:12","slug":"madrid-fashion-week-revolucion-en-el-sector-de-la-moda","status":"publish","type":"post","link":"https:\/\/www.fintonic.com\/blog\/madrid-fashion-week-revolucion-en-el-sector-de-la-moda\/","title":{"rendered":"Madrid Fashion Week: revoluci\u00f3n en el sector de la moda"},"content":{"rendered":"<p><strong>La <a href=\"http:\/\/www.ifema.es\/mercedesbenzfwm_01\/\">Mercedes-Benz Fashion<\/a> Week llega a Madrid<\/strong><span style=\"font-weight: 400;\"><strong>.<\/strong> Del 16 al 20 de febrero tendr\u00e1 lugar, en IFEMA, el evento de moda m\u00e1s importante de Madrid, y de referencia a nivel internacional. Esta edici\u00f3n contar\u00e1 con la presencia de varios dise\u00f1adores reconocidos en el panorama de la moda, como Agatha Ruiz de la Prada, Ailanto, Alvarno, Ana Locking, Andr\u00e9s Sard\u00e1, \u00c1ngel Schlesser, Custo Barcelona y Devota y Lomba. <\/span><!--more--><\/p>\n<p><span style=\"font-weight: 400;\">Durante estos d\u00edas pasar\u00e1n por la pasarela las nuevas tendencias de moda de cara a la temporada de primavera &#8211; verano de este a\u00f1o. Los tejidos, las formas o los colores que ser\u00e1n tendencia y veremos en los escaparates. <\/span><\/p>\n<p><a href=\"http:\/\/www.expansion.com\/especiales\/30-aniversario\/empresas-los-grandes-desafios\/2016\/06\/16\/5762627fca47411a678b4626.html\"><span style=\"font-weight: 400;\">Espa\u00f1a es uno de los pa\u00edses de referencia en el mundo de la moda<\/span><\/a><span style=\"font-weight: 400;\">. Esta posici\u00f3n se debe, en gran parte, a la popularidad del <\/span><strong>grupo Inditex, con una cifra de negocio que alcanza los 20.900 millones de euros.<\/strong> <span style=\"font-weight: 400;\">Mango, Cortefiel, Desigual, Pepe Jeans o Adolfo Dom\u00ednguez son otras de las firmas de moda de reconocimiento a nivel mundial. <\/span><\/p>\n<p><strong>La moda en Espa\u00f1a<\/strong><\/p>\n<p><span style=\"font-weight: 400;\">Pero el \u00e9xito de la industria de la moda radica en los consumidores. Los clientes somos los que elegimos qu\u00e9 nos gusta y qu\u00e9 nos deja de gustar. Nos importa la moda, y nos gusta vestir acorde a las tendencias. Tanto es as\u00ed, que seg\u00fan se recoge en <\/span><strong><a href=\"https:\/\/blog.fintonic.com\/consumo-moda-rebajas-2016\">el \u00faltimo estudio<\/a><\/strong><span style=\"font-weight: 400;\"> realizado por <\/span><strong><a href=\" https:\/\/go.onelink.me\/4dGw\/9c41141b\\\">Fintonic<\/a><\/strong><span style=\"font-weight: 400;\"><strong>,<\/strong> los espa\u00f1oles gastamos <\/span><strong>una media de 78 euros al mes en moda<\/strong><span style=\"font-weight: 400;\"><strong>.<\/strong> Julio fue el mes de 2016 en el que m\u00e1s se dispar\u00f3 este gasto, con 86 euros de media. El 13%, adem\u00e1s, son apasionados del mundo de la moda, y se preocupan por estar a la \u00faltima en las tendencias, y llevar lo m\u00e1s moderno y actual, tal y como se expone en el an\u00e1lisis \u201c<\/span><a href=\"http:\/\/www.eleconomista.es\/empresas-finanzas\/noticias\/7604748\/06\/16\/Cuanto-dinero-gastamos-los-espanoles-en-moda-al-ano-Unos-605-euros-de-media.html\"><span style=\"font-weight: 400;\">Moda y estilo de vida<\/span><\/a><span style=\"font-weight: 400;\">\u201d realizado por Kantar Worldpanel.<\/span><\/p>\n<p><b><a href=\"https:\/\/www.fintonic.com\/wp-content\/uploads\/2017\/02\/vqgtckwiflq-kris-atomic_opt.jpg\"><img fetchpriority=\"high\" decoding=\"async\" class=\"alignnone wp-image-4749 size-full\" title=\"madrid-fashion-week\" src=\"https:\/\/www.fintonic.com\/wp-content\/uploads\/2017\/02\/vqgtckwiflq-kris-atomic_opt.jpg\" alt=\"madrid-fashion-week\" width=\"1600\" height=\"1067\" \/><\/a><\/b><\/p>\n<p><strong>Aunque se suele decir que las mujeres gastan m\u00e1s que los hombres<\/strong> <span style=\"font-weight: 400;\">en<\/span> <span style=\"font-weight: 400;\">ropa y complementos, los \u00faltimos datos demuestran que el gasto es muy similar. En las \u00faltimas rebajas, ellas destinaron una media de 78 euros mensuales, frente a los 77 euros de los hombres. Sin embargo, es diferencia s\u00ed es notoria cuando comparamos generaciones. <\/span><strong>Los millennials \u00fanicamente invirtieron 35 euros de media al mes<\/strong><b>.<\/b><span style=\"font-weight: 400;\"> Por su parte, el presupuesto de los mayores de 35 a\u00f1os alcanz\u00f3 los 72 euros. <\/span><\/p>\n<p><span style=\"font-weight: 400;\">La inversi\u00f3n en moda es algo \u00a0que se realiza pr\u00e1cticamente todos los meses. Desde que existe el comercio electr\u00f3nico, <\/span><strong>las compras online se han disparado<\/strong><span style=\"font-weight: 400;\"><strong>,<\/strong> ante la facilidad a la hora de adquirir una prenda con un solo clic. Esto provoca que gastemos m\u00e1s y controlemos menos el gasto que realizamos en ropa y complementos. Si quieres controlar todos estos gastos, y puedas ahorrar cada mes, no hace falta que contrates un asesor financiero, con la <\/span><strong><a href=\" https:\/\/go.onelink.me\/4dGw\/9c41141b\\\">app de Fintonic<\/a><\/strong><span style=\"font-weight: 400;\"> podr\u00e1s controlar todas tus compras, sean online, o no; as\u00ed como ponerte un l\u00edmite, para no sobrepasarlo, y as\u00ed poder cumplir tu presupuesto destinado a ropa y calzado. <\/span><\/p>\n<p><strong>\u00daltimas tendencias en moda<\/strong><\/p>\n<p><span style=\"font-weight: 400;\">El mundo de la moda es cambiante, y cada vez m\u00e1s atrayente para todo tipo de personas. Hay un inter\u00e9s cada vez mayor a la hora de seguir las \u00faltimas tendencias, lo que se lleva en otros pa\u00edses, qu\u00e9 colores son los m\u00e1s adecuados para la temporada, qu\u00e9 llevan los famosos, etc. Los aficionados a la moda se fijan en los denominados <\/span><strong><i>influencers. <\/i>Esta figura se ha creado en torno a las redes sociales y foros<\/strong><span style=\"font-weight: 400;\"> de internet. Son personas ligadas a una industria y con conocimiento sobre ella, en este caso la moda. Estos <\/span><i><span style=\"font-weight: 400;\">influencers<\/span><\/i><span style=\"font-weight: 400;\"> cuelgan sus v\u00eddeos en YouTube, escriben en su blog, suben fotos a Instagram\u2026 \u00a0Son apasionados de la moda, y \u00a0comparten sus looks y sus inquietudes con sus seguidores, que son realmente fieles. De hecho<\/span><b>,<\/b><strong> los <i>influencers<\/i> son los principales objetivos de las firmas de moda.<\/strong><span style=\"font-weight: 400;\"> A veces, tiene m\u00e1s \u00e9xito aquello que promociona un <\/span><i><span style=\"font-weight: 400;\">Youtuber<\/span><\/i><span style=\"font-weight: 400;\">, que un personaje m\u00e1s reconocido, como un actor o un modelo. <\/span><\/p>\n<p><span style=\"font-weight: 400;\">De esta manera, seg\u00fan el informe sobre<\/span> <span style=\"font-weight: 400;\">el<\/span> <span style=\"font-weight: 400;\">Estatus del Marketing de influencer 2017, elaborado por la <\/span><a href=\"https:\/\/www.marketingdirecto.com\/marketing-general\/marketing\/los-influencers-incrementaron-en-un-74-las-ventas-de-la-moda-en-2016?utm_content=buffer534f1&amp;utm_medium=social&amp;utm_source=twitter.com&amp;utm_campaign=buffer\"><span style=\"font-weight: 400;\">empresa Launchmetrics<\/span><\/a><span style=\"font-weight: 400;\">, <\/span><strong>el 65% de los profesionales de la moda implementaron campa\u00f1as en 2016 cuyos protagonistas eran <i>influencers<\/i><\/strong><span style=\"font-weight: 400;\">. El 74%, adem\u00e1s, afirma que estas campa\u00f1as les ayudaron a incrementar el n\u00famero de ventas. <\/span><\/p>\n<p><strong>Historia de la moda en Espa\u00f1a<\/strong><\/p>\n<p><span style=\"font-weight: 400;\">Como ves, el mundo de la moda es cambiante. Desde los inicios de la moda en nuestro pa\u00eds hasta hoy, se han vivido muchas fases. Los primeros dise\u00f1adores de moda en Espa\u00f1a surgieron una vez finaliz\u00f3 el r\u00e9gimen franquista, impulsados por la libertad a la hora de trabajar. Se cre\u00f3 una iniciativa que marc\u00f3 un antes y un despu\u00e9s: <\/span><a href=\"https:\/\/www.centromundolengua.com\/es\/historia-de-la-moda-en-espana\/\"><span style=\"font-weight: 400;\">\u201cModa Espa\u00f1a\u201d,<\/span><\/a><span style=\"font-weight: 400;\"> que ten\u00eda como objetivo <\/span><strong>dar a conocer nuestra moda al resto del mundo<\/strong><span style=\"font-weight: 400;\">. Y as\u00ed fue. Cada vez se fue extiendo m\u00e1s el valor de la moda, hasta ser una parcela importante de la econom\u00eda del pa\u00eds. Algunos de los dise\u00f1adores que surgieron en aquella \u00e9poca fueron <\/span><strong>Francis Montesinos<\/strong><span style=\"font-weight: 400;\"> que alcanz\u00f3 el reconocimiento en la d\u00e9cada de los 80 gracias a imponer el estilo de \u201cMade in Spain\u201d, <\/span><strong>Jes\u00fas del Pozo<\/strong><span style=\"font-weight: 400;\"> conocido por apostar por la industrializaci\u00f3n de la moda y <\/span><strong>Roberto Verino<\/strong><span style=\"font-weight: 400;\"> que se atrevi\u00f3 con la moda y con el dise\u00f1o de gafas y perfumes. <\/span><\/p>\n<p><span style=\"font-weight: 400;\"><a href=\"https:\/\/www.fintonic.com\/wp-content\/uploads\/2017\/02\/hhchf4mofgk-brooke-cagle_opt.jpg\"><img decoding=\"async\" class=\"alignnone wp-image-4750 size-full\" title=\"madrid-fashion-week\" src=\"https:\/\/www.fintonic.com\/wp-content\/uploads\/2017\/02\/hhchf4mofgk-brooke-cagle_opt.jpg\" alt=\"madrid-fashion-week\" width=\"1600\" height=\"1066\" \/><\/a><\/span><\/p>\n<p><span style=\"font-weight: 400;\">Desde aquel entonces, la industria de la moda en Espa\u00f1a ha dado lugar a nuevos talentos. Este <\/span><strong>sector se reinventa cada d\u00eda<\/strong><b>,<\/b><span style=\"font-weight: 400;\"> y parece no tener fin. Las tendencias del pasado vuelven a escena, cuando ya parec\u00edan haberse olvidado. No ser\u00e1 de extra\u00f1ar que los pantalones de campana vuelvan a estar encima de las pasarelas de moda en cuesti\u00f3n de meses. Hasta la forma de dar a conocer las colecciones ha evolucionado r\u00e1pidamente. Hasta hace tan solo unos a\u00f1os, las \u00faltimas tendencias en moda eran conocidas en la calle, hasta que llegaron los anuncios en televisi\u00f3n. Aunque la publicidad sigue siendo clave para dar a conocer las marcas de moda, hoy en d\u00eda son <\/span><strong>los <i>influencers<\/i> y <i>bloggers<\/i> los que marcan tendencia entre los consumidores. <\/strong><\/p>\n<p><span style=\"font-weight: 400;\">Actualmente, existe un amplio grupo de <\/span><strong>nuevos talentos<\/strong><span style=\"font-weight: 400;\"> que apuesta por la libertad a la hora de dise\u00f1ar nuevas prendas y complementos. Toman como modelos de referencia a los grandes dise\u00f1adores nacionales e internacionales pero tratan de darles un punto personal a cada una de sus creaciones. Paula del Vas, que juega con la cultura asi\u00e1tica; Teresa Helbig, de estilo m\u00e1s country; o el juego de tejido de Ion Fiz, con algunos ejemplos.<\/span><\/p>\n<p><span style=\"font-weight: 400;\">Como has podido comprobar, la moda ha vivido muchas fases en nuestro pa\u00eds. Hemos pasado de la falta de libertad a la hora de dise\u00f1ar, a la proliferaci\u00f3n de nuestros dise\u00f1adores. De las promociones f\u00edsicas o en televisi\u00f3n, a las nuevas figuras y plataformas de difusi\u00f3n. Pero si hay algo claro, es <\/span><strong>que la moda est\u00e1 m\u00e1s viva que nunca, y esta semana Madrid, con la Mercedes-Benz Fashion Week, es el principal escenario. \u00a0<\/strong><\/p>\n<p><a href=\"https:\/\/go.onelink.me\/4dGw\/9c41141b\"><img decoding=\"async\" class=\"alignnone wp-image-9496 size-full\" src=\"https:\/\/www.fintonic.com\/wp-content\/uploads\/2019\/02\/Descargate-la-app-.png\" alt=\"\" width=\"1278\" height=\"500\" \/><\/a><\/p>\n","protected":false},"excerpt":{"rendered":"<p>La Mercedes-Benz Fashion Week llega a Madrid. Del 16 al 20 de febrero tendr\u00e1 lugar, en IFEMA, el evento de moda m\u00e1s importante de Madrid, y de referencia a nivel internacional. Esta edici\u00f3n contar\u00e1 con la presencia de varios dise\u00f1adores reconocidos en el panorama de la moda, como Agatha Ruiz de la Prada, Ailanto, Alvarno, [&hellip;]<\/p>\n","protected":false},"author":3,"featured_media":4748,"comment_status":"closed","ping_status":"open","sticky":false,"template":"","format":"standard","meta":{"footnotes":""},"categories":[4,310],"tags":[],"class_list":["post-4747","post","type-post","status-publish","format-standard","has-post-thumbnail","hentry","category-lifestyle","category-moda"],"yoast_head":"<!-- This site is optimized with the Yoast SEO Premium plugin v27.2 (Yoast SEO v27.5) - https:\/\/yoast.com\/product\/yoast-seo-premium-wordpress\/ -->\n<title>Madrid Fashion Week: revoluci\u00f3n en el sector de la moda - Fintonic News<\/title>\n<meta name=\"description\" content=\"Esta semana se celebra la Mercedes Benz Fashion Week en Madrid, y en Fintonic te contamos las \u00faltimas novedades del sector.\" \/>\n<meta name=\"robots\" content=\"index, follow, max-snippet:-1, max-image-preview:large, max-video-preview:-1\" \/>\n<link rel=\"canonical\" href=\"https:\/\/www.fintonic.com\/blog\/madrid-fashion-week-revolucion-en-el-sector-de-la-moda\/\" \/>\n<meta property=\"og:locale\" content=\"es_ES\" \/>\n<meta property=\"og:type\" content=\"article\" \/>\n<meta property=\"og:title\" content=\"Madrid Fashion Week: revoluci\u00f3n en el sector de la moda\" \/>\n<meta property=\"og:description\" content=\"Esta semana se celebra la Mercedes Benz Fashion Week en Madrid, y en Fintonic te contamos las \u00faltimas novedades del sector.\" \/>\n<meta property=\"og:url\" content=\"https:\/\/www.fintonic.com\/blog\/madrid-fashion-week-revolucion-en-el-sector-de-la-moda\/\" \/>\n<meta property=\"og:site_name\" content=\"Fintonic News\" \/>\n<meta property=\"article:publisher\" content=\"https:\/\/www.facebook.com\/Fintonic\/\" \/>\n<meta property=\"article:published_time\" content=\"2017-02-16T09:36:12+00:00\" \/>\n<meta property=\"og:image\" content=\"https:\/\/www.fintonic.com\/blog\/wp-content\/uploads\/2024\/03\/cropped-Fintonic_Logo-1-1.png\" \/>\n\t<meta property=\"og:image:width\" content=\"512\" \/>\n\t<meta property=\"og:image:height\" content=\"512\" \/>\n\t<meta property=\"og:image:type\" content=\"image\/png\" \/>\n<meta name=\"author\" content=\"Jorge Jimenez\" \/>\n<meta name=\"twitter:card\" content=\"summary_large_image\" \/>\n<meta name=\"twitter:creator\" content=\"@JorgeJimenez1\" \/>\n<meta name=\"twitter:site\" content=\"@FINTONIC\" \/>\n<meta name=\"twitter:label1\" content=\"Escrito por\" \/>\n\t<meta name=\"twitter:data1\" content=\"Jorge Jimenez\" \/>\n\t<meta name=\"twitter:label2\" content=\"Tiempo de lectura\" \/>\n\t<meta name=\"twitter:data2\" content=\"6 minutos\" \/>\n<script type=\"application\/ld+json\" class=\"yoast-schema-graph\">{\"@context\":\"https:\\\/\\\/schema.org\",\"@graph\":[{\"@type\":\"Article\",\"@id\":\"https:\\\/\\\/www.fintonic.com\\\/blog\\\/madrid-fashion-week-revolucion-en-el-sector-de-la-moda\\\/#article\",\"isPartOf\":{\"@id\":\"https:\\\/\\\/www.fintonic.com\\\/blog\\\/madrid-fashion-week-revolucion-en-el-sector-de-la-moda\\\/\"},\"author\":{\"name\":\"Jorge Jimenez\",\"@id\":\"https:\\\/\\\/www.fintonic.com\\\/blog\\\/#\\\/schema\\\/person\\\/ddf97a6c293f2dbeed890d3f3d817499\"},\"headline\":\"Madrid Fashion Week: revoluci\u00f3n en el sector de la moda\",\"datePublished\":\"2017-02-16T09:36:12+00:00\",\"mainEntityOfPage\":{\"@id\":\"https:\\\/\\\/www.fintonic.com\\\/blog\\\/madrid-fashion-week-revolucion-en-el-sector-de-la-moda\\\/\"},\"wordCount\":1208,\"publisher\":{\"@id\":\"https:\\\/\\\/www.fintonic.com\\\/blog\\\/#organization\"},\"image\":{\"@id\":\"https:\\\/\\\/www.fintonic.com\\\/blog\\\/madrid-fashion-week-revolucion-en-el-sector-de-la-moda\\\/#primaryimage\"},\"thumbnailUrl\":\"\",\"articleSection\":[\"Lifestyle\",\"Moda\"],\"inLanguage\":\"es\"},{\"@type\":\"WebPage\",\"@id\":\"https:\\\/\\\/www.fintonic.com\\\/blog\\\/madrid-fashion-week-revolucion-en-el-sector-de-la-moda\\\/\",\"url\":\"https:\\\/\\\/www.fintonic.com\\\/blog\\\/madrid-fashion-week-revolucion-en-el-sector-de-la-moda\\\/\",\"name\":\"Madrid Fashion Week: revoluci\u00f3n en el sector de la moda - Fintonic News\",\"isPartOf\":{\"@id\":\"https:\\\/\\\/www.fintonic.com\\\/blog\\\/#website\"},\"primaryImageOfPage\":{\"@id\":\"https:\\\/\\\/www.fintonic.com\\\/blog\\\/madrid-fashion-week-revolucion-en-el-sector-de-la-moda\\\/#primaryimage\"},\"image\":{\"@id\":\"https:\\\/\\\/www.fintonic.com\\\/blog\\\/madrid-fashion-week-revolucion-en-el-sector-de-la-moda\\\/#primaryimage\"},\"thumbnailUrl\":\"\",\"datePublished\":\"2017-02-16T09:36:12+00:00\",\"description\":\"Esta semana se celebra la Mercedes Benz Fashion Week en Madrid, y en Fintonic te contamos las \u00faltimas novedades del sector.\",\"breadcrumb\":{\"@id\":\"https:\\\/\\\/www.fintonic.com\\\/blog\\\/madrid-fashion-week-revolucion-en-el-sector-de-la-moda\\\/#breadcrumb\"},\"inLanguage\":\"es\",\"potentialAction\":[{\"@type\":\"ReadAction\",\"target\":[\"https:\\\/\\\/www.fintonic.com\\\/blog\\\/madrid-fashion-week-revolucion-en-el-sector-de-la-moda\\\/\"]}]},{\"@type\":\"ImageObject\",\"inLanguage\":\"es\",\"@id\":\"https:\\\/\\\/www.fintonic.com\\\/blog\\\/madrid-fashion-week-revolucion-en-el-sector-de-la-moda\\\/#primaryimage\",\"url\":\"\",\"contentUrl\":\"\"},{\"@type\":\"BreadcrumbList\",\"@id\":\"https:\\\/\\\/www.fintonic.com\\\/blog\\\/madrid-fashion-week-revolucion-en-el-sector-de-la-moda\\\/#breadcrumb\",\"itemListElement\":[{\"@type\":\"ListItem\",\"position\":1,\"name\":\"Portada\",\"item\":\"https:\\\/\\\/www.fintonic.com\\\/blog\\\/\"},{\"@type\":\"ListItem\",\"position\":2,\"name\":\"Madrid Fashion Week: revoluci\u00f3n en el sector de la moda\"}]},{\"@type\":\"WebSite\",\"@id\":\"https:\\\/\\\/www.fintonic.com\\\/blog\\\/#website\",\"url\":\"https:\\\/\\\/www.fintonic.com\\\/blog\\\/\",\"name\":\"Fintonic News\",\"description\":\"\",\"publisher\":{\"@id\":\"https:\\\/\\\/www.fintonic.com\\\/blog\\\/#organization\"},\"potentialAction\":[{\"@type\":\"SearchAction\",\"target\":{\"@type\":\"EntryPoint\",\"urlTemplate\":\"https:\\\/\\\/www.fintonic.com\\\/blog\\\/?s={search_term_string}\"},\"query-input\":{\"@type\":\"PropertyValueSpecification\",\"valueRequired\":true,\"valueName\":\"search_term_string\"}}],\"inLanguage\":\"es\"},{\"@type\":\"Organization\",\"@id\":\"https:\\\/\\\/www.fintonic.com\\\/blog\\\/#organization\",\"name\":\"Fintonic News\",\"url\":\"https:\\\/\\\/www.fintonic.com\\\/blog\\\/\",\"logo\":{\"@type\":\"ImageObject\",\"inLanguage\":\"es\",\"@id\":\"https:\\\/\\\/www.fintonic.com\\\/blog\\\/#\\\/schema\\\/logo\\\/image\\\/\",\"url\":\"https:\\\/\\\/www.fintonic.com\\\/blog\\\/wp-content\\\/uploads\\\/2024\\\/03\\\/cropped-Fintonic_Logo-1-1.png\",\"contentUrl\":\"https:\\\/\\\/www.fintonic.com\\\/blog\\\/wp-content\\\/uploads\\\/2024\\\/03\\\/cropped-Fintonic_Logo-1-1.png\",\"width\":512,\"height\":512,\"caption\":\"Fintonic News\"},\"image\":{\"@id\":\"https:\\\/\\\/www.fintonic.com\\\/blog\\\/#\\\/schema\\\/logo\\\/image\\\/\"},\"sameAs\":[\"https:\\\/\\\/www.facebook.com\\\/Fintonic\\\/\",\"https:\\\/\\\/x.com\\\/FINTONIC\",\"https:\\\/\\\/www.instagram.com\\\/fintonic_app\\\/\",\"https:\\\/\\\/www.tiktok.com\\\/@fintonic?lang=es\",\"https:\\\/\\\/www.linkedin.com\\\/company\\\/fintonic\\\/mycompany\\\/\",\"https:\\\/\\\/www.youtube.com\\\/@fintonictv\"]},{\"@type\":\"Person\",\"@id\":\"https:\\\/\\\/www.fintonic.com\\\/blog\\\/#\\\/schema\\\/person\\\/ddf97a6c293f2dbeed890d3f3d817499\",\"name\":\"Jorge Jimenez\",\"description\":\"Tomar buenas decisiones econ\u00f3micas es saber disfrutar la vida\",\"sameAs\":[\"https:\\\/\\\/x.com\\\/JorgeJimenez1\"],\"jobTitle\":\"Head of Growth\",\"url\":\"https:\\\/\\\/www.fintonic.com\\\/blog\\\/author\\\/jorge-jimenez\\\/\"}]}<\/script>\n<!-- \/ Yoast SEO Premium plugin. -->","yoast_head_json":{"title":"Madrid Fashion Week: revoluci\u00f3n en el sector de la moda - Fintonic News","description":"Esta semana se celebra la Mercedes Benz Fashion Week en Madrid, y en Fintonic te contamos las \u00faltimas novedades del sector.","robots":{"index":"index","follow":"follow","max-snippet":"max-snippet:-1","max-image-preview":"max-image-preview:large","max-video-preview":"max-video-preview:-1"},"canonical":"https:\/\/www.fintonic.com\/blog\/madrid-fashion-week-revolucion-en-el-sector-de-la-moda\/","og_locale":"es_ES","og_type":"article","og_title":"Madrid Fashion Week: revoluci\u00f3n en el sector de la moda","og_description":"Esta semana se celebra la Mercedes Benz Fashion Week en Madrid, y en Fintonic te contamos las \u00faltimas novedades del sector.","og_url":"https:\/\/www.fintonic.com\/blog\/madrid-fashion-week-revolucion-en-el-sector-de-la-moda\/","og_site_name":"Fintonic News","article_publisher":"https:\/\/www.facebook.com\/Fintonic\/","article_published_time":"2017-02-16T09:36:12+00:00","og_image":[{"width":512,"height":512,"url":"https:\/\/www.fintonic.com\/blog\/wp-content\/uploads\/2024\/03\/cropped-Fintonic_Logo-1-1.png","type":"image\/png"}],"author":"Jorge Jimenez","twitter_card":"summary_large_image","twitter_creator":"@JorgeJimenez1","twitter_site":"@FINTONIC","twitter_misc":{"Escrito por":"Jorge Jimenez","Tiempo de lectura":"6 minutos"},"schema":{"@context":"https:\/\/schema.org","@graph":[{"@type":"Article","@id":"https:\/\/www.fintonic.com\/blog\/madrid-fashion-week-revolucion-en-el-sector-de-la-moda\/#article","isPartOf":{"@id":"https:\/\/www.fintonic.com\/blog\/madrid-fashion-week-revolucion-en-el-sector-de-la-moda\/"},"author":{"name":"Jorge Jimenez","@id":"https:\/\/www.fintonic.com\/blog\/#\/schema\/person\/ddf97a6c293f2dbeed890d3f3d817499"},"headline":"Madrid Fashion Week: revoluci\u00f3n en el sector de la moda","datePublished":"2017-02-16T09:36:12+00:00","mainEntityOfPage":{"@id":"https:\/\/www.fintonic.com\/blog\/madrid-fashion-week-revolucion-en-el-sector-de-la-moda\/"},"wordCount":1208,"publisher":{"@id":"https:\/\/www.fintonic.com\/blog\/#organization"},"image":{"@id":"https:\/\/www.fintonic.com\/blog\/madrid-fashion-week-revolucion-en-el-sector-de-la-moda\/#primaryimage"},"thumbnailUrl":"","articleSection":["Lifestyle","Moda"],"inLanguage":"es"},{"@type":"WebPage","@id":"https:\/\/www.fintonic.com\/blog\/madrid-fashion-week-revolucion-en-el-sector-de-la-moda\/","url":"https:\/\/www.fintonic.com\/blog\/madrid-fashion-week-revolucion-en-el-sector-de-la-moda\/","name":"Madrid Fashion Week: revoluci\u00f3n en el sector de la moda - Fintonic News","isPartOf":{"@id":"https:\/\/www.fintonic.com\/blog\/#website"},"primaryImageOfPage":{"@id":"https:\/\/www.fintonic.com\/blog\/madrid-fashion-week-revolucion-en-el-sector-de-la-moda\/#primaryimage"},"image":{"@id":"https:\/\/www.fintonic.com\/blog\/madrid-fashion-week-revolucion-en-el-sector-de-la-moda\/#primaryimage"},"thumbnailUrl":"","datePublished":"2017-02-16T09:36:12+00:00","description":"Esta semana se celebra la Mercedes Benz Fashion Week en Madrid, y en Fintonic te contamos las \u00faltimas novedades del sector.","breadcrumb":{"@id":"https:\/\/www.fintonic.com\/blog\/madrid-fashion-week-revolucion-en-el-sector-de-la-moda\/#breadcrumb"},"inLanguage":"es","potentialAction":[{"@type":"ReadAction","target":["https:\/\/www.fintonic.com\/blog\/madrid-fashion-week-revolucion-en-el-sector-de-la-moda\/"]}]},{"@type":"ImageObject","inLanguage":"es","@id":"https:\/\/www.fintonic.com\/blog\/madrid-fashion-week-revolucion-en-el-sector-de-la-moda\/#primaryimage","url":"","contentUrl":""},{"@type":"BreadcrumbList","@id":"https:\/\/www.fintonic.com\/blog\/madrid-fashion-week-revolucion-en-el-sector-de-la-moda\/#breadcrumb","itemListElement":[{"@type":"ListItem","position":1,"name":"Portada","item":"https:\/\/www.fintonic.com\/blog\/"},{"@type":"ListItem","position":2,"name":"Madrid Fashion Week: revoluci\u00f3n en el sector de la moda"}]},{"@type":"WebSite","@id":"https:\/\/www.fintonic.com\/blog\/#website","url":"https:\/\/www.fintonic.com\/blog\/","name":"Fintonic News","description":"","publisher":{"@id":"https:\/\/www.fintonic.com\/blog\/#organization"},"potentialAction":[{"@type":"SearchAction","target":{"@type":"EntryPoint","urlTemplate":"https:\/\/www.fintonic.com\/blog\/?s={search_term_string}"},"query-input":{"@type":"PropertyValueSpecification","valueRequired":true,"valueName":"search_term_string"}}],"inLanguage":"es"},{"@type":"Organization","@id":"https:\/\/www.fintonic.com\/blog\/#organization","name":"Fintonic News","url":"https:\/\/www.fintonic.com\/blog\/","logo":{"@type":"ImageObject","inLanguage":"es","@id":"https:\/\/www.fintonic.com\/blog\/#\/schema\/logo\/image\/","url":"https:\/\/www.fintonic.com\/blog\/wp-content\/uploads\/2024\/03\/cropped-Fintonic_Logo-1-1.png","contentUrl":"https:\/\/www.fintonic.com\/blog\/wp-content\/uploads\/2024\/03\/cropped-Fintonic_Logo-1-1.png","width":512,"height":512,"caption":"Fintonic News"},"image":{"@id":"https:\/\/www.fintonic.com\/blog\/#\/schema\/logo\/image\/"},"sameAs":["https:\/\/www.facebook.com\/Fintonic\/","https:\/\/x.com\/FINTONIC","https:\/\/www.instagram.com\/fintonic_app\/","https:\/\/www.tiktok.com\/@fintonic?lang=es","https:\/\/www.linkedin.com\/company\/fintonic\/mycompany\/","https:\/\/www.youtube.com\/@fintonictv"]},{"@type":"Person","@id":"https:\/\/www.fintonic.com\/blog\/#\/schema\/person\/ddf97a6c293f2dbeed890d3f3d817499","name":"Jorge Jimenez","description":"Tomar buenas decisiones econ\u00f3micas es saber disfrutar la vida","sameAs":["https:\/\/x.com\/JorgeJimenez1"],"jobTitle":"Head of Growth","url":"https:\/\/www.fintonic.com\/blog\/author\/jorge-jimenez\/"}]}},"_links":{"self":[{"href":"https:\/\/www.fintonic.com\/blog\/wp-json\/wp\/v2\/posts\/4747","targetHints":{"allow":["GET"]}}],"collection":[{"href":"https:\/\/www.fintonic.com\/blog\/wp-json\/wp\/v2\/posts"}],"about":[{"href":"https:\/\/www.fintonic.com\/blog\/wp-json\/wp\/v2\/types\/post"}],"author":[{"embeddable":true,"href":"https:\/\/www.fintonic.com\/blog\/wp-json\/wp\/v2\/users\/3"}],"replies":[{"embeddable":true,"href":"https:\/\/www.fintonic.com\/blog\/wp-json\/wp\/v2\/comments?post=4747"}],"version-history":[{"count":0,"href":"https:\/\/www.fintonic.com\/blog\/wp-json\/wp\/v2\/posts\/4747\/revisions"}],"wp:featuredmedia":[{"embeddable":true,"href":"https:\/\/www.fintonic.com\/blog\/wp-json\/"}],"wp:attachment":[{"href":"https:\/\/www.fintonic.com\/blog\/wp-json\/wp\/v2\/media?parent=4747"}],"wp:term":[{"taxonomy":"category","embeddable":true,"href":"https:\/\/www.fintonic.com\/blog\/wp-json\/wp\/v2\/categories?post=4747"},{"taxonomy":"post_tag","embeddable":true,"href":"https:\/\/www.fintonic.com\/blog\/wp-json\/wp\/v2\/tags?post=4747"}],"curies":[{"name":"wp","href":"https:\/\/api.w.org\/{rel}","templated":true}]}}