{"id":4549,"date":"2017-01-26T14:26:54","date_gmt":"2017-01-26T13:26:54","guid":{"rendered":"http:\/\/ec2-52-31-25-226.eu-west-1.compute.amazonaws.com\/?p=4549"},"modified":"2017-01-26T14:26:54","modified_gmt":"2017-01-26T13:26:54","slug":"es-posible-mejorar-la-forma-de-trabajar-de-los-espanoles","status":"publish","type":"post","link":"https:\/\/www.fintonic.com\/blog\/es-posible-mejorar-la-forma-de-trabajar-de-los-espanoles\/","title":{"rendered":"\u00bfEs posible mejorar la forma de trabajar de los espa\u00f1oles?"},"content":{"rendered":"<p><a href=\"http:\/\/economia.elpais.com\/economia\/2016\/12\/12\/actualidad\/1481549749_782098.html\">La ministra de empleo, F\u00e1tima B\u00e1\u00f1ez, propuso el pasado mes de diciembre un pacto pol\u00edtico y social para que la jornada laboral en Espa\u00f1a acabe a las seis de la tarde<\/a>. As\u00ed lo comunic\u00f3 en su comparecencia ante la Comisi\u00f3n de Empleo del Congreso. B\u00e1\u00f1ez llam\u00f3 a la participaci\u00f3n de las grandes empresas y de las asociaciones empresariales y sindicales para que este cambio sea posible.<\/p>\n<p><!--more--><\/p>\n<p><span style=\"font-weight: 400;\">Esta propuesta busca fomentar la idea de mejorar la conciliaci\u00f3n de la vida profesional con la personal. En comparaci\u00f3n con otros pa\u00edses,<strong> los espa\u00f1oles tenemos una de las jornadas laborales m\u00e1s amplias<\/strong>. El m\u00e1ximo de horas semanales que se deben dedicar al trabajo es de 40 horas, pero muchas empresas espa\u00f1olas, incluso, sobrepasan esta cifra. Muchos trabajadores saben a qu\u00e9 hora entran a trabajar, pero no a la que salen. Algunos incluso pueden estar en su puesto de trabajo desde las 9.00 horas hasta las 20.00 horas. Seg\u00fan Eurostat, <\/span><a href=\"http:\/\/economia.elpais.com\/economia\/2016\/12\/16\/actualidad\/1481919510_749510.html\"><span style=\"font-weight: 400;\">en Espa\u00f1a cenamos dos horas m\u00e1s tarde que en Francia y nuestra jornada laboral termina tres horas despu\u00e9s que en Alemania<\/span><\/a><span style=\"font-weight: 400;\">. <\/span><\/p>\n<p><span style=\"font-weight: 400;\">En Espa\u00f1a nos caracterizamos por la falta de flexibilidad, la cultura del <\/span><i><span style=\"font-weight: 400;\">presentismo<\/span><\/i><span style=\"font-weight: 400;\"> y el huso horario que no nos corresponde geogr\u00e1ficamente. En cuanto a este \u00faltimo punto, F\u00e1tima B\u00e1\u00f1ez tambi\u00e9n plante\u00f3 la posibilidad del <\/span><strong>cambio de huso horario en Espa\u00f1a<\/strong><span style=\"font-weight: 400;\"> a fin de facilitar la reducci\u00f3n de las jornadas laborales. Pero, \u00bfc\u00f3mo podemos conseguirlo? Para poner en pr\u00e1ctica estas medidas, la ministra de Empleo propuso establecer <\/span><strong>mecanismos para hacer m\u00e1s flexible la jornada, as\u00ed como implementar nuevas f\u00f3rmulas de teletrabajo.<\/strong><span style=\"font-weight: 400;\"> Su idea es reducir las jornadas laborales y crear m\u00e1s turnos de trabajo, lo que dar\u00eda lugar a m\u00e1s empleo. Pero la pregunta que nos surge a todos es: \u00bfla reducci\u00f3n de la jornada laboral llegar\u00e1 tambi\u00e9n con una reducci\u00f3n en el salario? Todos esperamos que no sea as\u00ed, pero en cualquier caso, siempre es conveniente tener nuestras cuentas bien controladas con nuestra <\/span><strong><a href=\"https:\/\/go.onelink.me\/4dGw\/9c41141b\">app de Fintonic<\/a><\/strong><span style=\"font-weight: 400;\">, con la que poder consultar todos nuestros ingresos y gastos en un solo golpe de vista.<\/span><\/p>\n<p><strong><a href=\"https:\/\/www.fintonic.com\/wp-content\/uploads\/2017\/01\/teclado-mujer-trabajo.jpg\"><img fetchpriority=\"high\" decoding=\"async\" class=\"alignnone wp-image-4552 size-full\" title=\"\u00bfEs-posible-mejorar-la-forma-de-trabajar-de-los-espa\u00f1oles?\" src=\"https:\/\/www.fintonic.com\/wp-content\/uploads\/2017\/01\/teclado-mujer-trabajo.jpg\" alt=\"\u00bfEs-posible-mejorar-la-forma-de-trabajar-de-los-espa\u00f1oles?\" width=\"1280\" height=\"854\" \/><\/a><\/strong><\/p>\n<p><strong>\u00bfPero, qu\u00e9 preferimos los espa\u00f1oles?<\/strong><\/p>\n<p><span style=\"font-weight: 400;\">Seg\u00fan un estudio realizado por la agencia de Recursos Humanos Randstad, <\/span><a href=\"http:\/\/www.elmundo.es\/economia\/2016\/12\/15\/58519dcfe5fdeade068b45fb.html\"><span style=\"font-weight: 400;\">el 36% de los trabajadores espa\u00f1oles prefieren una mayor flexibilidad laboral<\/span><\/a><span style=\"font-weight: 400;\">, es decir, tener horas variables dentro de las \u00a0jornadas. Por su parte, un 16% apuestan por alargar nuestra jornada laboral si eso nos permitiese reducir los d\u00edas de trabajo a la semana. En otras palabras, <\/span><strong>trabajar 4 d\u00edas durante m\u00e1s horas y librar 3 d\u00edas.<\/strong><\/p>\n<p><span style=\"font-weight: 400;\">El grado de insatisfacci\u00f3n con el horario laboral de los trabajadores espa\u00f1oles es muy elevado. Los motivos principales son el poco tiempo libre que tenemos para nosotros mismos y la posibilidad de conciliar nuestra vida personal con el trabajo. Conclusiones extra\u00eddas del informe anual <\/span><a href=\"https:\/\/www.randstad.es\/nosotros\/sala-prensa\/el-salario-se-mantiene-como-el-factor-mas-importante-para-elegir-una-empresa-por-tercer-ano-consecutivo\/\"><span style=\"font-weight: 400;\">Employer Branding<\/span><\/a><span style=\"font-weight: 400;\">. Y, \u00bfcu\u00e1l es la soluci\u00f3n? En palabras de Luis P\u00e9rez, director de Relaciones Institucionales de Randstad: <strong>\u00ab<\/strong><\/span><strong>La soluci\u00f3n pasa por liberar un mercado laboral r\u00edgido<\/strong><span style=\"font-weight: 400;\">, con opciones que aporten bienestar econ\u00f3mico y social a todos los trabajadores y a la vez incrementen constantemente la productividad para generar empleo\u00bb. <\/span><\/p>\n<p><span style=\"font-weight: 400;\">Una reducci\u00f3n de la jornada laboral no solo es beneficiosa para los trabajadores, quienes dispondr\u00edan de m\u00e1s tiempo para sus cosas personales, sino tambi\u00e9n para las empresas. Los trabajadores realizar\u00edan sus tareas con mayor entusiasmo y eso se traducir\u00eda en un <strong>aumento de la <\/strong><\/span><strong>productividad. <\/strong><\/p>\n<p><strong>Los beneficios de las jornadas de trabajo reducidas<\/strong><\/p>\n<p><span style=\"font-weight: 400;\">Suecia ha sido uno de los pa\u00edses que ha apostado por la reducci\u00f3n de la jornada laboral a 6 horas. La idea estuvo reflejada en la experiencia de 13 a\u00f1os de una filial de la compa\u00f1\u00eda Toyota que se encuentra en Suecia. <\/span><a href=\"http:\/\/creandoriquezaweb.com\/2016\/12\/jornada-laboral-6-horas\/\"><span style=\"font-weight: 400;\">\u201cEl personal se siente mejor, hay una baja rotaci\u00f3n y es m\u00e1s f\u00e1cil reclutar gente nueva\u201d<\/span><\/a><span style=\"font-weight: 400;\">, ha afirmado el Director General de Toyota en el pa\u00eds sueco, Mart\u00edn Banck. A estas ventajas se les suma el <\/span><strong>uso m\u00e1s eficiente de las m\u00e1quinas y los menores costes de capital<\/strong><span style=\"font-weight: 400;\">. \u00a0Con esta medida, Suecia busca aumentar la eficiencia laboral, ahorrar en fondos estatales y abrir un nuevo camino de oportunidades. <\/span><\/p>\n<p><span style=\"font-weight: 400;\">Otro ejemplo de los beneficios de la reducci\u00f3n de la jornada laboral a 6 horas diarias lo encontramos en un <\/span><strong>centro de mayores en Gotemburgo<\/strong><span style=\"font-weight: 400;\">. Se hizo un experimento para probar c\u00f3mo afectaba esta reducci\u00f3n a la empresa. Para ello, mantuvieron el mismos salario a los\/las cuidadores pero redujeron su jornada en 2 horas. Los resultados fueron los siguientes: <\/span><a href=\"http:\/\/los40.com.mx\/los40\/2016\/12\/01\/lacorneta\/1480623824_428804.html\"><span style=\"font-weight: 400;\">mejor trato y cuidado a los pacientes, trato m\u00e1s personalizado y una mayor amabilidad.<\/span><\/a><span style=\"font-weight: 400;\"> Esta medida, adem\u00e1s, ha generado 14 nuevos puestos de trabajo para cubrir las horas que ahora quedaban libres. <\/span><\/p>\n<p><span style=\"font-weight: 400;\">En el caso de Europa, el referente en la reducci\u00f3n de las horas laborales es Francia. Lleva varios a\u00f1os intentando establecer jornadas m\u00e1s cortas. Esta decisi\u00f3n tiene tanto personas a favor como en contra. Por ejemplo, algunos trabajadores franceses consideran que 6 horas no son suficientes para realizar todas las labores necesarias en un d\u00eda. Sin embargo, no existe una correlaci\u00f3n directa entre las horas trabajadas y la productividad, tal y como afirm\u00f3 un estudio de la Universidad de Stanford en 2014. <\/span><strong>Trabajar m\u00e1s horas no significa que vayamos a tener mejores resultados.<\/strong><\/p>\n<p><strong>C\u00f3mo se benefician las empresas<\/strong><\/p>\n<p><span style=\"font-weight: 400;\">Centr\u00e1ndonos en los beneficios de la jornada reducida para las empresas, encontramos un gran ahorro en costes. Tal y como apunt\u00e1bamos anteriormente, se hace un <\/span><strong>uso m\u00e1s eficiente de los recursos<\/strong><span style=\"font-weight: 400;\"> al usarlos por un periodo de tiempo m\u00e1s corto y con los mismos o mejores resultados. De la misma forma, los trabajadores son m\u00e1s productivos cuando trabajan menos horas porque est\u00e1n m\u00e1s felices. Esta situaci\u00f3n elimina la necesidad de disponer de un mayor n\u00famero de recursos para alcanzar los objetivos propuestos. <\/span><\/p>\n<p><span style=\"font-weight: 400;\">Por otro lado, la reducci\u00f3n de la jornada laboral supone un <\/span><strong>gran ahorro de energ\u00eda<\/strong><span style=\"font-weight: 400;\"> para las empresas. Los trabajadores pasan menos tiempo en la oficina, por lo que se reduce el consumo de luz y electricidad, incluso del agua. Una de las recomendaciones de F\u00e1tima B\u00e1\u00f1ez era impulsar el teletrabajo para que los trabajadores no pierdan el tiempo en los trayectos y su jornada laboral acabe antes, en t\u00e9rminos generales. En este sentido, <\/span><strong>el teletrabajo tambi\u00e9n es una excelente medida para ahorrar en los gastos de una oficina. <\/strong><\/p>\n<p><a href=\"https:\/\/go.onelink.me\/4dGw\/9c41141b\"><img decoding=\"async\" class=\"alignnone wp-image-9496 size-full\" src=\"https:\/\/www.fintonic.com\/wp-content\/uploads\/2019\/02\/Descargate-la-app-.png\" alt=\"\" width=\"1278\" height=\"500\" \/><\/a><\/p>\n<p><span style=\"font-weight: 400;\">Se haga efectiva o no esta atractiva medida, saber gestionar nuestros recursos para ahorrar tiempo es muy importante en nuestras vidas, y <\/span><strong><a href=\"https:\/\/go.onelink.me\/4dGw\/9c41141b\">la app de Fintonic<\/a><\/strong><span style=\"font-weight: 400;\"> es la herramienta perfecta para esto. Podr\u00e1s gestionar el salario que cobras desde la app y de esta manera controlar tus ingresos y gastos de forma eficaz y siempre ayudando y fomentando el ahorro. Es f\u00e1cil y sencilla de utilizar, adem\u00e1s de ser una app segura y fiable, con datos que pueden beneficiarte a la hora de tomar decisiones de tus gastos y finanzas personales. Se trabaja por dinero, y ese dinero \u00a1se gestiona con la <\/span><strong><a href=\"https:\/\/go.onelink.me\/4dGw\/9c41141b\">app de Fintonic<\/a><\/strong>!<\/p>\n","protected":false},"excerpt":{"rendered":"<p>La ministra de empleo, F\u00e1tima B\u00e1\u00f1ez, propuso el pasado mes de diciembre un pacto pol\u00edtico y social para que la jornada laboral en Espa\u00f1a acabe a las seis de la tarde. As\u00ed lo comunic\u00f3 en su comparecencia ante la Comisi\u00f3n de Empleo del Congreso. B\u00e1\u00f1ez llam\u00f3 a la participaci\u00f3n de las grandes empresas y de [&hellip;]<\/p>\n","protected":false},"author":3,"featured_media":4550,"comment_status":"closed","ping_status":"open","sticky":false,"template":"","format":"standard","meta":{"footnotes":""},"categories":[54,235],"tags":[],"class_list":["post-4549","post","type-post","status-publish","format-standard","has-post-thumbnail","hentry","category-ahorro","category-laboral"],"yoast_head":"<!-- This site is optimized with the Yoast SEO Premium plugin v27.2 (Yoast SEO v27.5) - https:\/\/yoast.com\/product\/yoast-seo-premium-wordpress\/ -->\n<title>Es posible mejorar la forma de trabajar de los espa\u00f1oles<\/title>\n<meta name=\"description\" content=\"Mucho se ha hablado sobre la reducci\u00f3n de la jornada laboral o del aumento de puestos de trabajo desde casa, \u00bfes posible este modelo para los espa\u00f1oles?\" \/>\n<meta name=\"robots\" content=\"index, follow, max-snippet:-1, max-image-preview:large, max-video-preview:-1\" \/>\n<link rel=\"canonical\" href=\"https:\/\/www.fintonic.com\/blog\/es-posible-mejorar-la-forma-de-trabajar-de-los-espanoles\/\" \/>\n<meta property=\"og:locale\" content=\"es_ES\" \/>\n<meta property=\"og:type\" content=\"article\" \/>\n<meta property=\"og:title\" content=\"\u00bfEs posible mejorar la forma de trabajar de los espa\u00f1oles?\" \/>\n<meta property=\"og:description\" content=\"Mucho se ha hablado sobre la reducci\u00f3n de la jornada laboral o del aumento de puestos de trabajo desde casa, \u00bfes posible este modelo para los espa\u00f1oles?\" \/>\n<meta property=\"og:url\" content=\"https:\/\/www.fintonic.com\/blog\/es-posible-mejorar-la-forma-de-trabajar-de-los-espanoles\/\" \/>\n<meta property=\"og:site_name\" content=\"Fintonic News\" \/>\n<meta property=\"article:publisher\" content=\"https:\/\/www.facebook.com\/Fintonic\/\" \/>\n<meta property=\"article:published_time\" content=\"2017-01-26T13:26:54+00:00\" \/>\n<meta property=\"og:image\" content=\"https:\/\/www.fintonic.com\/blog\/wp-content\/uploads\/2024\/03\/cropped-Fintonic_Logo-1-1.png\" \/>\n\t<meta property=\"og:image:width\" content=\"512\" \/>\n\t<meta property=\"og:image:height\" content=\"512\" \/>\n\t<meta property=\"og:image:type\" content=\"image\/png\" \/>\n<meta name=\"author\" content=\"Jorge Jimenez\" \/>\n<meta name=\"twitter:card\" content=\"summary_large_image\" \/>\n<meta name=\"twitter:creator\" content=\"@JorgeJimenez1\" \/>\n<meta name=\"twitter:site\" content=\"@FINTONIC\" \/>\n<meta name=\"twitter:label1\" content=\"Escrito por\" \/>\n\t<meta name=\"twitter:data1\" content=\"Jorge Jimenez\" \/>\n\t<meta name=\"twitter:label2\" content=\"Tiempo de lectura\" \/>\n\t<meta name=\"twitter:data2\" content=\"6 minutos\" \/>\n<script type=\"application\/ld+json\" class=\"yoast-schema-graph\">{\"@context\":\"https:\\\/\\\/schema.org\",\"@graph\":[{\"@type\":\"Article\",\"@id\":\"https:\\\/\\\/www.fintonic.com\\\/blog\\\/es-posible-mejorar-la-forma-de-trabajar-de-los-espanoles\\\/#article\",\"isPartOf\":{\"@id\":\"https:\\\/\\\/www.fintonic.com\\\/blog\\\/es-posible-mejorar-la-forma-de-trabajar-de-los-espanoles\\\/\"},\"author\":{\"name\":\"Jorge Jimenez\",\"@id\":\"https:\\\/\\\/www.fintonic.com\\\/blog\\\/#\\\/schema\\\/person\\\/ddf97a6c293f2dbeed890d3f3d817499\"},\"headline\":\"\u00bfEs posible mejorar la forma de trabajar de los espa\u00f1oles?\",\"datePublished\":\"2017-01-26T13:26:54+00:00\",\"mainEntityOfPage\":{\"@id\":\"https:\\\/\\\/www.fintonic.com\\\/blog\\\/es-posible-mejorar-la-forma-de-trabajar-de-los-espanoles\\\/\"},\"wordCount\":1230,\"publisher\":{\"@id\":\"https:\\\/\\\/www.fintonic.com\\\/blog\\\/#organization\"},\"image\":{\"@id\":\"https:\\\/\\\/www.fintonic.com\\\/blog\\\/es-posible-mejorar-la-forma-de-trabajar-de-los-espanoles\\\/#primaryimage\"},\"thumbnailUrl\":\"\",\"articleSection\":[\"Ahorro\",\"Laboral\"],\"inLanguage\":\"es\"},{\"@type\":\"WebPage\",\"@id\":\"https:\\\/\\\/www.fintonic.com\\\/blog\\\/es-posible-mejorar-la-forma-de-trabajar-de-los-espanoles\\\/\",\"url\":\"https:\\\/\\\/www.fintonic.com\\\/blog\\\/es-posible-mejorar-la-forma-de-trabajar-de-los-espanoles\\\/\",\"name\":\"Es posible mejorar la forma de trabajar de los espa\u00f1oles\",\"isPartOf\":{\"@id\":\"https:\\\/\\\/www.fintonic.com\\\/blog\\\/#website\"},\"primaryImageOfPage\":{\"@id\":\"https:\\\/\\\/www.fintonic.com\\\/blog\\\/es-posible-mejorar-la-forma-de-trabajar-de-los-espanoles\\\/#primaryimage\"},\"image\":{\"@id\":\"https:\\\/\\\/www.fintonic.com\\\/blog\\\/es-posible-mejorar-la-forma-de-trabajar-de-los-espanoles\\\/#primaryimage\"},\"thumbnailUrl\":\"\",\"datePublished\":\"2017-01-26T13:26:54+00:00\",\"description\":\"Mucho se ha hablado sobre la reducci\u00f3n de la jornada laboral o del aumento de puestos de trabajo desde casa, \u00bfes posible este modelo para los espa\u00f1oles?\",\"breadcrumb\":{\"@id\":\"https:\\\/\\\/www.fintonic.com\\\/blog\\\/es-posible-mejorar-la-forma-de-trabajar-de-los-espanoles\\\/#breadcrumb\"},\"inLanguage\":\"es\",\"potentialAction\":[{\"@type\":\"ReadAction\",\"target\":[\"https:\\\/\\\/www.fintonic.com\\\/blog\\\/es-posible-mejorar-la-forma-de-trabajar-de-los-espanoles\\\/\"]}]},{\"@type\":\"ImageObject\",\"inLanguage\":\"es\",\"@id\":\"https:\\\/\\\/www.fintonic.com\\\/blog\\\/es-posible-mejorar-la-forma-de-trabajar-de-los-espanoles\\\/#primaryimage\",\"url\":\"\",\"contentUrl\":\"\"},{\"@type\":\"BreadcrumbList\",\"@id\":\"https:\\\/\\\/www.fintonic.com\\\/blog\\\/es-posible-mejorar-la-forma-de-trabajar-de-los-espanoles\\\/#breadcrumb\",\"itemListElement\":[{\"@type\":\"ListItem\",\"position\":1,\"name\":\"Portada\",\"item\":\"https:\\\/\\\/www.fintonic.com\\\/blog\\\/\"},{\"@type\":\"ListItem\",\"position\":2,\"name\":\"\u00bfEs posible mejorar la forma de trabajar de los espa\u00f1oles?\"}]},{\"@type\":\"WebSite\",\"@id\":\"https:\\\/\\\/www.fintonic.com\\\/blog\\\/#website\",\"url\":\"https:\\\/\\\/www.fintonic.com\\\/blog\\\/\",\"name\":\"Fintonic News\",\"description\":\"\",\"publisher\":{\"@id\":\"https:\\\/\\\/www.fintonic.com\\\/blog\\\/#organization\"},\"potentialAction\":[{\"@type\":\"SearchAction\",\"target\":{\"@type\":\"EntryPoint\",\"urlTemplate\":\"https:\\\/\\\/www.fintonic.com\\\/blog\\\/?s={search_term_string}\"},\"query-input\":{\"@type\":\"PropertyValueSpecification\",\"valueRequired\":true,\"valueName\":\"search_term_string\"}}],\"inLanguage\":\"es\"},{\"@type\":\"Organization\",\"@id\":\"https:\\\/\\\/www.fintonic.com\\\/blog\\\/#organization\",\"name\":\"Fintonic News\",\"url\":\"https:\\\/\\\/www.fintonic.com\\\/blog\\\/\",\"logo\":{\"@type\":\"ImageObject\",\"inLanguage\":\"es\",\"@id\":\"https:\\\/\\\/www.fintonic.com\\\/blog\\\/#\\\/schema\\\/logo\\\/image\\\/\",\"url\":\"https:\\\/\\\/www.fintonic.com\\\/blog\\\/wp-content\\\/uploads\\\/2024\\\/03\\\/cropped-Fintonic_Logo-1-1.png\",\"contentUrl\":\"https:\\\/\\\/www.fintonic.com\\\/blog\\\/wp-content\\\/uploads\\\/2024\\\/03\\\/cropped-Fintonic_Logo-1-1.png\",\"width\":512,\"height\":512,\"caption\":\"Fintonic News\"},\"image\":{\"@id\":\"https:\\\/\\\/www.fintonic.com\\\/blog\\\/#\\\/schema\\\/logo\\\/image\\\/\"},\"sameAs\":[\"https:\\\/\\\/www.facebook.com\\\/Fintonic\\\/\",\"https:\\\/\\\/x.com\\\/FINTONIC\",\"https:\\\/\\\/www.instagram.com\\\/fintonic_app\\\/\",\"https:\\\/\\\/www.tiktok.com\\\/@fintonic?lang=es\",\"https:\\\/\\\/www.linkedin.com\\\/company\\\/fintonic\\\/mycompany\\\/\",\"https:\\\/\\\/www.youtube.com\\\/@fintonictv\"]},{\"@type\":\"Person\",\"@id\":\"https:\\\/\\\/www.fintonic.com\\\/blog\\\/#\\\/schema\\\/person\\\/ddf97a6c293f2dbeed890d3f3d817499\",\"name\":\"Jorge Jimenez\",\"description\":\"Tomar buenas decisiones econ\u00f3micas es saber disfrutar la vida\",\"sameAs\":[\"https:\\\/\\\/x.com\\\/JorgeJimenez1\"],\"jobTitle\":\"Head of Growth\",\"url\":\"https:\\\/\\\/www.fintonic.com\\\/blog\\\/author\\\/jorge-jimenez\\\/\"}]}<\/script>\n<!-- \/ Yoast SEO Premium plugin. -->","yoast_head_json":{"title":"Es posible mejorar la forma de trabajar de los espa\u00f1oles","description":"Mucho se ha hablado sobre la reducci\u00f3n de la jornada laboral o del aumento de puestos de trabajo desde casa, \u00bfes posible este modelo para los espa\u00f1oles?","robots":{"index":"index","follow":"follow","max-snippet":"max-snippet:-1","max-image-preview":"max-image-preview:large","max-video-preview":"max-video-preview:-1"},"canonical":"https:\/\/www.fintonic.com\/blog\/es-posible-mejorar-la-forma-de-trabajar-de-los-espanoles\/","og_locale":"es_ES","og_type":"article","og_title":"\u00bfEs posible mejorar la forma de trabajar de los espa\u00f1oles?","og_description":"Mucho se ha hablado sobre la reducci\u00f3n de la jornada laboral o del aumento de puestos de trabajo desde casa, \u00bfes posible este modelo para los espa\u00f1oles?","og_url":"https:\/\/www.fintonic.com\/blog\/es-posible-mejorar-la-forma-de-trabajar-de-los-espanoles\/","og_site_name":"Fintonic News","article_publisher":"https:\/\/www.facebook.com\/Fintonic\/","article_published_time":"2017-01-26T13:26:54+00:00","og_image":[{"width":512,"height":512,"url":"https:\/\/www.fintonic.com\/blog\/wp-content\/uploads\/2024\/03\/cropped-Fintonic_Logo-1-1.png","type":"image\/png"}],"author":"Jorge Jimenez","twitter_card":"summary_large_image","twitter_creator":"@JorgeJimenez1","twitter_site":"@FINTONIC","twitter_misc":{"Escrito por":"Jorge Jimenez","Tiempo de lectura":"6 minutos"},"schema":{"@context":"https:\/\/schema.org","@graph":[{"@type":"Article","@id":"https:\/\/www.fintonic.com\/blog\/es-posible-mejorar-la-forma-de-trabajar-de-los-espanoles\/#article","isPartOf":{"@id":"https:\/\/www.fintonic.com\/blog\/es-posible-mejorar-la-forma-de-trabajar-de-los-espanoles\/"},"author":{"name":"Jorge Jimenez","@id":"https:\/\/www.fintonic.com\/blog\/#\/schema\/person\/ddf97a6c293f2dbeed890d3f3d817499"},"headline":"\u00bfEs posible mejorar la forma de trabajar de los espa\u00f1oles?","datePublished":"2017-01-26T13:26:54+00:00","mainEntityOfPage":{"@id":"https:\/\/www.fintonic.com\/blog\/es-posible-mejorar-la-forma-de-trabajar-de-los-espanoles\/"},"wordCount":1230,"publisher":{"@id":"https:\/\/www.fintonic.com\/blog\/#organization"},"image":{"@id":"https:\/\/www.fintonic.com\/blog\/es-posible-mejorar-la-forma-de-trabajar-de-los-espanoles\/#primaryimage"},"thumbnailUrl":"","articleSection":["Ahorro","Laboral"],"inLanguage":"es"},{"@type":"WebPage","@id":"https:\/\/www.fintonic.com\/blog\/es-posible-mejorar-la-forma-de-trabajar-de-los-espanoles\/","url":"https:\/\/www.fintonic.com\/blog\/es-posible-mejorar-la-forma-de-trabajar-de-los-espanoles\/","name":"Es posible mejorar la forma de trabajar de los espa\u00f1oles","isPartOf":{"@id":"https:\/\/www.fintonic.com\/blog\/#website"},"primaryImageOfPage":{"@id":"https:\/\/www.fintonic.com\/blog\/es-posible-mejorar-la-forma-de-trabajar-de-los-espanoles\/#primaryimage"},"image":{"@id":"https:\/\/www.fintonic.com\/blog\/es-posible-mejorar-la-forma-de-trabajar-de-los-espanoles\/#primaryimage"},"thumbnailUrl":"","datePublished":"2017-01-26T13:26:54+00:00","description":"Mucho se ha hablado sobre la reducci\u00f3n de la jornada laboral o del aumento de puestos de trabajo desde casa, \u00bfes posible este modelo para los espa\u00f1oles?","breadcrumb":{"@id":"https:\/\/www.fintonic.com\/blog\/es-posible-mejorar-la-forma-de-trabajar-de-los-espanoles\/#breadcrumb"},"inLanguage":"es","potentialAction":[{"@type":"ReadAction","target":["https:\/\/www.fintonic.com\/blog\/es-posible-mejorar-la-forma-de-trabajar-de-los-espanoles\/"]}]},{"@type":"ImageObject","inLanguage":"es","@id":"https:\/\/www.fintonic.com\/blog\/es-posible-mejorar-la-forma-de-trabajar-de-los-espanoles\/#primaryimage","url":"","contentUrl":""},{"@type":"BreadcrumbList","@id":"https:\/\/www.fintonic.com\/blog\/es-posible-mejorar-la-forma-de-trabajar-de-los-espanoles\/#breadcrumb","itemListElement":[{"@type":"ListItem","position":1,"name":"Portada","item":"https:\/\/www.fintonic.com\/blog\/"},{"@type":"ListItem","position":2,"name":"\u00bfEs posible mejorar la forma de trabajar de los espa\u00f1oles?"}]},{"@type":"WebSite","@id":"https:\/\/www.fintonic.com\/blog\/#website","url":"https:\/\/www.fintonic.com\/blog\/","name":"Fintonic News","description":"","publisher":{"@id":"https:\/\/www.fintonic.com\/blog\/#organization"},"potentialAction":[{"@type":"SearchAction","target":{"@type":"EntryPoint","urlTemplate":"https:\/\/www.fintonic.com\/blog\/?s={search_term_string}"},"query-input":{"@type":"PropertyValueSpecification","valueRequired":true,"valueName":"search_term_string"}}],"inLanguage":"es"},{"@type":"Organization","@id":"https:\/\/www.fintonic.com\/blog\/#organization","name":"Fintonic News","url":"https:\/\/www.fintonic.com\/blog\/","logo":{"@type":"ImageObject","inLanguage":"es","@id":"https:\/\/www.fintonic.com\/blog\/#\/schema\/logo\/image\/","url":"https:\/\/www.fintonic.com\/blog\/wp-content\/uploads\/2024\/03\/cropped-Fintonic_Logo-1-1.png","contentUrl":"https:\/\/www.fintonic.com\/blog\/wp-content\/uploads\/2024\/03\/cropped-Fintonic_Logo-1-1.png","width":512,"height":512,"caption":"Fintonic News"},"image":{"@id":"https:\/\/www.fintonic.com\/blog\/#\/schema\/logo\/image\/"},"sameAs":["https:\/\/www.facebook.com\/Fintonic\/","https:\/\/x.com\/FINTONIC","https:\/\/www.instagram.com\/fintonic_app\/","https:\/\/www.tiktok.com\/@fintonic?lang=es","https:\/\/www.linkedin.com\/company\/fintonic\/mycompany\/","https:\/\/www.youtube.com\/@fintonictv"]},{"@type":"Person","@id":"https:\/\/www.fintonic.com\/blog\/#\/schema\/person\/ddf97a6c293f2dbeed890d3f3d817499","name":"Jorge Jimenez","description":"Tomar buenas decisiones econ\u00f3micas es saber disfrutar la vida","sameAs":["https:\/\/x.com\/JorgeJimenez1"],"jobTitle":"Head of Growth","url":"https:\/\/www.fintonic.com\/blog\/author\/jorge-jimenez\/"}]}},"_links":{"self":[{"href":"https:\/\/www.fintonic.com\/blog\/wp-json\/wp\/v2\/posts\/4549","targetHints":{"allow":["GET"]}}],"collection":[{"href":"https:\/\/www.fintonic.com\/blog\/wp-json\/wp\/v2\/posts"}],"about":[{"href":"https:\/\/www.fintonic.com\/blog\/wp-json\/wp\/v2\/types\/post"}],"author":[{"embeddable":true,"href":"https:\/\/www.fintonic.com\/blog\/wp-json\/wp\/v2\/users\/3"}],"replies":[{"embeddable":true,"href":"https:\/\/www.fintonic.com\/blog\/wp-json\/wp\/v2\/comments?post=4549"}],"version-history":[{"count":0,"href":"https:\/\/www.fintonic.com\/blog\/wp-json\/wp\/v2\/posts\/4549\/revisions"}],"wp:featuredmedia":[{"embeddable":true,"href":"https:\/\/www.fintonic.com\/blog\/wp-json\/"}],"wp:attachment":[{"href":"https:\/\/www.fintonic.com\/blog\/wp-json\/wp\/v2\/media?parent=4549"}],"wp:term":[{"taxonomy":"category","embeddable":true,"href":"https:\/\/www.fintonic.com\/blog\/wp-json\/wp\/v2\/categories?post=4549"},{"taxonomy":"post_tag","embeddable":true,"href":"https:\/\/www.fintonic.com\/blog\/wp-json\/wp\/v2\/tags?post=4549"}],"curies":[{"name":"wp","href":"https:\/\/api.w.org\/{rel}","templated":true}]}}