{"id":3372,"date":"2016-07-01T15:57:27","date_gmt":"2016-07-01T13:57:27","guid":{"rendered":"http:\/\/ec2-52-31-25-226.eu-west-1.compute.amazonaws.com\/?p=3372"},"modified":"2016-07-01T15:57:27","modified_gmt":"2016-07-01T13:57:27","slug":"este-san-fermin-no-te-pille-toro","status":"publish","type":"post","link":"https:\/\/www.fintonic.com\/blog\/este-san-fermin-no-te-pille-toro\/","title":{"rendered":"Que este San Ferm\u00edn no te pille el toro"},"content":{"rendered":"<p>San Ferm\u00edn aporta <strong><a href=\"http:\/\/www.elmundo.es\/cultura\/2015\/07\/06\/559a92cee2704e772c8b458b.html\">74 millones de euros al a\u00f1o<\/a> a su ciudad, Pamplona.<\/strong> La tradici\u00f3n de las fiestas de San Ferm\u00edn, o tambi\u00e9n conocidas como los san fermines, tienen su <strong>origen\u00a0 en la Edad Media.<\/strong> En el a\u00f1o 1591 la festividad se celebraba en octubre, con ferias comerciales y las corridas de toros. El Ayuntamiento de Pamplona, hartos del mal tiempo, solicitaron al obispo un cambio de fecha, y se traslad\u00f3 al 7 de julio, de manera que se hizo coincidir la celebraci\u00f3n religiosa y el bullicio ferial, donde los toros jugaban un papel esencial. A pesar de los a\u00f1os de historia, <strong>la fama a nivel mundial es relativamente reciente, vinculada, sobre todo, a la publicidad que le dio Ernest Hemingway.<\/strong> Hoy d\u00eda es una fiesta cosmopolita, multitudinaria y conocida en todo el mundo.<\/p>\n<p><!--more--><\/p>\n<p>Las fiestas de San Ferm\u00edn <strong>comienzan con el chupinazo<\/strong> desde el balc\u00f3n del Ayuntamiento de Pamplona, a las 12 del mediod\u00eda del 6 de julio <strong>y terminan a las 24 horas del 14 de julio con la canci\u00f3n \u201cPobre de m\u00ed<\/strong>\u201d. Todos los d\u00edas entre el 7 y el 14 de julio hay un encierro a las 8 de la ma\u00f1ana en el que los toros hacen un recorrido de unos 850 metros hasta la plaza de toros, con una duraci\u00f3n media de entre 2 y 3 minutos.<\/p>\n<p><strong>En solo una semana de festejos, la ciudad de Pamplona ingresa para todo el a\u00f1o.<\/strong> Seg\u00fan se publica en el informe \u201c<a href=\"http:\/\/noticias.lainformacion.com\/arte-cultura-y-espectaculos\/toros\/san-fermin-genera-un-impacto-economico-en-pamplona-de-740-millones-en-diez-anos_VS5Xf2kQA7COdNyVX0r0i6\/\">el valor econ\u00f3mico de la feria de San Ferm\u00edn en Pamplona<\/a>\u201d, realizado por la Uni\u00f3n de Criadores de Toros de Lidia y la Econom\u00eda del Toro, Pamplona ha ingresado <strong>740 millones de euros en la \u00faltima d\u00e9cada<\/strong> gracias a la fiesta de San Ferm\u00edn, poni\u00e9ndose de manifiesto la importancia que tiene para la econom\u00eda de la ciudad. <strong>El 80% del gasto, tal y como muestra el informe, corresponde a los propios pamploneses,<\/strong> pero los <strong>turistas se dejan 45 millones<\/strong> de euros en una semana.<\/p>\n<p><strong>Los\u00a0n\u00fameros\u00a0de la fiesta de San Ferm\u00edn<\/strong><\/p>\n<p>Si alguna vez has ido a Pamplona en San Ferm\u00edn puedes hacerte una idea del dinero que se mueve, y <strong>la cantidad de gente que se re\u00fane<\/strong> durante esos d\u00edas. Se trata de una fiesta con <strong>tradici\u00f3n conocida a nivel mundial<\/strong>, que puedes plantearte visitar este a\u00f1o. Sin embargo, es importante que te establezcas antes un presupuesto. Con <a href=\"https:\/\/go.onelink.me\/4dGw\/9c41141b\\\">la app de Fintonic<\/a> podr\u00e1s hacerlo en un solo par de clicks, as\u00ed tendr\u00e1s tus gastos bajo control, ya que el precio de los apartamentos se cuadruplica durante estos d\u00edas. Cuando un apartamento para cuatro personas suele costar 123 euros por noche, <strong>en San Ferm\u00edn puede alcanzar los <a href=\"http:\/\/www.europapress.es\/turismo\/nacional\/noticia-apartamentos-turisticos-cuadruplican-precios-san-fermin-20150629105438.html\">542 euros por noche para cuatro personas<\/a><\/strong>, seg\u00fan la web <a href=\"http:\/\/www.apartum.com\/es\/\">Apartum<\/a>, es decir un 340% m\u00e1s.<\/p>\n<p><a href=\"https:\/\/www.fintonic.com\/wp-content\/uploads\/2016\/07\/san-fermin.jpg\" rel=\"attachment wp-att-3731\"><img fetchpriority=\"high\" decoding=\"async\" class=\"alignnone wp-image-3731 size-full\" src=\"https:\/\/www.fintonic.com\/wp-content\/uploads\/2016\/07\/san-fermin.jpg\" alt=\"Que este San Ferm\u00edn no te pille el toro\" width=\"683\" height=\"1024\" \/><\/a><\/p>\n<p>Seg\u00fan la <a href=\"http:\/\/www.elconfidencialautonomico.com\/navarra\/Lleno-Pamplona-San-Fermin-ocupacion_0_2519148087.html\">oficina de turismo<\/a>, la estancia media de los visitantes a Pamplona, se sit\u00faa en los tres d\u00edas, y el <strong>gasto medio asciende a <a href=\"http:\/\/www.diariodenavarra.es\/noticias\/san_fermin\/san_fermin_2015\/2015\/07\/01\/el_visitante_medio_sanfermines_hombre_espanol_gasta_109_dia_237635_3121.html\">109 euros cada d\u00eda<\/a><\/strong> por persona. Teniendo en cuenta que <strong>se re\u00fanen m\u00e1s de <a href=\"http:\/\/blog.edreams.es\/lo-que-no-sabes-de-los-san-fermines\/\">un mill\u00f3n y medio<\/a> de personas cada edici\u00f3n<\/strong>, el ingreso para la ciudad es importante. En 2014 participaron m\u00e1s <strong>17.000 corredores<\/strong> en los encierros. El resto de visitantes disfrutan de la fiesta \u201cdesde la barrera\u201d.<\/p>\n<p>Durante los d\u00edas en los que se celebran los san fermines, <strong>la poblaci\u00f3n de Pamplona se multiplica por 10. <\/strong>De los turistas que acuden a celebrar la fiesta, <strong><a href=\"http:\/\/www.20minutos.es\/noticia\/2501909\/0\/sanfermines-pamplona\/mitad-turistas\/extranjeros-2015\/\">la mitad son extranjeros<\/a> y la mitad espa\u00f1oles.<\/strong> <strong>El 20% son madrile\u00f1os<\/strong>, seguido de sevillanos, alicantinos y ma\u00f1os. De los extranjeros, <strong>la mayor parte son alemanes, de M\u00fanich y Frankfurt<\/strong>, que organizan su viaje a Pamplona con mucha antelaci\u00f3n. Le siguen los portugueses, los franceses y los italianos.<\/p>\n<p><b>La cartera en San Fermines<\/b><\/p>\n<p>Si est\u00e1s pensando en visitar Pamplona este a\u00f1o, como te hemos comentado, el gasto medio por d\u00eda es superior a 100 euros. <strong><a href=\"https:\/\/go.onelink.me\/4dGw\/9c41141b\\\">Fintonic<\/a> ha desgranado cada uno de los gastos que seguramente tengas, \u00a0para ayudarte a elaborar tu presupuesto<\/strong> y tener tus gastos bajo control para que a fin de mes no te pille el toro.<\/p>\n<p style=\"padding-left: 30px;\"><strong><img decoding=\"async\" src=\"https:\/\/www.fintonic.com\/wp-content\/uploads\/2012\/07\/fondo-link-peq.jpg\" alt=\"\" \/>\u00a0<\/strong>Si, por ejemplo quieres un <strong>balc\u00f3n para ver el encierro en un lugar privilegiado<\/strong>, los que se alquilan en la calle Estafeta oscilan entre los <strong>50 y los 150 euros<\/strong>. Estamos hablando de <strong>15 segundos de encierro <\/strong>por ese precio, que lo estipula el propietario del balc\u00f3n.<\/p>\n<p style=\"padding-left: 30px;\"><strong><img decoding=\"async\" src=\"https:\/\/www.fintonic.com\/wp-content\/uploads\/2012\/07\/fondo-link-peq.jpg\" alt=\"\" \/>\u00a0<\/strong>El alojamiento. Como te he comentado, el alquiler de apartamentos se dispara\u00a0 estos d\u00edas. Ten en cuenta, si optas por esta v\u00eda, que <strong>cuanto m\u00e1s cerca est\u00e9 de la calle Estafeta, m\u00e1s caro ser\u00e1<\/strong>. De hecho, en la misma calle pueden llegar a costar <a href=\"http:\/\/financialred.com\/cuanto-cuesta-ir-a-san-fermin\/\">1.200 euros al d\u00eda<\/a>. Lo m\u00ednimo que te costar\u00e1 <strong>alquilar un piso en esta fecha en Pamplona est\u00e1 entre los 200 y los 300 euros<\/strong>. Otra de las opciones de alojamiento es una habitaci\u00f3n de <strong>hotel<\/strong>. Cada a\u00f1o alcanzan el 100% de ocupaci\u00f3n. Hay de todos los tipos, calidad y ubicaci\u00f3n, y en funci\u00f3n de todo ello costar\u00e1n m\u00e1s o menos. <strong>M\u00ednimo unos 50 euros en uno de dos estrellas<\/strong>, y hasta 500 euros los m\u00e1s exclusivos.<\/p>\n<p style=\"padding-left: 30px;\"><strong><img decoding=\"async\" src=\"https:\/\/www.fintonic.com\/wp-content\/uploads\/2012\/07\/fondo-link-peq.jpg\" alt=\"\" \/>\u00a0<\/strong>Comer y beber. Para comer all\u00ed cada d\u00eda debes preparar entre <strong>18 y 20 euros un men\u00fa, y entre 8 y 10 euros una jarra de cerveza o tinto de verano<\/strong>. Obviamente, tambi\u00e9n son precios engordados para la ocasi\u00f3n. Si tambi\u00e9n sales de noche, habr\u00eda que sumarle unos 20 euros en copas.<\/p>\n<p style=\"padding-left: 30px;\"><strong><img decoding=\"async\" src=\"https:\/\/www.fintonic.com\/wp-content\/uploads\/2012\/07\/fondo-link-peq.jpg\" alt=\"\" \/>\u00a0<\/strong>Vestimenta. No puedes ir a San Ferm\u00edn de cualquier manera. El atuendo obligado es el de <strong>pantal\u00f3n y camiseta blanca con pa\u00f1uelo y faja roja<\/strong>. En el caso de comprar solo el pa\u00f1uelo y la faja, te gastar\u00e1s unos <strong>6 euros<\/strong>, y si quieres comprarte los <strong>pantalones y la camiseta o la chapela, debes sumar unos 20 o 30 euros m\u00e1s.<\/strong> Si a\u00f1ades un jersey por si hace fr\u00edo a juego, deber\u00e1s sumar 10 euros.<\/p>\n<p>Ya conoces los gastos que supone conocer una de <strong>las fiestas m\u00e1s populares en nuestro pa\u00eds<\/strong>. As\u00ed que, haz tus cuentas, ay\u00fadate de <a href=\"https:\/\/go.onelink.me\/4dGw\/9c41141b\\\">la app de Fintonic<\/a>, vete a Pamplona<strong> \u00a1Viva San Ferm\u00edn! \u00a1Gora San Ferm\u00edn!<\/strong><\/p>\n<p><strong><a href=\"https:\/\/go.onelink.me\/4dGw\/9c41141b\"><img decoding=\"async\" class=\"alignnone wp-image-9496 size-full\" src=\"https:\/\/www.fintonic.com\/wp-content\/uploads\/2019\/02\/Descargate-la-app-.png\" alt=\"\" width=\"1278\" height=\"500\" \/><\/a><\/strong><\/p>\n","protected":false},"excerpt":{"rendered":"<p>San Ferm\u00edn aporta 74 millones de euros al a\u00f1o a su ciudad, Pamplona. La tradici\u00f3n de las fiestas de San Ferm\u00edn, o tambi\u00e9n conocidas como los san fermines, tienen su origen\u00a0 en la Edad Media. En el a\u00f1o 1591 la festividad se celebraba en octubre, con ferias comerciales y las corridas de toros. El Ayuntamiento [&hellip;]<\/p>\n","protected":false},"author":3,"featured_media":3726,"comment_status":"closed","ping_status":"open","sticky":false,"template":"","format":"standard","meta":{"footnotes":""},"categories":[54,4,118],"tags":[],"class_list":["post-3372","post","type-post","status-publish","format-standard","has-post-thumbnail","hentry","category-ahorro","category-lifestyle","category-ocio"],"yoast_head":"<!-- This site is optimized with the Yoast SEO Premium plugin v27.2 (Yoast SEO v27.5) - https:\/\/yoast.com\/product\/yoast-seo-premium-wordpress\/ -->\n<title>Que este San Ferm\u00edn no te pille el toro<\/title>\n<meta name=\"description\" content=\"San Ferm\u00edn aporta 74 millones de euros al a\u00f1o a su ciudad, Pamplona. La tradici\u00f3n de las fiestas de San Ferm\u00edn, o tambi\u00e9n conocidas como los san fermines, tienen su origen en la Edad Media.\" \/>\n<meta name=\"robots\" content=\"index, follow, max-snippet:-1, max-image-preview:large, max-video-preview:-1\" \/>\n<link rel=\"canonical\" href=\"https:\/\/www.fintonic.com\/blog\/este-san-fermin-no-te-pille-toro\/\" \/>\n<meta property=\"og:locale\" content=\"es_ES\" \/>\n<meta property=\"og:type\" content=\"article\" \/>\n<meta property=\"og:title\" content=\"Que este San Ferm\u00edn no te pille el toro\" \/>\n<meta property=\"og:description\" content=\"San Ferm\u00edn aporta 74 millones de euros al a\u00f1o a su ciudad, Pamplona. La tradici\u00f3n de las fiestas de San Ferm\u00edn, o tambi\u00e9n conocidas como los san fermines, tienen su origen en la Edad Media.\" \/>\n<meta property=\"og:url\" content=\"https:\/\/www.fintonic.com\/blog\/este-san-fermin-no-te-pille-toro\/\" \/>\n<meta property=\"og:site_name\" content=\"Fintonic News\" \/>\n<meta property=\"article:publisher\" content=\"https:\/\/www.facebook.com\/Fintonic\/\" \/>\n<meta property=\"article:published_time\" content=\"2016-07-01T13:57:27+00:00\" \/>\n<meta property=\"og:image\" content=\"https:\/\/www.fintonic.com\/blog\/wp-content\/uploads\/2024\/03\/cropped-Fintonic_Logo-1-1.png\" \/>\n\t<meta property=\"og:image:width\" content=\"512\" \/>\n\t<meta property=\"og:image:height\" content=\"512\" \/>\n\t<meta property=\"og:image:type\" content=\"image\/png\" \/>\n<meta name=\"author\" content=\"Jorge Jimenez\" \/>\n<meta name=\"twitter:card\" content=\"summary_large_image\" \/>\n<meta name=\"twitter:creator\" content=\"@JorgeJimenez1\" \/>\n<meta name=\"twitter:site\" content=\"@FINTONIC\" \/>\n<meta name=\"twitter:label1\" content=\"Escrito por\" \/>\n\t<meta name=\"twitter:data1\" content=\"Jorge Jimenez\" \/>\n\t<meta name=\"twitter:label2\" content=\"Tiempo de lectura\" \/>\n\t<meta name=\"twitter:data2\" content=\"5 minutos\" \/>\n<script type=\"application\/ld+json\" class=\"yoast-schema-graph\">{\"@context\":\"https:\\\/\\\/schema.org\",\"@graph\":[{\"@type\":\"Article\",\"@id\":\"https:\\\/\\\/www.fintonic.com\\\/blog\\\/este-san-fermin-no-te-pille-toro\\\/#article\",\"isPartOf\":{\"@id\":\"https:\\\/\\\/www.fintonic.com\\\/blog\\\/este-san-fermin-no-te-pille-toro\\\/\"},\"author\":{\"name\":\"Jorge Jimenez\",\"@id\":\"https:\\\/\\\/www.fintonic.com\\\/blog\\\/#\\\/schema\\\/person\\\/ddf97a6c293f2dbeed890d3f3d817499\"},\"headline\":\"Que este San Ferm\u00edn no te pille el toro\",\"datePublished\":\"2016-07-01T13:57:27+00:00\",\"mainEntityOfPage\":{\"@id\":\"https:\\\/\\\/www.fintonic.com\\\/blog\\\/este-san-fermin-no-te-pille-toro\\\/\"},\"wordCount\":1060,\"publisher\":{\"@id\":\"https:\\\/\\\/www.fintonic.com\\\/blog\\\/#organization\"},\"image\":{\"@id\":\"https:\\\/\\\/www.fintonic.com\\\/blog\\\/este-san-fermin-no-te-pille-toro\\\/#primaryimage\"},\"thumbnailUrl\":\"\",\"articleSection\":[\"Ahorro\",\"Lifestyle\",\"Ocio\"],\"inLanguage\":\"es\"},{\"@type\":\"WebPage\",\"@id\":\"https:\\\/\\\/www.fintonic.com\\\/blog\\\/este-san-fermin-no-te-pille-toro\\\/\",\"url\":\"https:\\\/\\\/www.fintonic.com\\\/blog\\\/este-san-fermin-no-te-pille-toro\\\/\",\"name\":\"Que este San Ferm\u00edn no te pille el toro\",\"isPartOf\":{\"@id\":\"https:\\\/\\\/www.fintonic.com\\\/blog\\\/#website\"},\"primaryImageOfPage\":{\"@id\":\"https:\\\/\\\/www.fintonic.com\\\/blog\\\/este-san-fermin-no-te-pille-toro\\\/#primaryimage\"},\"image\":{\"@id\":\"https:\\\/\\\/www.fintonic.com\\\/blog\\\/este-san-fermin-no-te-pille-toro\\\/#primaryimage\"},\"thumbnailUrl\":\"\",\"datePublished\":\"2016-07-01T13:57:27+00:00\",\"description\":\"San Ferm\u00edn aporta 74 millones de euros al a\u00f1o a su ciudad, Pamplona. La tradici\u00f3n de las fiestas de San Ferm\u00edn, o tambi\u00e9n conocidas como los san fermines, tienen su origen en la Edad Media.\",\"breadcrumb\":{\"@id\":\"https:\\\/\\\/www.fintonic.com\\\/blog\\\/este-san-fermin-no-te-pille-toro\\\/#breadcrumb\"},\"inLanguage\":\"es\",\"potentialAction\":[{\"@type\":\"ReadAction\",\"target\":[\"https:\\\/\\\/www.fintonic.com\\\/blog\\\/este-san-fermin-no-te-pille-toro\\\/\"]}]},{\"@type\":\"ImageObject\",\"inLanguage\":\"es\",\"@id\":\"https:\\\/\\\/www.fintonic.com\\\/blog\\\/este-san-fermin-no-te-pille-toro\\\/#primaryimage\",\"url\":\"\",\"contentUrl\":\"\"},{\"@type\":\"BreadcrumbList\",\"@id\":\"https:\\\/\\\/www.fintonic.com\\\/blog\\\/este-san-fermin-no-te-pille-toro\\\/#breadcrumb\",\"itemListElement\":[{\"@type\":\"ListItem\",\"position\":1,\"name\":\"Portada\",\"item\":\"https:\\\/\\\/www.fintonic.com\\\/blog\\\/\"},{\"@type\":\"ListItem\",\"position\":2,\"name\":\"Que este San Ferm\u00edn no te pille el toro\"}]},{\"@type\":\"WebSite\",\"@id\":\"https:\\\/\\\/www.fintonic.com\\\/blog\\\/#website\",\"url\":\"https:\\\/\\\/www.fintonic.com\\\/blog\\\/\",\"name\":\"Fintonic News\",\"description\":\"\",\"publisher\":{\"@id\":\"https:\\\/\\\/www.fintonic.com\\\/blog\\\/#organization\"},\"potentialAction\":[{\"@type\":\"SearchAction\",\"target\":{\"@type\":\"EntryPoint\",\"urlTemplate\":\"https:\\\/\\\/www.fintonic.com\\\/blog\\\/?s={search_term_string}\"},\"query-input\":{\"@type\":\"PropertyValueSpecification\",\"valueRequired\":true,\"valueName\":\"search_term_string\"}}],\"inLanguage\":\"es\"},{\"@type\":\"Organization\",\"@id\":\"https:\\\/\\\/www.fintonic.com\\\/blog\\\/#organization\",\"name\":\"Fintonic News\",\"url\":\"https:\\\/\\\/www.fintonic.com\\\/blog\\\/\",\"logo\":{\"@type\":\"ImageObject\",\"inLanguage\":\"es\",\"@id\":\"https:\\\/\\\/www.fintonic.com\\\/blog\\\/#\\\/schema\\\/logo\\\/image\\\/\",\"url\":\"https:\\\/\\\/www.fintonic.com\\\/blog\\\/wp-content\\\/uploads\\\/2024\\\/03\\\/cropped-Fintonic_Logo-1-1.png\",\"contentUrl\":\"https:\\\/\\\/www.fintonic.com\\\/blog\\\/wp-content\\\/uploads\\\/2024\\\/03\\\/cropped-Fintonic_Logo-1-1.png\",\"width\":512,\"height\":512,\"caption\":\"Fintonic News\"},\"image\":{\"@id\":\"https:\\\/\\\/www.fintonic.com\\\/blog\\\/#\\\/schema\\\/logo\\\/image\\\/\"},\"sameAs\":[\"https:\\\/\\\/www.facebook.com\\\/Fintonic\\\/\",\"https:\\\/\\\/x.com\\\/FINTONIC\",\"https:\\\/\\\/www.instagram.com\\\/fintonic_app\\\/\",\"https:\\\/\\\/www.tiktok.com\\\/@fintonic?lang=es\",\"https:\\\/\\\/www.linkedin.com\\\/company\\\/fintonic\\\/mycompany\\\/\",\"https:\\\/\\\/www.youtube.com\\\/@fintonictv\"]},{\"@type\":\"Person\",\"@id\":\"https:\\\/\\\/www.fintonic.com\\\/blog\\\/#\\\/schema\\\/person\\\/ddf97a6c293f2dbeed890d3f3d817499\",\"name\":\"Jorge Jimenez\",\"description\":\"Tomar buenas decisiones econ\u00f3micas es saber disfrutar la vida\",\"sameAs\":[\"https:\\\/\\\/x.com\\\/JorgeJimenez1\"],\"jobTitle\":\"Head of Growth\",\"url\":\"https:\\\/\\\/www.fintonic.com\\\/blog\\\/author\\\/jorge-jimenez\\\/\"}]}<\/script>\n<!-- \/ Yoast SEO Premium plugin. -->","yoast_head_json":{"title":"Que este San Ferm\u00edn no te pille el toro","description":"San Ferm\u00edn aporta 74 millones de euros al a\u00f1o a su ciudad, Pamplona. La tradici\u00f3n de las fiestas de San Ferm\u00edn, o tambi\u00e9n conocidas como los san fermines, tienen su origen en la Edad Media.","robots":{"index":"index","follow":"follow","max-snippet":"max-snippet:-1","max-image-preview":"max-image-preview:large","max-video-preview":"max-video-preview:-1"},"canonical":"https:\/\/www.fintonic.com\/blog\/este-san-fermin-no-te-pille-toro\/","og_locale":"es_ES","og_type":"article","og_title":"Que este San Ferm\u00edn no te pille el toro","og_description":"San Ferm\u00edn aporta 74 millones de euros al a\u00f1o a su ciudad, Pamplona. La tradici\u00f3n de las fiestas de San Ferm\u00edn, o tambi\u00e9n conocidas como los san fermines, tienen su origen en la Edad Media.","og_url":"https:\/\/www.fintonic.com\/blog\/este-san-fermin-no-te-pille-toro\/","og_site_name":"Fintonic News","article_publisher":"https:\/\/www.facebook.com\/Fintonic\/","article_published_time":"2016-07-01T13:57:27+00:00","og_image":[{"width":512,"height":512,"url":"https:\/\/www.fintonic.com\/blog\/wp-content\/uploads\/2024\/03\/cropped-Fintonic_Logo-1-1.png","type":"image\/png"}],"author":"Jorge Jimenez","twitter_card":"summary_large_image","twitter_creator":"@JorgeJimenez1","twitter_site":"@FINTONIC","twitter_misc":{"Escrito por":"Jorge Jimenez","Tiempo de lectura":"5 minutos"},"schema":{"@context":"https:\/\/schema.org","@graph":[{"@type":"Article","@id":"https:\/\/www.fintonic.com\/blog\/este-san-fermin-no-te-pille-toro\/#article","isPartOf":{"@id":"https:\/\/www.fintonic.com\/blog\/este-san-fermin-no-te-pille-toro\/"},"author":{"name":"Jorge Jimenez","@id":"https:\/\/www.fintonic.com\/blog\/#\/schema\/person\/ddf97a6c293f2dbeed890d3f3d817499"},"headline":"Que este San Ferm\u00edn no te pille el toro","datePublished":"2016-07-01T13:57:27+00:00","mainEntityOfPage":{"@id":"https:\/\/www.fintonic.com\/blog\/este-san-fermin-no-te-pille-toro\/"},"wordCount":1060,"publisher":{"@id":"https:\/\/www.fintonic.com\/blog\/#organization"},"image":{"@id":"https:\/\/www.fintonic.com\/blog\/este-san-fermin-no-te-pille-toro\/#primaryimage"},"thumbnailUrl":"","articleSection":["Ahorro","Lifestyle","Ocio"],"inLanguage":"es"},{"@type":"WebPage","@id":"https:\/\/www.fintonic.com\/blog\/este-san-fermin-no-te-pille-toro\/","url":"https:\/\/www.fintonic.com\/blog\/este-san-fermin-no-te-pille-toro\/","name":"Que este San Ferm\u00edn no te pille el toro","isPartOf":{"@id":"https:\/\/www.fintonic.com\/blog\/#website"},"primaryImageOfPage":{"@id":"https:\/\/www.fintonic.com\/blog\/este-san-fermin-no-te-pille-toro\/#primaryimage"},"image":{"@id":"https:\/\/www.fintonic.com\/blog\/este-san-fermin-no-te-pille-toro\/#primaryimage"},"thumbnailUrl":"","datePublished":"2016-07-01T13:57:27+00:00","description":"San Ferm\u00edn aporta 74 millones de euros al a\u00f1o a su ciudad, Pamplona. La tradici\u00f3n de las fiestas de San Ferm\u00edn, o tambi\u00e9n conocidas como los san fermines, tienen su origen en la Edad Media.","breadcrumb":{"@id":"https:\/\/www.fintonic.com\/blog\/este-san-fermin-no-te-pille-toro\/#breadcrumb"},"inLanguage":"es","potentialAction":[{"@type":"ReadAction","target":["https:\/\/www.fintonic.com\/blog\/este-san-fermin-no-te-pille-toro\/"]}]},{"@type":"ImageObject","inLanguage":"es","@id":"https:\/\/www.fintonic.com\/blog\/este-san-fermin-no-te-pille-toro\/#primaryimage","url":"","contentUrl":""},{"@type":"BreadcrumbList","@id":"https:\/\/www.fintonic.com\/blog\/este-san-fermin-no-te-pille-toro\/#breadcrumb","itemListElement":[{"@type":"ListItem","position":1,"name":"Portada","item":"https:\/\/www.fintonic.com\/blog\/"},{"@type":"ListItem","position":2,"name":"Que este San Ferm\u00edn no te pille el toro"}]},{"@type":"WebSite","@id":"https:\/\/www.fintonic.com\/blog\/#website","url":"https:\/\/www.fintonic.com\/blog\/","name":"Fintonic News","description":"","publisher":{"@id":"https:\/\/www.fintonic.com\/blog\/#organization"},"potentialAction":[{"@type":"SearchAction","target":{"@type":"EntryPoint","urlTemplate":"https:\/\/www.fintonic.com\/blog\/?s={search_term_string}"},"query-input":{"@type":"PropertyValueSpecification","valueRequired":true,"valueName":"search_term_string"}}],"inLanguage":"es"},{"@type":"Organization","@id":"https:\/\/www.fintonic.com\/blog\/#organization","name":"Fintonic News","url":"https:\/\/www.fintonic.com\/blog\/","logo":{"@type":"ImageObject","inLanguage":"es","@id":"https:\/\/www.fintonic.com\/blog\/#\/schema\/logo\/image\/","url":"https:\/\/www.fintonic.com\/blog\/wp-content\/uploads\/2024\/03\/cropped-Fintonic_Logo-1-1.png","contentUrl":"https:\/\/www.fintonic.com\/blog\/wp-content\/uploads\/2024\/03\/cropped-Fintonic_Logo-1-1.png","width":512,"height":512,"caption":"Fintonic News"},"image":{"@id":"https:\/\/www.fintonic.com\/blog\/#\/schema\/logo\/image\/"},"sameAs":["https:\/\/www.facebook.com\/Fintonic\/","https:\/\/x.com\/FINTONIC","https:\/\/www.instagram.com\/fintonic_app\/","https:\/\/www.tiktok.com\/@fintonic?lang=es","https:\/\/www.linkedin.com\/company\/fintonic\/mycompany\/","https:\/\/www.youtube.com\/@fintonictv"]},{"@type":"Person","@id":"https:\/\/www.fintonic.com\/blog\/#\/schema\/person\/ddf97a6c293f2dbeed890d3f3d817499","name":"Jorge Jimenez","description":"Tomar buenas decisiones econ\u00f3micas es saber disfrutar la vida","sameAs":["https:\/\/x.com\/JorgeJimenez1"],"jobTitle":"Head of Growth","url":"https:\/\/www.fintonic.com\/blog\/author\/jorge-jimenez\/"}]}},"_links":{"self":[{"href":"https:\/\/www.fintonic.com\/blog\/wp-json\/wp\/v2\/posts\/3372","targetHints":{"allow":["GET"]}}],"collection":[{"href":"https:\/\/www.fintonic.com\/blog\/wp-json\/wp\/v2\/posts"}],"about":[{"href":"https:\/\/www.fintonic.com\/blog\/wp-json\/wp\/v2\/types\/post"}],"author":[{"embeddable":true,"href":"https:\/\/www.fintonic.com\/blog\/wp-json\/wp\/v2\/users\/3"}],"replies":[{"embeddable":true,"href":"https:\/\/www.fintonic.com\/blog\/wp-json\/wp\/v2\/comments?post=3372"}],"version-history":[{"count":0,"href":"https:\/\/www.fintonic.com\/blog\/wp-json\/wp\/v2\/posts\/3372\/revisions"}],"wp:featuredmedia":[{"embeddable":true,"href":"https:\/\/www.fintonic.com\/blog\/wp-json\/"}],"wp:attachment":[{"href":"https:\/\/www.fintonic.com\/blog\/wp-json\/wp\/v2\/media?parent=3372"}],"wp:term":[{"taxonomy":"category","embeddable":true,"href":"https:\/\/www.fintonic.com\/blog\/wp-json\/wp\/v2\/categories?post=3372"},{"taxonomy":"post_tag","embeddable":true,"href":"https:\/\/www.fintonic.com\/blog\/wp-json\/wp\/v2\/tags?post=3372"}],"curies":[{"name":"wp","href":"https:\/\/api.w.org\/{rel}","templated":true}]}}