{"id":1848,"date":"2014-07-30T14:49:31","date_gmt":"2014-07-30T14:49:31","guid":{"rendered":"http:\/\/ec2-52-31-25-226.eu-west-1.compute.amazonaws.com\/?p=1848"},"modified":"2014-07-30T14:49:31","modified_gmt":"2014-07-30T14:49:31","slug":"luces-y-sombras-de-la-reforma-fiscal","status":"publish","type":"post","link":"https:\/\/www.fintonic.com\/blog\/luces-y-sombras-de-la-reforma-fiscal\/","title":{"rendered":"Luces y sombras de la reforma fiscal"},"content":{"rendered":"<p>Tras varios meses hablando de la <b>reforma fiscal<\/b>, parece que su aprobaci\u00f3n est\u00e1 cada vez m\u00e1s cerca. El Gobierno public\u00f3 recientemente el Anteproyecto de Ley que ahora tiene que someterse a tr\u00e1mite parlamentario.<\/p>\n<p>Por eso en <a href=\"https:\/\/www.fintonic.com\/app\/invitation?r=QboFfOVEqZ&amp;c=b&amp;utm_campaign=blogfintonic&amp;utm_source=blogfintonic&amp;utm_medium=reformafiscal\">Fintonic<\/a> nos hemos puesto manos a la obra para contar con los expertos de <strong>Abante Asesores<\/strong> y \u00a0entender qu\u00e9 cambios se avecinan.<\/p>\n<p>&nbsp;<\/p>\n<p><!--more-->Paula Satr\u00fastegui, directora se Planificaci\u00f3n Financiera, nos cuenta que el Anteproyecto propone que la<strong> reforma se realice en dos tramos: 2015 y 2016.<\/strong><\/p>\n<p>Todo el mundo se pregunta: \u201c\u00bf<strong>Pagar\u00e9 menos impuestos con la nueva Ley<\/strong>?\u201d. Habr\u00e1 que estudiar caso a caso para saber si la reforma nos beneficia o nos perjudica, ya que, aunque es verdad que algunas de las reformas benefician al contribuyente, hay otras que le perjudican.<\/p>\n<p>Entre las modificaciones beneficiosas destacamos:<\/p>\n<ol>\n<li>La bajada de los tipos impositivos, tanto de la base general (rentas del trabajo, rendimiento actividades econ\u00f3micas, alquileres e imputaci\u00f3n de rentas), como de la base del ahorro (productos financieros e inmuebles).<\/li>\n<li>La elevaci\u00f3n del <strong>umbral m\u00ednimo de tributaci\u00f3n.<\/strong><\/li>\n<li>El aumento de los <strong>m\u00ednimos personales y familiares<\/strong>.<\/li>\n<li>La <strong>compensaci\u00f3n <\/strong>de la base general y la del ahorro.<\/li>\n<\/ol>\n<p>Entre los cambios que perjudican a los contribuyentes subrayamos:<\/p>\n<ol>\n<li>La <strong>reducci\u00f3n de rendimientos del trabajo <\/strong>baja para rentas superiores a 14.450 euros.<\/li>\n<li>La nueva <strong>fiscalidad de las indemnizaciones<\/strong> por despido.<\/li>\n<li>La limitaci\u00f3n de la aportaci\u00f3n m\u00e1xima a <strong>planes de pensiones.<\/strong><\/li>\n<li>La disminuci\u00f3n de la <strong>reducci\u00f3n de los rendimientos irregulares<\/strong> en el tiempo.<\/li>\n<li>La <strong>eliminaci\u00f3n <\/strong>de determinados beneficios fiscales (exenci\u00f3n de los primeros 1.500 euros de dividendos o compras anteriores a 1994, 1999 o 2006).<\/li>\n<li>En el caso de los inmuebles, la<strong> rebaja de la exenci\u00f3n de los alquileres<\/strong> de viviendas y, en el caso de la venta, la eliminaci\u00f3n de los <strong>coeficientes de actualizaci\u00f3n <\/strong>del precio de compra.<\/li>\n<\/ol>\n<p><strong>La nueva fiscalidad de la renta<\/strong><\/p>\n<p>Teniendo en cuenta que, en Espa\u00f1a, el salario medio es de <strong>11.954,86 euros\/a\u00f1o <\/strong>para los menores de <strong>25 <\/strong>y para la franja entre<strong> 25 y 34 <\/strong>sube hasta los <strong>19.269,23 euros<\/strong>. De los 35 a los 44, el salario sube hasta los<strong> 23.830,08 euros<\/strong> y de los 44 a los 54 alcanza los <strong>25.834,68<\/strong><b> euros.<\/b> <strong>M\u00e1s all\u00e1 de los 55<\/strong>, se mantiene en <strong>26.124,09 <\/strong>euros brutos al a\u00f1o. Vamos a escoger algunos ejemplos representativos que nos ayuden a saber c\u00f3mo nos afecta la reforma:<\/p>\n<p>&#8211; A un contribuyente con rentas de 12.000 euros sin hijos dependientes, le afectar\u00eda positivamente, ya que dejar\u00eda de pagar los 675,25\u20ac\/a\u00f1o que est\u00e1 pagando actualmente.<\/p>\n<p>&#8211; Sin embargo, los impuestos de un jubilado con pensi\u00f3n de 35.000 euros, se rebajar\u00edan. En 2015, pasar\u00eda de pagar 7.273\u20ac a pagar 7.056\u20ac (unos 217\u20ac menos). Y se rebajar\u00edan un poco m\u00e1s en 2016, pagando 280\u20ac que en 2014.<\/p>\n<p>&#8211; En el caso de un contribuyente cuya renta ascienda a 25.000\u20ac, con dos hijos dependientes, el impacto fiscal se reducir\u00eda: pagar\u00eda 361\u20ac menos en 2015 y 493\u20ac menos en 2016 que en 2014.<\/p>\n<p><strong>La nueva fiscalidad del despido<\/strong><\/p>\n<p>Hasta ahora, las indemnizaciones legales por despido estaban exentas de tributaci\u00f3n, a partir de ahora, los contribuyentes tributar\u00e1n por ella si su sueldo ha sido superior a los 20.000\u20ac. Adem\u00e1s, se introduce un m\u00ednimo exento de 2.000 euros por a\u00f1o trabajado y a partir de ah\u00ed se empieza a tributar<\/p>\n<p>Veamos el caso de un contribuyente que recibe una indemnizaci\u00f3n de 50.000 euros tras 10 a\u00f1os de antig\u00fcedad \u00a0en la empresa (con los 2.000 euros exentos por a\u00f1o), suponiendo que el tipo marginal asciende al 47%, pagar\u00eda 14.100\u20ac, mientras que a d\u00eda de hoy no pagar\u00eda nada.<\/p>\n<p><strong>La nueva fiscalidad de la venta de un inmueble.<\/strong><\/p>\n<p>Como hemos dicho, con la reforma, bajan los tipos impositivos pero se eliminan los coeficientes de actualizaci\u00f3n del precio, adem\u00e1s de los coeficientes de abatimiento por la compra del inmueble antes de 1994. De tal manera que, el impacto fiscal de la venta de un inmueble comprado en 1988 por 120.000 euros que se vende por 250.000 pasar\u00eda de ser de 12.490\u20ac en 2014, a 30.080\u20ac en 2015 (17.589\u20ac m\u00e1s) y a 28.780\u20ac en 2016 (16.289\u20ac m\u00e1s que en 2014).<\/p>\n<p><strong>La nueva fiscalidad del cobro de dividendos.<\/strong><\/p>\n<p>Los dividendos tambi\u00e9n empiezan a tributar. De tal manera que, una persona que reciba anualmente 3.000 euros de dividendos paga en 2014, 315\u20ac. En 2015 subir\u00eda a 600\u20ac y en 2016 a 570\u20ac.<\/p>\n<p>Esperamos que\u00a0 esta hoja de ruta te sirva para comprender mejor estos cambios. Si quer\u00e9is profundizar m\u00e1s en las claves de la reforma pod\u00e9is hacerlo <a href=\"https:\/\/www.abanteasesores.com\/blog\/2014\/06\/27\/claves-de-una-reforma-fiscal-por-debajo-de-las-expectativas-de-europa-y-los-inversores\/\">aqu\u00ed.<\/a><\/p>\n<p>Ante todo esto, es importante que la reforma no te pille desprevenido y que est\u00e9s muy al d\u00eda con tus finanzas para que estas partidas que se reducen no supongan un cambio dr\u00e1stico en tu econom\u00eda. Para ello, d\u00e9jate ayudar por <a href=\"https:\/\/www.fintonic.com\/app\/invitation?r=QboFfOVEqZ&amp;c=b&amp;utm_campaign=blogfintonic&amp;utm_source=blogfintonic&amp;utm_medium=reformafiscal\">Fintonic<\/a>, la app con la que podr\u00e1s estar al d\u00eda de todo lo que pasa en tus cuentas y que te alerta ante cualquier movimiento que pueda descuadrar tu econom\u00eda.\u00a0 \ud83d\ude09<\/p>\n","protected":false},"excerpt":{"rendered":"<p>Tras varios meses hablando de la reforma fiscal, parece que su aprobaci\u00f3n est\u00e1 cada vez m\u00e1s cerca. El Gobierno public\u00f3 recientemente el Anteproyecto de Ley que ahora tiene que someterse a tr\u00e1mite parlamentario. Por eso en Fintonic nos hemos puesto manos a la obra para contar con los expertos de Abante Asesores y \u00a0entender qu\u00e9 [&hellip;]<\/p>\n","protected":false},"author":3,"featured_media":1850,"comment_status":"closed","ping_status":"open","sticky":false,"template":"","format":"standard","meta":{"footnotes":""},"categories":[54,99,30],"tags":[499,500,501],"class_list":["post-1848","post","type-post","status-publish","format-standard","has-post-thumbnail","hentry","category-ahorro","category-ahorro-hogar","category-finanzas-personales","tag-impuestos","tag-ley","tag-reforma-fiscal"],"yoast_head":"<!-- This site is optimized with the Yoast SEO Premium plugin v27.2 (Yoast SEO v27.5) - https:\/\/yoast.com\/product\/yoast-seo-premium-wordpress\/ -->\n<title>Luces y sombras de la reforma fiscal - Fintonic News<\/title>\n<meta name=\"robots\" content=\"index, follow, max-snippet:-1, max-image-preview:large, max-video-preview:-1\" \/>\n<link rel=\"canonical\" href=\"https:\/\/www.fintonic.com\/blog\/luces-y-sombras-de-la-reforma-fiscal\/\" \/>\n<meta property=\"og:locale\" content=\"es_ES\" \/>\n<meta property=\"og:type\" content=\"article\" \/>\n<meta property=\"og:title\" content=\"Luces y sombras de la reforma fiscal\" \/>\n<meta property=\"og:description\" content=\"Tras varios meses hablando de la reforma fiscal, parece que su aprobaci\u00f3n est\u00e1 cada vez m\u00e1s cerca. El Gobierno public\u00f3 recientemente el Anteproyecto de Ley que ahora tiene que someterse a tr\u00e1mite parlamentario. Por eso en Fintonic nos hemos puesto manos a la obra para contar con los expertos de Abante Asesores y \u00a0entender qu\u00e9 [&hellip;]\" \/>\n<meta property=\"og:url\" content=\"https:\/\/www.fintonic.com\/blog\/luces-y-sombras-de-la-reforma-fiscal\/\" \/>\n<meta property=\"og:site_name\" content=\"Fintonic News\" \/>\n<meta property=\"article:publisher\" content=\"https:\/\/www.facebook.com\/Fintonic\/\" \/>\n<meta property=\"article:published_time\" content=\"2014-07-30T14:49:31+00:00\" \/>\n<meta property=\"og:image\" content=\"https:\/\/www.fintonic.com\/blog\/wp-content\/uploads\/2024\/03\/cropped-Fintonic_Logo-1-1.png\" \/>\n\t<meta property=\"og:image:width\" content=\"512\" \/>\n\t<meta property=\"og:image:height\" content=\"512\" \/>\n\t<meta property=\"og:image:type\" content=\"image\/png\" \/>\n<meta name=\"author\" content=\"Jorge Jimenez\" \/>\n<meta name=\"twitter:card\" content=\"summary_large_image\" \/>\n<meta name=\"twitter:creator\" content=\"@JorgeJimenez1\" \/>\n<meta name=\"twitter:site\" content=\"@FINTONIC\" \/>\n<meta name=\"twitter:label1\" content=\"Escrito por\" \/>\n\t<meta name=\"twitter:data1\" content=\"Jorge Jimenez\" \/>\n\t<meta name=\"twitter:label2\" content=\"Tiempo de lectura\" \/>\n\t<meta name=\"twitter:data2\" content=\"4 minutos\" \/>\n<script type=\"application\/ld+json\" class=\"yoast-schema-graph\">{\"@context\":\"https:\\\/\\\/schema.org\",\"@graph\":[{\"@type\":\"Article\",\"@id\":\"https:\\\/\\\/www.fintonic.com\\\/blog\\\/luces-y-sombras-de-la-reforma-fiscal\\\/#article\",\"isPartOf\":{\"@id\":\"https:\\\/\\\/www.fintonic.com\\\/blog\\\/luces-y-sombras-de-la-reforma-fiscal\\\/\"},\"author\":{\"name\":\"Jorge Jimenez\",\"@id\":\"https:\\\/\\\/www.fintonic.com\\\/blog\\\/#\\\/schema\\\/person\\\/ddf97a6c293f2dbeed890d3f3d817499\"},\"headline\":\"Luces y sombras de la reforma fiscal\",\"datePublished\":\"2014-07-30T14:49:31+00:00\",\"mainEntityOfPage\":{\"@id\":\"https:\\\/\\\/www.fintonic.com\\\/blog\\\/luces-y-sombras-de-la-reforma-fiscal\\\/\"},\"wordCount\":830,\"publisher\":{\"@id\":\"https:\\\/\\\/www.fintonic.com\\\/blog\\\/#organization\"},\"image\":{\"@id\":\"https:\\\/\\\/www.fintonic.com\\\/blog\\\/luces-y-sombras-de-la-reforma-fiscal\\\/#primaryimage\"},\"thumbnailUrl\":\"\",\"keywords\":[\"impuestos\",\"ley\",\"reforma fiscal\"],\"articleSection\":[\"Ahorro\",\"Ahorro hogar\",\"Finanzas\"],\"inLanguage\":\"es\"},{\"@type\":\"WebPage\",\"@id\":\"https:\\\/\\\/www.fintonic.com\\\/blog\\\/luces-y-sombras-de-la-reforma-fiscal\\\/\",\"url\":\"https:\\\/\\\/www.fintonic.com\\\/blog\\\/luces-y-sombras-de-la-reforma-fiscal\\\/\",\"name\":\"Luces y sombras de la reforma fiscal - Fintonic News\",\"isPartOf\":{\"@id\":\"https:\\\/\\\/www.fintonic.com\\\/blog\\\/#website\"},\"primaryImageOfPage\":{\"@id\":\"https:\\\/\\\/www.fintonic.com\\\/blog\\\/luces-y-sombras-de-la-reforma-fiscal\\\/#primaryimage\"},\"image\":{\"@id\":\"https:\\\/\\\/www.fintonic.com\\\/blog\\\/luces-y-sombras-de-la-reforma-fiscal\\\/#primaryimage\"},\"thumbnailUrl\":\"\",\"datePublished\":\"2014-07-30T14:49:31+00:00\",\"breadcrumb\":{\"@id\":\"https:\\\/\\\/www.fintonic.com\\\/blog\\\/luces-y-sombras-de-la-reforma-fiscal\\\/#breadcrumb\"},\"inLanguage\":\"es\",\"potentialAction\":[{\"@type\":\"ReadAction\",\"target\":[\"https:\\\/\\\/www.fintonic.com\\\/blog\\\/luces-y-sombras-de-la-reforma-fiscal\\\/\"]}]},{\"@type\":\"ImageObject\",\"inLanguage\":\"es\",\"@id\":\"https:\\\/\\\/www.fintonic.com\\\/blog\\\/luces-y-sombras-de-la-reforma-fiscal\\\/#primaryimage\",\"url\":\"\",\"contentUrl\":\"\"},{\"@type\":\"BreadcrumbList\",\"@id\":\"https:\\\/\\\/www.fintonic.com\\\/blog\\\/luces-y-sombras-de-la-reforma-fiscal\\\/#breadcrumb\",\"itemListElement\":[{\"@type\":\"ListItem\",\"position\":1,\"name\":\"Portada\",\"item\":\"https:\\\/\\\/www.fintonic.com\\\/blog\\\/\"},{\"@type\":\"ListItem\",\"position\":2,\"name\":\"Luces y sombras de la reforma fiscal\"}]},{\"@type\":\"WebSite\",\"@id\":\"https:\\\/\\\/www.fintonic.com\\\/blog\\\/#website\",\"url\":\"https:\\\/\\\/www.fintonic.com\\\/blog\\\/\",\"name\":\"Fintonic News\",\"description\":\"\",\"publisher\":{\"@id\":\"https:\\\/\\\/www.fintonic.com\\\/blog\\\/#organization\"},\"potentialAction\":[{\"@type\":\"SearchAction\",\"target\":{\"@type\":\"EntryPoint\",\"urlTemplate\":\"https:\\\/\\\/www.fintonic.com\\\/blog\\\/?s={search_term_string}\"},\"query-input\":{\"@type\":\"PropertyValueSpecification\",\"valueRequired\":true,\"valueName\":\"search_term_string\"}}],\"inLanguage\":\"es\"},{\"@type\":\"Organization\",\"@id\":\"https:\\\/\\\/www.fintonic.com\\\/blog\\\/#organization\",\"name\":\"Fintonic News\",\"url\":\"https:\\\/\\\/www.fintonic.com\\\/blog\\\/\",\"logo\":{\"@type\":\"ImageObject\",\"inLanguage\":\"es\",\"@id\":\"https:\\\/\\\/www.fintonic.com\\\/blog\\\/#\\\/schema\\\/logo\\\/image\\\/\",\"url\":\"https:\\\/\\\/www.fintonic.com\\\/blog\\\/wp-content\\\/uploads\\\/2024\\\/03\\\/cropped-Fintonic_Logo-1-1.png\",\"contentUrl\":\"https:\\\/\\\/www.fintonic.com\\\/blog\\\/wp-content\\\/uploads\\\/2024\\\/03\\\/cropped-Fintonic_Logo-1-1.png\",\"width\":512,\"height\":512,\"caption\":\"Fintonic News\"},\"image\":{\"@id\":\"https:\\\/\\\/www.fintonic.com\\\/blog\\\/#\\\/schema\\\/logo\\\/image\\\/\"},\"sameAs\":[\"https:\\\/\\\/www.facebook.com\\\/Fintonic\\\/\",\"https:\\\/\\\/x.com\\\/FINTONIC\",\"https:\\\/\\\/www.instagram.com\\\/fintonic_app\\\/\",\"https:\\\/\\\/www.tiktok.com\\\/@fintonic?lang=es\",\"https:\\\/\\\/www.linkedin.com\\\/company\\\/fintonic\\\/mycompany\\\/\",\"https:\\\/\\\/www.youtube.com\\\/@fintonictv\"]},{\"@type\":\"Person\",\"@id\":\"https:\\\/\\\/www.fintonic.com\\\/blog\\\/#\\\/schema\\\/person\\\/ddf97a6c293f2dbeed890d3f3d817499\",\"name\":\"Jorge Jimenez\",\"description\":\"Tomar buenas decisiones econ\u00f3micas es saber disfrutar la vida\",\"sameAs\":[\"https:\\\/\\\/x.com\\\/JorgeJimenez1\"],\"jobTitle\":\"Head of Growth\",\"url\":\"https:\\\/\\\/www.fintonic.com\\\/blog\\\/author\\\/jorge-jimenez\\\/\"}]}<\/script>\n<!-- \/ Yoast SEO Premium plugin. -->","yoast_head_json":{"title":"Luces y sombras de la reforma fiscal - Fintonic News","robots":{"index":"index","follow":"follow","max-snippet":"max-snippet:-1","max-image-preview":"max-image-preview:large","max-video-preview":"max-video-preview:-1"},"canonical":"https:\/\/www.fintonic.com\/blog\/luces-y-sombras-de-la-reforma-fiscal\/","og_locale":"es_ES","og_type":"article","og_title":"Luces y sombras de la reforma fiscal","og_description":"Tras varios meses hablando de la reforma fiscal, parece que su aprobaci\u00f3n est\u00e1 cada vez m\u00e1s cerca. El Gobierno public\u00f3 recientemente el Anteproyecto de Ley que ahora tiene que someterse a tr\u00e1mite parlamentario. Por eso en Fintonic nos hemos puesto manos a la obra para contar con los expertos de Abante Asesores y \u00a0entender qu\u00e9 [&hellip;]","og_url":"https:\/\/www.fintonic.com\/blog\/luces-y-sombras-de-la-reforma-fiscal\/","og_site_name":"Fintonic News","article_publisher":"https:\/\/www.facebook.com\/Fintonic\/","article_published_time":"2014-07-30T14:49:31+00:00","og_image":[{"width":512,"height":512,"url":"https:\/\/www.fintonic.com\/blog\/wp-content\/uploads\/2024\/03\/cropped-Fintonic_Logo-1-1.png","type":"image\/png"}],"author":"Jorge Jimenez","twitter_card":"summary_large_image","twitter_creator":"@JorgeJimenez1","twitter_site":"@FINTONIC","twitter_misc":{"Escrito por":"Jorge Jimenez","Tiempo de lectura":"4 minutos"},"schema":{"@context":"https:\/\/schema.org","@graph":[{"@type":"Article","@id":"https:\/\/www.fintonic.com\/blog\/luces-y-sombras-de-la-reforma-fiscal\/#article","isPartOf":{"@id":"https:\/\/www.fintonic.com\/blog\/luces-y-sombras-de-la-reforma-fiscal\/"},"author":{"name":"Jorge Jimenez","@id":"https:\/\/www.fintonic.com\/blog\/#\/schema\/person\/ddf97a6c293f2dbeed890d3f3d817499"},"headline":"Luces y sombras de la reforma fiscal","datePublished":"2014-07-30T14:49:31+00:00","mainEntityOfPage":{"@id":"https:\/\/www.fintonic.com\/blog\/luces-y-sombras-de-la-reforma-fiscal\/"},"wordCount":830,"publisher":{"@id":"https:\/\/www.fintonic.com\/blog\/#organization"},"image":{"@id":"https:\/\/www.fintonic.com\/blog\/luces-y-sombras-de-la-reforma-fiscal\/#primaryimage"},"thumbnailUrl":"","keywords":["impuestos","ley","reforma fiscal"],"articleSection":["Ahorro","Ahorro hogar","Finanzas"],"inLanguage":"es"},{"@type":"WebPage","@id":"https:\/\/www.fintonic.com\/blog\/luces-y-sombras-de-la-reforma-fiscal\/","url":"https:\/\/www.fintonic.com\/blog\/luces-y-sombras-de-la-reforma-fiscal\/","name":"Luces y sombras de la reforma fiscal - Fintonic News","isPartOf":{"@id":"https:\/\/www.fintonic.com\/blog\/#website"},"primaryImageOfPage":{"@id":"https:\/\/www.fintonic.com\/blog\/luces-y-sombras-de-la-reforma-fiscal\/#primaryimage"},"image":{"@id":"https:\/\/www.fintonic.com\/blog\/luces-y-sombras-de-la-reforma-fiscal\/#primaryimage"},"thumbnailUrl":"","datePublished":"2014-07-30T14:49:31+00:00","breadcrumb":{"@id":"https:\/\/www.fintonic.com\/blog\/luces-y-sombras-de-la-reforma-fiscal\/#breadcrumb"},"inLanguage":"es","potentialAction":[{"@type":"ReadAction","target":["https:\/\/www.fintonic.com\/blog\/luces-y-sombras-de-la-reforma-fiscal\/"]}]},{"@type":"ImageObject","inLanguage":"es","@id":"https:\/\/www.fintonic.com\/blog\/luces-y-sombras-de-la-reforma-fiscal\/#primaryimage","url":"","contentUrl":""},{"@type":"BreadcrumbList","@id":"https:\/\/www.fintonic.com\/blog\/luces-y-sombras-de-la-reforma-fiscal\/#breadcrumb","itemListElement":[{"@type":"ListItem","position":1,"name":"Portada","item":"https:\/\/www.fintonic.com\/blog\/"},{"@type":"ListItem","position":2,"name":"Luces y sombras de la reforma fiscal"}]},{"@type":"WebSite","@id":"https:\/\/www.fintonic.com\/blog\/#website","url":"https:\/\/www.fintonic.com\/blog\/","name":"Fintonic News","description":"","publisher":{"@id":"https:\/\/www.fintonic.com\/blog\/#organization"},"potentialAction":[{"@type":"SearchAction","target":{"@type":"EntryPoint","urlTemplate":"https:\/\/www.fintonic.com\/blog\/?s={search_term_string}"},"query-input":{"@type":"PropertyValueSpecification","valueRequired":true,"valueName":"search_term_string"}}],"inLanguage":"es"},{"@type":"Organization","@id":"https:\/\/www.fintonic.com\/blog\/#organization","name":"Fintonic News","url":"https:\/\/www.fintonic.com\/blog\/","logo":{"@type":"ImageObject","inLanguage":"es","@id":"https:\/\/www.fintonic.com\/blog\/#\/schema\/logo\/image\/","url":"https:\/\/www.fintonic.com\/blog\/wp-content\/uploads\/2024\/03\/cropped-Fintonic_Logo-1-1.png","contentUrl":"https:\/\/www.fintonic.com\/blog\/wp-content\/uploads\/2024\/03\/cropped-Fintonic_Logo-1-1.png","width":512,"height":512,"caption":"Fintonic News"},"image":{"@id":"https:\/\/www.fintonic.com\/blog\/#\/schema\/logo\/image\/"},"sameAs":["https:\/\/www.facebook.com\/Fintonic\/","https:\/\/x.com\/FINTONIC","https:\/\/www.instagram.com\/fintonic_app\/","https:\/\/www.tiktok.com\/@fintonic?lang=es","https:\/\/www.linkedin.com\/company\/fintonic\/mycompany\/","https:\/\/www.youtube.com\/@fintonictv"]},{"@type":"Person","@id":"https:\/\/www.fintonic.com\/blog\/#\/schema\/person\/ddf97a6c293f2dbeed890d3f3d817499","name":"Jorge Jimenez","description":"Tomar buenas decisiones econ\u00f3micas es saber disfrutar la vida","sameAs":["https:\/\/x.com\/JorgeJimenez1"],"jobTitle":"Head of Growth","url":"https:\/\/www.fintonic.com\/blog\/author\/jorge-jimenez\/"}]}},"_links":{"self":[{"href":"https:\/\/www.fintonic.com\/blog\/wp-json\/wp\/v2\/posts\/1848","targetHints":{"allow":["GET"]}}],"collection":[{"href":"https:\/\/www.fintonic.com\/blog\/wp-json\/wp\/v2\/posts"}],"about":[{"href":"https:\/\/www.fintonic.com\/blog\/wp-json\/wp\/v2\/types\/post"}],"author":[{"embeddable":true,"href":"https:\/\/www.fintonic.com\/blog\/wp-json\/wp\/v2\/users\/3"}],"replies":[{"embeddable":true,"href":"https:\/\/www.fintonic.com\/blog\/wp-json\/wp\/v2\/comments?post=1848"}],"version-history":[{"count":0,"href":"https:\/\/www.fintonic.com\/blog\/wp-json\/wp\/v2\/posts\/1848\/revisions"}],"wp:featuredmedia":[{"embeddable":true,"href":"https:\/\/www.fintonic.com\/blog\/wp-json\/"}],"wp:attachment":[{"href":"https:\/\/www.fintonic.com\/blog\/wp-json\/wp\/v2\/media?parent=1848"}],"wp:term":[{"taxonomy":"category","embeddable":true,"href":"https:\/\/www.fintonic.com\/blog\/wp-json\/wp\/v2\/categories?post=1848"},{"taxonomy":"post_tag","embeddable":true,"href":"https:\/\/www.fintonic.com\/blog\/wp-json\/wp\/v2\/tags?post=1848"}],"curies":[{"name":"wp","href":"https:\/\/api.w.org\/{rel}","templated":true}]}}