{"id":17051,"date":"2023-09-07T17:38:29","date_gmt":"2023-09-07T15:38:29","guid":{"rendered":"https:\/\/www.fintonic.com\/?p=17051"},"modified":"2025-03-31T01:22:35","modified_gmt":"2025-03-30T23:22:35","slug":"el-verano-sale-mas-caro-por-la-alimentacion-y-los-productos-de-primera-necesidad","status":"publish","type":"post","link":"https:\/\/www.fintonic.com\/blog\/el-verano-sale-mas-caro-por-la-alimentacion-y-los-productos-de-primera-necesidad\/","title":{"rendered":"El verano sale m\u00e1s caro por la alimentaci\u00f3n y los productos de primera necesidad"},"content":{"rendered":"\n<ul class=\"wp-block-list\">\n<li>La subida de precios en alimentaci\u00f3n y productos de primera necesidad son las principales causas del incremento del 5% en el gasto veraniego con respecto a 2022.<\/li>\n\n\n\n<li>El presupuesto que hemos destinado a cap\u00edtulos como alojamiento o vuelos crece en torno a un 2% y un 3,3%, respectivamente.<\/li>\n\n\n\n<li>El gasto en ocio y restauraci\u00f3n se mantiene estable en comparaci\u00f3n con el verano pasado.&nbsp;<\/li>\n\n\n\n<li>El importe de las cuotas de pr\u00e9stamos tambi\u00e9n asciende un 5% entre los espa\u00f1oles.<\/li>\n<\/ul>\n\n\n\n<p>Una vez m\u00e1s el verano ha pasado factura al bolsillo de los espa\u00f1oles, pues el gasto ha aumentado un 5% con respecto a 2022. As\u00ed se desprende de un estudio reciente realizado por  <a href=\"https:\/\/www.fintonic.com\/blog\/es-ES\/inicio\/\"> <strong>Fintonic<\/strong><\/a>, con informaci\u00f3n real y an\u00f3nima de una muestra aleatoria de m\u00e1s de medio mill\u00f3n de usuarios y representativa de la poblaci\u00f3n espa\u00f1ola.<\/p>\n\n\n\n<p>Seg\u00fan el an\u00e1lisis, en contra de lo que cabr\u00eda esperar, viajes y ocio no son los principales responsables de este incremento en el gasto. Con respecto a las vacaciones de 2022, el presupuesto que hemos destinado a cap\u00edtulos como<strong> alojamiento<\/strong> o <strong>vuelos<\/strong> crece en torno a un 2% y un 3,3%, respectivamente; mientras que la cuant\u00eda destinada a actividades relacionadas con el <strong>tiempo libre<\/strong> y los <strong>espect\u00e1culos<\/strong> apenas experimenta variaci\u00f3n, al igual que en <strong>restauraci\u00f3n<\/strong>, que aumenta un 1%.&nbsp; Por otro lado, el coste general del <strong>veh\u00edculo<\/strong>, que en los \u00faltimos a\u00f1os se hab\u00eda disparado, desciende un 3,8% y, en concreto, la inversi\u00f3n en <strong>carburante<\/strong> baja un 8%.&nbsp;<\/p>\n\n\n\n<p>\u00bfD\u00d3NDE SE HA IDO EL DINERO ESTAS VACACIONES?<\/p>\n\n\n\n<p>Como ya se ven\u00eda observando en los meses precedentes, la subida de los precios ha repercutido de manera especial en art\u00edculos del d\u00eda a d\u00eda, como la alimentaci\u00f3n y los productos para el hogar. Si en el primer semestre del a\u00f1o el gasto en supermercados acusaba una subida que supera el 10%, en verano se ha alzado hasta un 18% con respecto al mismo periodo de 2022. En paralelo, el textil tambi\u00e9n experimenta subidas, con un crecimiento en el gasto del 5,5%.&nbsp;<\/p>\n\n\n\n<p>CRECE EL CR\u00c9DITO AL CONSUMO<\/p>\n\n\n\n<p>El importe de las cuotas de pr\u00e9stamos tambi\u00e9n asciende un 5% entre los espa\u00f1oles, seg\u00fan se desprende de los datos extra\u00eddos por Fintonic a trav\u00e9s de su plataforma de pr\u00e9stamos. Durante el verano, el mayor n\u00famero de solicitudes de cr\u00e9dito se centr\u00f3 en la financiaci\u00f3n para la adquisici\u00f3n de un inmueble. Junto a ello, la reunificaci\u00f3n de deuda es otra de las demandas m\u00e1s habituales, registrando un crecimiento de un 8,6% en 2023 con respecto al a\u00f1o anterior. Tambi\u00e9n aumentan los cr\u00e9ditos para acometer reformas, hasta un 10%; as\u00ed como para sufragar un viaje, un 4,3%.&nbsp;<\/p>\n\n\n\n<p><br \/>\u201cEn los \u00faltimos meses estamos observando c\u00f3mo muchas entidades bancarias est\u00e1n encareciendo e incluso restringiendo el acceso al cr\u00e9dito. De ah\u00ed que, para conseguir pr\u00e9stamos en las mejores condiciones, es cada vez m\u00e1s importante asesorarse bien y comparar diferentes opciones del mercado.\u201d, afirma Enrique Moral, Managing Director de Fintonic.<\/p>\n","protected":false},"excerpt":{"rendered":"<p>Una vez m\u00e1s el verano ha pasado factura al bolsillo de los espa\u00f1oles, pues el gasto ha aumentado un 5% con respecto a 2022. As\u00ed se desprende de un estudio reciente realizado por Fintonic, con informaci\u00f3n real y an\u00f3nima de una muestra aleatoria de m\u00e1s de medio mill\u00f3n de usuarios y representativa de la poblaci\u00f3n [&hellip;]<\/p>\n","protected":false},"author":3,"featured_media":80753,"comment_status":"closed","ping_status":"open","sticky":false,"template":"","format":"standard","meta":{"footnotes":""},"categories":[194,20],"tags":[],"class_list":["post-17051","post","type-post","status-publish","format-standard","has-post-thumbnail","hentry","category-gasto","category-mundo-fintonic"],"yoast_head":"<!-- This site is optimized with the Yoast SEO Premium plugin v27.2 (Yoast SEO v27.5) - https:\/\/yoast.com\/product\/yoast-seo-premium-wordpress\/ -->\n<title>El verano sale m\u00e1s caro por la alimentaci\u00f3n y los productos de primera necesidad - Fintonic News<\/title>\n<meta name=\"robots\" content=\"index, follow, max-snippet:-1, max-image-preview:large, max-video-preview:-1\" \/>\n<link rel=\"canonical\" href=\"https:\/\/www.fintonic.com\/blog\/el-verano-sale-mas-caro-por-la-alimentacion-y-los-productos-de-primera-necesidad\/\" \/>\n<meta property=\"og:locale\" content=\"es_ES\" \/>\n<meta property=\"og:type\" content=\"article\" \/>\n<meta property=\"og:title\" content=\"El verano sale m\u00e1s caro por la alimentaci\u00f3n y los productos de primera necesidad\" \/>\n<meta property=\"og:description\" content=\"Una vez m\u00e1s el verano ha pasado factura al bolsillo de los espa\u00f1oles, pues el gasto ha aumentado un 5% con respecto a 2022. As\u00ed se desprende de un estudio reciente realizado por Fintonic, con informaci\u00f3n real y an\u00f3nima de una muestra aleatoria de m\u00e1s de medio mill\u00f3n de usuarios y representativa de la poblaci\u00f3n [&hellip;]\" \/>\n<meta property=\"og:url\" content=\"https:\/\/www.fintonic.com\/blog\/el-verano-sale-mas-caro-por-la-alimentacion-y-los-productos-de-primera-necesidad\/\" \/>\n<meta property=\"og:site_name\" content=\"Fintonic News\" \/>\n<meta property=\"article:publisher\" content=\"https:\/\/www.facebook.com\/Fintonic\/\" \/>\n<meta property=\"article:published_time\" content=\"2023-09-07T15:38:29+00:00\" \/>\n<meta property=\"article:modified_time\" content=\"2025-03-30T23:22:35+00:00\" \/>\n<meta property=\"og:image\" content=\"https:\/\/www.fintonic.com\/blog\/wp-content\/uploads\/2023\/09\/christine-siracusa-WW4S9msUKko-unsplash-1.jpg\" \/>\n\t<meta property=\"og:image:width\" content=\"800\" \/>\n\t<meta property=\"og:image:height\" content=\"419\" \/>\n\t<meta property=\"og:image:type\" content=\"image\/jpeg\" \/>\n<meta name=\"author\" content=\"Jorge Jimenez\" \/>\n<meta name=\"twitter:card\" content=\"summary_large_image\" \/>\n<meta name=\"twitter:creator\" content=\"@JorgeJimenez1\" \/>\n<meta name=\"twitter:site\" content=\"@FINTONIC\" \/>\n<meta name=\"twitter:label1\" content=\"Escrito por\" \/>\n\t<meta name=\"twitter:data1\" content=\"Jorge Jimenez\" \/>\n<script type=\"application\/ld+json\" class=\"yoast-schema-graph\">{\"@context\":\"https:\\\/\\\/schema.org\",\"@graph\":[{\"@type\":\"Article\",\"@id\":\"https:\\\/\\\/www.fintonic.com\\\/blog\\\/el-verano-sale-mas-caro-por-la-alimentacion-y-los-productos-de-primera-necesidad\\\/#article\",\"isPartOf\":{\"@id\":\"https:\\\/\\\/www.fintonic.com\\\/blog\\\/el-verano-sale-mas-caro-por-la-alimentacion-y-los-productos-de-primera-necesidad\\\/\"},\"author\":{\"name\":\"Jorge Jimenez\",\"@id\":\"https:\\\/\\\/www.fintonic.com\\\/blog\\\/#\\\/schema\\\/person\\\/ddf97a6c293f2dbeed890d3f3d817499\"},\"headline\":\"El verano sale m\u00e1s caro por la alimentaci\u00f3n y los productos de primera necesidad\",\"datePublished\":\"2023-09-07T15:38:29+00:00\",\"dateModified\":\"2025-03-30T23:22:35+00:00\",\"mainEntityOfPage\":{\"@id\":\"https:\\\/\\\/www.fintonic.com\\\/blog\\\/el-verano-sale-mas-caro-por-la-alimentacion-y-los-productos-de-primera-necesidad\\\/\"},\"wordCount\":537,\"publisher\":{\"@id\":\"https:\\\/\\\/www.fintonic.com\\\/blog\\\/#organization\"},\"image\":{\"@id\":\"https:\\\/\\\/www.fintonic.com\\\/blog\\\/el-verano-sale-mas-caro-por-la-alimentacion-y-los-productos-de-primera-necesidad\\\/#primaryimage\"},\"thumbnailUrl\":\"https:\\\/\\\/www.fintonic.com\\\/blog\\\/wp-content\\\/uploads\\\/2023\\\/09\\\/christine-siracusa-WW4S9msUKko-unsplash-1.jpg\",\"articleSection\":[\"Gasto\",\"Mundo Fintonic\"],\"inLanguage\":\"es\"},{\"@type\":\"WebPage\",\"@id\":\"https:\\\/\\\/www.fintonic.com\\\/blog\\\/el-verano-sale-mas-caro-por-la-alimentacion-y-los-productos-de-primera-necesidad\\\/\",\"url\":\"https:\\\/\\\/www.fintonic.com\\\/blog\\\/el-verano-sale-mas-caro-por-la-alimentacion-y-los-productos-de-primera-necesidad\\\/\",\"name\":\"El verano sale m\u00e1s caro por la alimentaci\u00f3n y los productos de primera necesidad - Fintonic News\",\"isPartOf\":{\"@id\":\"https:\\\/\\\/www.fintonic.com\\\/blog\\\/#website\"},\"primaryImageOfPage\":{\"@id\":\"https:\\\/\\\/www.fintonic.com\\\/blog\\\/el-verano-sale-mas-caro-por-la-alimentacion-y-los-productos-de-primera-necesidad\\\/#primaryimage\"},\"image\":{\"@id\":\"https:\\\/\\\/www.fintonic.com\\\/blog\\\/el-verano-sale-mas-caro-por-la-alimentacion-y-los-productos-de-primera-necesidad\\\/#primaryimage\"},\"thumbnailUrl\":\"https:\\\/\\\/www.fintonic.com\\\/blog\\\/wp-content\\\/uploads\\\/2023\\\/09\\\/christine-siracusa-WW4S9msUKko-unsplash-1.jpg\",\"datePublished\":\"2023-09-07T15:38:29+00:00\",\"dateModified\":\"2025-03-30T23:22:35+00:00\",\"breadcrumb\":{\"@id\":\"https:\\\/\\\/www.fintonic.com\\\/blog\\\/el-verano-sale-mas-caro-por-la-alimentacion-y-los-productos-de-primera-necesidad\\\/#breadcrumb\"},\"inLanguage\":\"es\",\"potentialAction\":[{\"@type\":\"ReadAction\",\"target\":[\"https:\\\/\\\/www.fintonic.com\\\/blog\\\/el-verano-sale-mas-caro-por-la-alimentacion-y-los-productos-de-primera-necesidad\\\/\"]}]},{\"@type\":\"ImageObject\",\"inLanguage\":\"es\",\"@id\":\"https:\\\/\\\/www.fintonic.com\\\/blog\\\/el-verano-sale-mas-caro-por-la-alimentacion-y-los-productos-de-primera-necesidad\\\/#primaryimage\",\"url\":\"https:\\\/\\\/www.fintonic.com\\\/blog\\\/wp-content\\\/uploads\\\/2023\\\/09\\\/christine-siracusa-WW4S9msUKko-unsplash-1.jpg\",\"contentUrl\":\"https:\\\/\\\/www.fintonic.com\\\/blog\\\/wp-content\\\/uploads\\\/2023\\\/09\\\/christine-siracusa-WW4S9msUKko-unsplash-1.jpg\",\"width\":800,\"height\":419,\"caption\":\"productos de primera necesidad\"},{\"@type\":\"BreadcrumbList\",\"@id\":\"https:\\\/\\\/www.fintonic.com\\\/blog\\\/el-verano-sale-mas-caro-por-la-alimentacion-y-los-productos-de-primera-necesidad\\\/#breadcrumb\",\"itemListElement\":[{\"@type\":\"ListItem\",\"position\":1,\"name\":\"Portada\",\"item\":\"https:\\\/\\\/www.fintonic.com\\\/blog\\\/\"},{\"@type\":\"ListItem\",\"position\":2,\"name\":\"El verano sale m\u00e1s caro por la alimentaci\u00f3n y los productos de primera necesidad\"}]},{\"@type\":\"WebSite\",\"@id\":\"https:\\\/\\\/www.fintonic.com\\\/blog\\\/#website\",\"url\":\"https:\\\/\\\/www.fintonic.com\\\/blog\\\/\",\"name\":\"Fintonic News\",\"description\":\"\",\"publisher\":{\"@id\":\"https:\\\/\\\/www.fintonic.com\\\/blog\\\/#organization\"},\"potentialAction\":[{\"@type\":\"SearchAction\",\"target\":{\"@type\":\"EntryPoint\",\"urlTemplate\":\"https:\\\/\\\/www.fintonic.com\\\/blog\\\/?s={search_term_string}\"},\"query-input\":{\"@type\":\"PropertyValueSpecification\",\"valueRequired\":true,\"valueName\":\"search_term_string\"}}],\"inLanguage\":\"es\"},{\"@type\":\"Organization\",\"@id\":\"https:\\\/\\\/www.fintonic.com\\\/blog\\\/#organization\",\"name\":\"Fintonic News\",\"url\":\"https:\\\/\\\/www.fintonic.com\\\/blog\\\/\",\"logo\":{\"@type\":\"ImageObject\",\"inLanguage\":\"es\",\"@id\":\"https:\\\/\\\/www.fintonic.com\\\/blog\\\/#\\\/schema\\\/logo\\\/image\\\/\",\"url\":\"https:\\\/\\\/www.fintonic.com\\\/blog\\\/wp-content\\\/uploads\\\/2024\\\/03\\\/cropped-Fintonic_Logo-1-1.png\",\"contentUrl\":\"https:\\\/\\\/www.fintonic.com\\\/blog\\\/wp-content\\\/uploads\\\/2024\\\/03\\\/cropped-Fintonic_Logo-1-1.png\",\"width\":512,\"height\":512,\"caption\":\"Fintonic News\"},\"image\":{\"@id\":\"https:\\\/\\\/www.fintonic.com\\\/blog\\\/#\\\/schema\\\/logo\\\/image\\\/\"},\"sameAs\":[\"https:\\\/\\\/www.facebook.com\\\/Fintonic\\\/\",\"https:\\\/\\\/x.com\\\/FINTONIC\",\"https:\\\/\\\/www.instagram.com\\\/fintonic_app\\\/\",\"https:\\\/\\\/www.tiktok.com\\\/@fintonic?lang=es\",\"https:\\\/\\\/www.linkedin.com\\\/company\\\/fintonic\\\/mycompany\\\/\",\"https:\\\/\\\/www.youtube.com\\\/@fintonictv\"]},{\"@type\":\"Person\",\"@id\":\"https:\\\/\\\/www.fintonic.com\\\/blog\\\/#\\\/schema\\\/person\\\/ddf97a6c293f2dbeed890d3f3d817499\",\"name\":\"Jorge Jimenez\",\"description\":\"Tomar buenas decisiones econ\u00f3micas es saber disfrutar la vida\",\"sameAs\":[\"https:\\\/\\\/x.com\\\/JorgeJimenez1\"],\"jobTitle\":\"Head of Growth\",\"url\":\"https:\\\/\\\/www.fintonic.com\\\/blog\\\/author\\\/jorge-jimenez\\\/\"}]}<\/script>\n<!-- \/ Yoast SEO Premium plugin. -->","yoast_head_json":{"title":"El verano sale m\u00e1s caro por la alimentaci\u00f3n y los productos de primera necesidad - Fintonic News","robots":{"index":"index","follow":"follow","max-snippet":"max-snippet:-1","max-image-preview":"max-image-preview:large","max-video-preview":"max-video-preview:-1"},"canonical":"https:\/\/www.fintonic.com\/blog\/el-verano-sale-mas-caro-por-la-alimentacion-y-los-productos-de-primera-necesidad\/","og_locale":"es_ES","og_type":"article","og_title":"El verano sale m\u00e1s caro por la alimentaci\u00f3n y los productos de primera necesidad","og_description":"Una vez m\u00e1s el verano ha pasado factura al bolsillo de los espa\u00f1oles, pues el gasto ha aumentado un 5% con respecto a 2022. As\u00ed se desprende de un estudio reciente realizado por Fintonic, con informaci\u00f3n real y an\u00f3nima de una muestra aleatoria de m\u00e1s de medio mill\u00f3n de usuarios y representativa de la poblaci\u00f3n [&hellip;]","og_url":"https:\/\/www.fintonic.com\/blog\/el-verano-sale-mas-caro-por-la-alimentacion-y-los-productos-de-primera-necesidad\/","og_site_name":"Fintonic News","article_publisher":"https:\/\/www.facebook.com\/Fintonic\/","article_published_time":"2023-09-07T15:38:29+00:00","article_modified_time":"2025-03-30T23:22:35+00:00","og_image":[{"width":800,"height":419,"url":"https:\/\/www.fintonic.com\/blog\/wp-content\/uploads\/2023\/09\/christine-siracusa-WW4S9msUKko-unsplash-1.jpg","type":"image\/jpeg"}],"author":"Jorge Jimenez","twitter_card":"summary_large_image","twitter_creator":"@JorgeJimenez1","twitter_site":"@FINTONIC","twitter_misc":{"Escrito por":"Jorge Jimenez"},"schema":{"@context":"https:\/\/schema.org","@graph":[{"@type":"Article","@id":"https:\/\/www.fintonic.com\/blog\/el-verano-sale-mas-caro-por-la-alimentacion-y-los-productos-de-primera-necesidad\/#article","isPartOf":{"@id":"https:\/\/www.fintonic.com\/blog\/el-verano-sale-mas-caro-por-la-alimentacion-y-los-productos-de-primera-necesidad\/"},"author":{"name":"Jorge Jimenez","@id":"https:\/\/www.fintonic.com\/blog\/#\/schema\/person\/ddf97a6c293f2dbeed890d3f3d817499"},"headline":"El verano sale m\u00e1s caro por la alimentaci\u00f3n y los productos de primera necesidad","datePublished":"2023-09-07T15:38:29+00:00","dateModified":"2025-03-30T23:22:35+00:00","mainEntityOfPage":{"@id":"https:\/\/www.fintonic.com\/blog\/el-verano-sale-mas-caro-por-la-alimentacion-y-los-productos-de-primera-necesidad\/"},"wordCount":537,"publisher":{"@id":"https:\/\/www.fintonic.com\/blog\/#organization"},"image":{"@id":"https:\/\/www.fintonic.com\/blog\/el-verano-sale-mas-caro-por-la-alimentacion-y-los-productos-de-primera-necesidad\/#primaryimage"},"thumbnailUrl":"https:\/\/www.fintonic.com\/blog\/wp-content\/uploads\/2023\/09\/christine-siracusa-WW4S9msUKko-unsplash-1.jpg","articleSection":["Gasto","Mundo Fintonic"],"inLanguage":"es"},{"@type":"WebPage","@id":"https:\/\/www.fintonic.com\/blog\/el-verano-sale-mas-caro-por-la-alimentacion-y-los-productos-de-primera-necesidad\/","url":"https:\/\/www.fintonic.com\/blog\/el-verano-sale-mas-caro-por-la-alimentacion-y-los-productos-de-primera-necesidad\/","name":"El verano sale m\u00e1s caro por la alimentaci\u00f3n y los productos de primera necesidad - Fintonic News","isPartOf":{"@id":"https:\/\/www.fintonic.com\/blog\/#website"},"primaryImageOfPage":{"@id":"https:\/\/www.fintonic.com\/blog\/el-verano-sale-mas-caro-por-la-alimentacion-y-los-productos-de-primera-necesidad\/#primaryimage"},"image":{"@id":"https:\/\/www.fintonic.com\/blog\/el-verano-sale-mas-caro-por-la-alimentacion-y-los-productos-de-primera-necesidad\/#primaryimage"},"thumbnailUrl":"https:\/\/www.fintonic.com\/blog\/wp-content\/uploads\/2023\/09\/christine-siracusa-WW4S9msUKko-unsplash-1.jpg","datePublished":"2023-09-07T15:38:29+00:00","dateModified":"2025-03-30T23:22:35+00:00","breadcrumb":{"@id":"https:\/\/www.fintonic.com\/blog\/el-verano-sale-mas-caro-por-la-alimentacion-y-los-productos-de-primera-necesidad\/#breadcrumb"},"inLanguage":"es","potentialAction":[{"@type":"ReadAction","target":["https:\/\/www.fintonic.com\/blog\/el-verano-sale-mas-caro-por-la-alimentacion-y-los-productos-de-primera-necesidad\/"]}]},{"@type":"ImageObject","inLanguage":"es","@id":"https:\/\/www.fintonic.com\/blog\/el-verano-sale-mas-caro-por-la-alimentacion-y-los-productos-de-primera-necesidad\/#primaryimage","url":"https:\/\/www.fintonic.com\/blog\/wp-content\/uploads\/2023\/09\/christine-siracusa-WW4S9msUKko-unsplash-1.jpg","contentUrl":"https:\/\/www.fintonic.com\/blog\/wp-content\/uploads\/2023\/09\/christine-siracusa-WW4S9msUKko-unsplash-1.jpg","width":800,"height":419,"caption":"productos de primera necesidad"},{"@type":"BreadcrumbList","@id":"https:\/\/www.fintonic.com\/blog\/el-verano-sale-mas-caro-por-la-alimentacion-y-los-productos-de-primera-necesidad\/#breadcrumb","itemListElement":[{"@type":"ListItem","position":1,"name":"Portada","item":"https:\/\/www.fintonic.com\/blog\/"},{"@type":"ListItem","position":2,"name":"El verano sale m\u00e1s caro por la alimentaci\u00f3n y los productos de primera necesidad"}]},{"@type":"WebSite","@id":"https:\/\/www.fintonic.com\/blog\/#website","url":"https:\/\/www.fintonic.com\/blog\/","name":"Fintonic News","description":"","publisher":{"@id":"https:\/\/www.fintonic.com\/blog\/#organization"},"potentialAction":[{"@type":"SearchAction","target":{"@type":"EntryPoint","urlTemplate":"https:\/\/www.fintonic.com\/blog\/?s={search_term_string}"},"query-input":{"@type":"PropertyValueSpecification","valueRequired":true,"valueName":"search_term_string"}}],"inLanguage":"es"},{"@type":"Organization","@id":"https:\/\/www.fintonic.com\/blog\/#organization","name":"Fintonic News","url":"https:\/\/www.fintonic.com\/blog\/","logo":{"@type":"ImageObject","inLanguage":"es","@id":"https:\/\/www.fintonic.com\/blog\/#\/schema\/logo\/image\/","url":"https:\/\/www.fintonic.com\/blog\/wp-content\/uploads\/2024\/03\/cropped-Fintonic_Logo-1-1.png","contentUrl":"https:\/\/www.fintonic.com\/blog\/wp-content\/uploads\/2024\/03\/cropped-Fintonic_Logo-1-1.png","width":512,"height":512,"caption":"Fintonic News"},"image":{"@id":"https:\/\/www.fintonic.com\/blog\/#\/schema\/logo\/image\/"},"sameAs":["https:\/\/www.facebook.com\/Fintonic\/","https:\/\/x.com\/FINTONIC","https:\/\/www.instagram.com\/fintonic_app\/","https:\/\/www.tiktok.com\/@fintonic?lang=es","https:\/\/www.linkedin.com\/company\/fintonic\/mycompany\/","https:\/\/www.youtube.com\/@fintonictv"]},{"@type":"Person","@id":"https:\/\/www.fintonic.com\/blog\/#\/schema\/person\/ddf97a6c293f2dbeed890d3f3d817499","name":"Jorge Jimenez","description":"Tomar buenas decisiones econ\u00f3micas es saber disfrutar la vida","sameAs":["https:\/\/x.com\/JorgeJimenez1"],"jobTitle":"Head of Growth","url":"https:\/\/www.fintonic.com\/blog\/author\/jorge-jimenez\/"}]}},"_links":{"self":[{"href":"https:\/\/www.fintonic.com\/blog\/wp-json\/wp\/v2\/posts\/17051","targetHints":{"allow":["GET"]}}],"collection":[{"href":"https:\/\/www.fintonic.com\/blog\/wp-json\/wp\/v2\/posts"}],"about":[{"href":"https:\/\/www.fintonic.com\/blog\/wp-json\/wp\/v2\/types\/post"}],"author":[{"embeddable":true,"href":"https:\/\/www.fintonic.com\/blog\/wp-json\/wp\/v2\/users\/3"}],"replies":[{"embeddable":true,"href":"https:\/\/www.fintonic.com\/blog\/wp-json\/wp\/v2\/comments?post=17051"}],"version-history":[{"count":1,"href":"https:\/\/www.fintonic.com\/blog\/wp-json\/wp\/v2\/posts\/17051\/revisions"}],"predecessor-version":[{"id":88856,"href":"https:\/\/www.fintonic.com\/blog\/wp-json\/wp\/v2\/posts\/17051\/revisions\/88856"}],"wp:featuredmedia":[{"embeddable":true,"href":"https:\/\/www.fintonic.com\/blog\/wp-json\/wp\/v2\/media\/80753"}],"wp:attachment":[{"href":"https:\/\/www.fintonic.com\/blog\/wp-json\/wp\/v2\/media?parent=17051"}],"wp:term":[{"taxonomy":"category","embeddable":true,"href":"https:\/\/www.fintonic.com\/blog\/wp-json\/wp\/v2\/categories?post=17051"},{"taxonomy":"post_tag","embeddable":true,"href":"https:\/\/www.fintonic.com\/blog\/wp-json\/wp\/v2\/tags?post=17051"}],"curies":[{"name":"wp","href":"https:\/\/api.w.org\/{rel}","templated":true}]}}