{"id":13296,"date":"2020-08-10T10:47:40","date_gmt":"2020-08-10T08:47:40","guid":{"rendered":"https:\/\/www.fintonic.com\/?p=13296"},"modified":"2020-08-10T10:47:40","modified_gmt":"2020-08-10T08:47:40","slug":"estudio-fintonic-el-consumo-de-moda-en-espana-agosto-2020","status":"publish","type":"post","link":"https:\/\/www.fintonic.com\/blog\/estudio-fintonic-el-consumo-de-moda-en-espana-agosto-2020\/","title":{"rendered":"ESTUDIO FINTONIC \u201cEL CONSUMO DE MODA EN ESPA\u00d1A\u201d AGOSTO 2020"},"content":{"rendered":"\n<ul class=\"wp-block-list\"><li>Rebajas: gastamos en julio 114 euros de media, un 7,3% menos que en 2019<\/li><\/ul>\n\n\n\n<ul class=\"wp-block-list\"><li>El n\u00famero de ciudadanos que han realizado alguna compra de textil y complementos en julio desciende un 15%<\/li><\/ul>\n\n\n\n<ul class=\"wp-block-list\"><li>El Corte Ingl\u00e9s y el Grupo Inditex atraen el 45% del total de las ventas<\/li><\/ul>\n\n\n\n<p><\/p>\n\n\n\n<p>\u00bfC\u00f3mo ha afectado la pandemia a las tradicionales rebajas de verano? Podemos comprobar que el presupuesto que hemos dedicado los espa\u00f1oles a conseguir las mejores ofertas en textil y complementos no ha tenido un descenso muy pronunciado con respecto al anterior. <strong>La media de gasto durante el mes de julio ha sido de 114 euros<\/strong>, lo que supone un 7,3% menos que en el mismo periodo de 2019.<\/p>\n\n\n\n<p>Donde s\u00ed se ha producido una mayor ca\u00edda es en el n\u00famero de compradores. Si <strong>el a\u00f1o pasado el 39% de la poblaci\u00f3n sucumbi\u00f3 a la tentaci\u00f3n de las rebajas<\/strong>, en 2020 ha descendido al 33%, registrando de esta forma una ca\u00edda de un 15%.<\/p>\n\n\n\n<figure class=\"wp-block-image size-large\"><img decoding=\"async\" src=\"https:\/\/www.fintonic.com\/wp-content\/uploads\/2020\/08\/foto-tienda_opt-1-1024x682.jpg\" alt=\"\" class=\"wp-image-13300\"\/><\/figure>\n\n\n\n<p><strong>Los madrile\u00f1os destacan entre los m\u00e1s fieles a las rebajas<\/strong>. Cuatro de cada diez ciudadanos de esta comunidad han efectuado en la \u00faltima campa\u00f1a alguna adquisici\u00f3n, con una media de gasto de 128 euros, un 7% menos que el a\u00f1o pasado. En segundo lugar, tambi\u00e9n sobresalen los vascos y aragoneses: el 40% ha realizado al menos una compra y su presupuesto medio se sit\u00faa en 128 euros y 115 euros, respectivamente. Los primeros, junto a los navarros, son los \u00fanicos que han mantenido un gasto similar al de 2019.<\/p>\n\n\n\n<p><strong>Entre los m\u00e1s moderados, encontramos a los baleares y riojanos.<\/strong> Apenas uno de cada seis habitantes de estas regiones se ha animado este a\u00f1o con las rebajas y el importe que han destinado es de 109 y 110 euros de media, en cada uno de los casos.<\/p>\n\n\n\n<p><\/p>\n\n\n\n<h3 class=\"wp-block-heading\">Comercio electr\u00f3nico: mantiene el gasto medio, pero bajan los compradores<\/h3>\n\n\n\n<p>El auge que experiment\u00f3 el comercio online en los meses de confinamiento no se ha mantenido en los mismos niveles una vez que los establecimientos han vuelto a abrir sus puertas. <strong>A nivel nacional crece un 4,7% el gasto medio<\/strong>, con respecto al mismo periodo del a\u00f1o anterior, pero este mes de julio refleja una importante ca\u00edda en el n\u00famero de compradores, que desciende un 32%.<\/p>\n\n\n\n<p>Las regiones que muestran mejores resultados en comercio electr\u00f3nico son Pa\u00eds Vasco y Extremadura.<strong> M\u00e1s de un 10% de la poblaci\u00f3n de estas zonas ha utilizado este canal para comprar en rebajas<\/strong>. Pero la t\u00f3nica general en las distintas comunidades muestra que, aunque el gasto medio se mantiene o crece en comparaci\u00f3n con la campa\u00f1a de verano de 2019, en la mayor\u00eda la cifra de consumidores cae en torno al 30%.<\/p>\n\n\n\n<p><\/p>\n\n\n\n<h3 class=\"wp-block-heading\">Establecimientos favoritos para las rebajas<\/h3>\n\n\n\n<p>El \u201ctop ten\u201d de las ense\u00f1as que m\u00e1s venden en rebajas est\u00e1 liderado por El Corte Ingl\u00e9s, aunque es el Grupo Inditex el que se alza, de forma conjunta con todas sus marcas, con la mayor cuota de mercado, un 25%. De hecho, en julio sus establecimientos han sido visitados por casi uno de cada dos compradores de rebajas. En t\u00e9rminos de gasto medio, <strong>entra en la pugna Zalando, un retailer puramente online<\/strong> que, a pesar de representar una peque\u00f1a porci\u00f3n del negocio, registra un gasto medio de 90 euros.<\/p>\n\n\n\n<div style=\"height:30px\" aria-hidden=\"true\" class=\"wp-block-spacer\"><\/div>\n\n\n\n<figure class=\"wp-block-image\"><a href=\"https:\/\/go.onelink.me\/4dGw\/9c41141b\" target=\"_blank\" rel=\"noopener noreferrer\"><img decoding=\"async\" src=\"https:\/\/www.fintonic.com\/wp-content\/uploads\/2020\/01\/blog-footer-03.02.20-1024x491.gif\" alt=\"Descarga Fintonic\" class=\"wp-image-12612\"\/><\/a><\/figure>\n\n\n\n<p><\/p>\n","protected":false},"excerpt":{"rendered":"<p>Rebajas: gastamos en julio 114 euros de media, un 7,3% menos que en 2019 El n\u00famero de ciudadanos que han realizado alguna compra de textil y complementos en julio desciende un 15% El Corte Ingl\u00e9s y el Grupo Inditex atraen el 45% del total de las ventas \u00bfC\u00f3mo ha afectado la pandemia a las tradicionales [&hellip;]<\/p>\n","protected":false},"author":3,"featured_media":13297,"comment_status":"closed","ping_status":"open","sticky":false,"template":"","format":"standard","meta":{"footnotes":""},"categories":[61,23,20],"tags":[1189,1190,1191],"class_list":["post-13296","post","type-post","status-publish","format-standard","has-post-thumbnail","hentry","category-dinero","category-estudios-fintonic","category-mundo-fintonic","tag-consumo-moda","tag-consumo-moda-espana","tag-consumo-moda-espana-agosto-2020"],"yoast_head":"<!-- This site is optimized with the Yoast SEO Premium plugin v27.2 (Yoast SEO v27.5) - https:\/\/yoast.com\/product\/yoast-seo-premium-wordpress\/ -->\n<title>ESTUDIO FINTONIC \u201cEL CONSUMO DE MODA EN ESPA\u00d1A\u201d AGOSTO 2020 - Fintonic News<\/title>\n<meta name=\"robots\" content=\"index, follow, max-snippet:-1, max-image-preview:large, max-video-preview:-1\" \/>\n<link rel=\"canonical\" href=\"https:\/\/www.fintonic.com\/blog\/estudio-fintonic-el-consumo-de-moda-en-espana-agosto-2020\/\" \/>\n<meta property=\"og:locale\" content=\"es_ES\" \/>\n<meta property=\"og:type\" content=\"article\" \/>\n<meta property=\"og:title\" content=\"ESTUDIO FINTONIC \u201cEL CONSUMO DE MODA EN ESPA\u00d1A\u201d AGOSTO 2020\" \/>\n<meta property=\"og:description\" content=\"Rebajas: gastamos en julio 114 euros de media, un 7,3% menos que en 2019 El n\u00famero de ciudadanos que han realizado alguna compra de textil y complementos en julio desciende un 15% El Corte Ingl\u00e9s y el Grupo Inditex atraen el 45% del total de las ventas \u00bfC\u00f3mo ha afectado la pandemia a las tradicionales [&hellip;]\" \/>\n<meta property=\"og:url\" content=\"https:\/\/www.fintonic.com\/blog\/estudio-fintonic-el-consumo-de-moda-en-espana-agosto-2020\/\" \/>\n<meta property=\"og:site_name\" content=\"Fintonic News\" \/>\n<meta property=\"article:publisher\" content=\"https:\/\/www.facebook.com\/Fintonic\/\" \/>\n<meta property=\"article:published_time\" content=\"2020-08-10T08:47:40+00:00\" \/>\n<meta property=\"og:image\" content=\"https:\/\/www.fintonic.com\/blog\/wp-content\/uploads\/2024\/03\/cropped-Fintonic_Logo-1-1.png\" \/>\n\t<meta property=\"og:image:width\" content=\"512\" \/>\n\t<meta property=\"og:image:height\" content=\"512\" \/>\n\t<meta property=\"og:image:type\" content=\"image\/png\" \/>\n<meta name=\"author\" content=\"Jorge Jimenez\" \/>\n<meta name=\"twitter:card\" content=\"summary_large_image\" \/>\n<meta name=\"twitter:creator\" content=\"@JorgeJimenez1\" \/>\n<meta name=\"twitter:site\" content=\"@FINTONIC\" \/>\n<meta name=\"twitter:label1\" content=\"Escrito por\" \/>\n\t<meta name=\"twitter:data1\" content=\"Jorge Jimenez\" \/>\n\t<meta name=\"twitter:label2\" content=\"Tiempo de lectura\" \/>\n\t<meta name=\"twitter:data2\" content=\"3 minutos\" \/>\n<script type=\"application\/ld+json\" class=\"yoast-schema-graph\">{\"@context\":\"https:\\\/\\\/schema.org\",\"@graph\":[{\"@type\":\"Article\",\"@id\":\"https:\\\/\\\/www.fintonic.com\\\/blog\\\/estudio-fintonic-el-consumo-de-moda-en-espana-agosto-2020\\\/#article\",\"isPartOf\":{\"@id\":\"https:\\\/\\\/www.fintonic.com\\\/blog\\\/estudio-fintonic-el-consumo-de-moda-en-espana-agosto-2020\\\/\"},\"author\":{\"name\":\"Jorge Jimenez\",\"@id\":\"https:\\\/\\\/www.fintonic.com\\\/blog\\\/#\\\/schema\\\/person\\\/ddf97a6c293f2dbeed890d3f3d817499\"},\"headline\":\"ESTUDIO FINTONIC \u201cEL CONSUMO DE MODA EN ESPA\u00d1A\u201d AGOSTO 2020\",\"datePublished\":\"2020-08-10T08:47:40+00:00\",\"mainEntityOfPage\":{\"@id\":\"https:\\\/\\\/www.fintonic.com\\\/blog\\\/estudio-fintonic-el-consumo-de-moda-en-espana-agosto-2020\\\/\"},\"wordCount\":558,\"publisher\":{\"@id\":\"https:\\\/\\\/www.fintonic.com\\\/blog\\\/#organization\"},\"image\":{\"@id\":\"https:\\\/\\\/www.fintonic.com\\\/blog\\\/estudio-fintonic-el-consumo-de-moda-en-espana-agosto-2020\\\/#primaryimage\"},\"thumbnailUrl\":\"\",\"keywords\":[\"consumo moda\",\"consumo moda espa\u00f1a\",\"consumo moda espa\u00f1a agosto 2020\"],\"articleSection\":[\"Dinero\",\"Estudios Fintonic\",\"Mundo Fintonic\"],\"inLanguage\":\"es\"},{\"@type\":\"WebPage\",\"@id\":\"https:\\\/\\\/www.fintonic.com\\\/blog\\\/estudio-fintonic-el-consumo-de-moda-en-espana-agosto-2020\\\/\",\"url\":\"https:\\\/\\\/www.fintonic.com\\\/blog\\\/estudio-fintonic-el-consumo-de-moda-en-espana-agosto-2020\\\/\",\"name\":\"ESTUDIO FINTONIC \u201cEL CONSUMO DE MODA EN ESPA\u00d1A\u201d AGOSTO 2020 - Fintonic News\",\"isPartOf\":{\"@id\":\"https:\\\/\\\/www.fintonic.com\\\/blog\\\/#website\"},\"primaryImageOfPage\":{\"@id\":\"https:\\\/\\\/www.fintonic.com\\\/blog\\\/estudio-fintonic-el-consumo-de-moda-en-espana-agosto-2020\\\/#primaryimage\"},\"image\":{\"@id\":\"https:\\\/\\\/www.fintonic.com\\\/blog\\\/estudio-fintonic-el-consumo-de-moda-en-espana-agosto-2020\\\/#primaryimage\"},\"thumbnailUrl\":\"\",\"datePublished\":\"2020-08-10T08:47:40+00:00\",\"breadcrumb\":{\"@id\":\"https:\\\/\\\/www.fintonic.com\\\/blog\\\/estudio-fintonic-el-consumo-de-moda-en-espana-agosto-2020\\\/#breadcrumb\"},\"inLanguage\":\"es\",\"potentialAction\":[{\"@type\":\"ReadAction\",\"target\":[\"https:\\\/\\\/www.fintonic.com\\\/blog\\\/estudio-fintonic-el-consumo-de-moda-en-espana-agosto-2020\\\/\"]}]},{\"@type\":\"ImageObject\",\"inLanguage\":\"es\",\"@id\":\"https:\\\/\\\/www.fintonic.com\\\/blog\\\/estudio-fintonic-el-consumo-de-moda-en-espana-agosto-2020\\\/#primaryimage\",\"url\":\"\",\"contentUrl\":\"\"},{\"@type\":\"BreadcrumbList\",\"@id\":\"https:\\\/\\\/www.fintonic.com\\\/blog\\\/estudio-fintonic-el-consumo-de-moda-en-espana-agosto-2020\\\/#breadcrumb\",\"itemListElement\":[{\"@type\":\"ListItem\",\"position\":1,\"name\":\"Portada\",\"item\":\"https:\\\/\\\/www.fintonic.com\\\/blog\\\/\"},{\"@type\":\"ListItem\",\"position\":2,\"name\":\"ESTUDIO FINTONIC \u201cEL CONSUMO DE MODA EN ESPA\u00d1A\u201d AGOSTO 2020\"}]},{\"@type\":\"WebSite\",\"@id\":\"https:\\\/\\\/www.fintonic.com\\\/blog\\\/#website\",\"url\":\"https:\\\/\\\/www.fintonic.com\\\/blog\\\/\",\"name\":\"Fintonic News\",\"description\":\"\",\"publisher\":{\"@id\":\"https:\\\/\\\/www.fintonic.com\\\/blog\\\/#organization\"},\"potentialAction\":[{\"@type\":\"SearchAction\",\"target\":{\"@type\":\"EntryPoint\",\"urlTemplate\":\"https:\\\/\\\/www.fintonic.com\\\/blog\\\/?s={search_term_string}\"},\"query-input\":{\"@type\":\"PropertyValueSpecification\",\"valueRequired\":true,\"valueName\":\"search_term_string\"}}],\"inLanguage\":\"es\"},{\"@type\":\"Organization\",\"@id\":\"https:\\\/\\\/www.fintonic.com\\\/blog\\\/#organization\",\"name\":\"Fintonic News\",\"url\":\"https:\\\/\\\/www.fintonic.com\\\/blog\\\/\",\"logo\":{\"@type\":\"ImageObject\",\"inLanguage\":\"es\",\"@id\":\"https:\\\/\\\/www.fintonic.com\\\/blog\\\/#\\\/schema\\\/logo\\\/image\\\/\",\"url\":\"https:\\\/\\\/www.fintonic.com\\\/blog\\\/wp-content\\\/uploads\\\/2024\\\/03\\\/cropped-Fintonic_Logo-1-1.png\",\"contentUrl\":\"https:\\\/\\\/www.fintonic.com\\\/blog\\\/wp-content\\\/uploads\\\/2024\\\/03\\\/cropped-Fintonic_Logo-1-1.png\",\"width\":512,\"height\":512,\"caption\":\"Fintonic News\"},\"image\":{\"@id\":\"https:\\\/\\\/www.fintonic.com\\\/blog\\\/#\\\/schema\\\/logo\\\/image\\\/\"},\"sameAs\":[\"https:\\\/\\\/www.facebook.com\\\/Fintonic\\\/\",\"https:\\\/\\\/x.com\\\/FINTONIC\",\"https:\\\/\\\/www.instagram.com\\\/fintonic_app\\\/\",\"https:\\\/\\\/www.tiktok.com\\\/@fintonic?lang=es\",\"https:\\\/\\\/www.linkedin.com\\\/company\\\/fintonic\\\/mycompany\\\/\",\"https:\\\/\\\/www.youtube.com\\\/@fintonictv\"]},{\"@type\":\"Person\",\"@id\":\"https:\\\/\\\/www.fintonic.com\\\/blog\\\/#\\\/schema\\\/person\\\/ddf97a6c293f2dbeed890d3f3d817499\",\"name\":\"Jorge Jimenez\",\"description\":\"Tomar buenas decisiones econ\u00f3micas es saber disfrutar la vida\",\"sameAs\":[\"https:\\\/\\\/x.com\\\/JorgeJimenez1\"],\"jobTitle\":\"Head of Growth\",\"url\":\"https:\\\/\\\/www.fintonic.com\\\/blog\\\/author\\\/jorge-jimenez\\\/\"}]}<\/script>\n<!-- \/ Yoast SEO Premium plugin. -->","yoast_head_json":{"title":"ESTUDIO FINTONIC \u201cEL CONSUMO DE MODA EN ESPA\u00d1A\u201d AGOSTO 2020 - Fintonic News","robots":{"index":"index","follow":"follow","max-snippet":"max-snippet:-1","max-image-preview":"max-image-preview:large","max-video-preview":"max-video-preview:-1"},"canonical":"https:\/\/www.fintonic.com\/blog\/estudio-fintonic-el-consumo-de-moda-en-espana-agosto-2020\/","og_locale":"es_ES","og_type":"article","og_title":"ESTUDIO FINTONIC \u201cEL CONSUMO DE MODA EN ESPA\u00d1A\u201d AGOSTO 2020","og_description":"Rebajas: gastamos en julio 114 euros de media, un 7,3% menos que en 2019 El n\u00famero de ciudadanos que han realizado alguna compra de textil y complementos en julio desciende un 15% El Corte Ingl\u00e9s y el Grupo Inditex atraen el 45% del total de las ventas \u00bfC\u00f3mo ha afectado la pandemia a las tradicionales [&hellip;]","og_url":"https:\/\/www.fintonic.com\/blog\/estudio-fintonic-el-consumo-de-moda-en-espana-agosto-2020\/","og_site_name":"Fintonic News","article_publisher":"https:\/\/www.facebook.com\/Fintonic\/","article_published_time":"2020-08-10T08:47:40+00:00","og_image":[{"width":512,"height":512,"url":"https:\/\/www.fintonic.com\/blog\/wp-content\/uploads\/2024\/03\/cropped-Fintonic_Logo-1-1.png","type":"image\/png"}],"author":"Jorge Jimenez","twitter_card":"summary_large_image","twitter_creator":"@JorgeJimenez1","twitter_site":"@FINTONIC","twitter_misc":{"Escrito por":"Jorge Jimenez","Tiempo de lectura":"3 minutos"},"schema":{"@context":"https:\/\/schema.org","@graph":[{"@type":"Article","@id":"https:\/\/www.fintonic.com\/blog\/estudio-fintonic-el-consumo-de-moda-en-espana-agosto-2020\/#article","isPartOf":{"@id":"https:\/\/www.fintonic.com\/blog\/estudio-fintonic-el-consumo-de-moda-en-espana-agosto-2020\/"},"author":{"name":"Jorge Jimenez","@id":"https:\/\/www.fintonic.com\/blog\/#\/schema\/person\/ddf97a6c293f2dbeed890d3f3d817499"},"headline":"ESTUDIO FINTONIC \u201cEL CONSUMO DE MODA EN ESPA\u00d1A\u201d AGOSTO 2020","datePublished":"2020-08-10T08:47:40+00:00","mainEntityOfPage":{"@id":"https:\/\/www.fintonic.com\/blog\/estudio-fintonic-el-consumo-de-moda-en-espana-agosto-2020\/"},"wordCount":558,"publisher":{"@id":"https:\/\/www.fintonic.com\/blog\/#organization"},"image":{"@id":"https:\/\/www.fintonic.com\/blog\/estudio-fintonic-el-consumo-de-moda-en-espana-agosto-2020\/#primaryimage"},"thumbnailUrl":"","keywords":["consumo moda","consumo moda espa\u00f1a","consumo moda espa\u00f1a agosto 2020"],"articleSection":["Dinero","Estudios Fintonic","Mundo Fintonic"],"inLanguage":"es"},{"@type":"WebPage","@id":"https:\/\/www.fintonic.com\/blog\/estudio-fintonic-el-consumo-de-moda-en-espana-agosto-2020\/","url":"https:\/\/www.fintonic.com\/blog\/estudio-fintonic-el-consumo-de-moda-en-espana-agosto-2020\/","name":"ESTUDIO FINTONIC \u201cEL CONSUMO DE MODA EN ESPA\u00d1A\u201d AGOSTO 2020 - Fintonic News","isPartOf":{"@id":"https:\/\/www.fintonic.com\/blog\/#website"},"primaryImageOfPage":{"@id":"https:\/\/www.fintonic.com\/blog\/estudio-fintonic-el-consumo-de-moda-en-espana-agosto-2020\/#primaryimage"},"image":{"@id":"https:\/\/www.fintonic.com\/blog\/estudio-fintonic-el-consumo-de-moda-en-espana-agosto-2020\/#primaryimage"},"thumbnailUrl":"","datePublished":"2020-08-10T08:47:40+00:00","breadcrumb":{"@id":"https:\/\/www.fintonic.com\/blog\/estudio-fintonic-el-consumo-de-moda-en-espana-agosto-2020\/#breadcrumb"},"inLanguage":"es","potentialAction":[{"@type":"ReadAction","target":["https:\/\/www.fintonic.com\/blog\/estudio-fintonic-el-consumo-de-moda-en-espana-agosto-2020\/"]}]},{"@type":"ImageObject","inLanguage":"es","@id":"https:\/\/www.fintonic.com\/blog\/estudio-fintonic-el-consumo-de-moda-en-espana-agosto-2020\/#primaryimage","url":"","contentUrl":""},{"@type":"BreadcrumbList","@id":"https:\/\/www.fintonic.com\/blog\/estudio-fintonic-el-consumo-de-moda-en-espana-agosto-2020\/#breadcrumb","itemListElement":[{"@type":"ListItem","position":1,"name":"Portada","item":"https:\/\/www.fintonic.com\/blog\/"},{"@type":"ListItem","position":2,"name":"ESTUDIO FINTONIC \u201cEL CONSUMO DE MODA EN ESPA\u00d1A\u201d AGOSTO 2020"}]},{"@type":"WebSite","@id":"https:\/\/www.fintonic.com\/blog\/#website","url":"https:\/\/www.fintonic.com\/blog\/","name":"Fintonic News","description":"","publisher":{"@id":"https:\/\/www.fintonic.com\/blog\/#organization"},"potentialAction":[{"@type":"SearchAction","target":{"@type":"EntryPoint","urlTemplate":"https:\/\/www.fintonic.com\/blog\/?s={search_term_string}"},"query-input":{"@type":"PropertyValueSpecification","valueRequired":true,"valueName":"search_term_string"}}],"inLanguage":"es"},{"@type":"Organization","@id":"https:\/\/www.fintonic.com\/blog\/#organization","name":"Fintonic News","url":"https:\/\/www.fintonic.com\/blog\/","logo":{"@type":"ImageObject","inLanguage":"es","@id":"https:\/\/www.fintonic.com\/blog\/#\/schema\/logo\/image\/","url":"https:\/\/www.fintonic.com\/blog\/wp-content\/uploads\/2024\/03\/cropped-Fintonic_Logo-1-1.png","contentUrl":"https:\/\/www.fintonic.com\/blog\/wp-content\/uploads\/2024\/03\/cropped-Fintonic_Logo-1-1.png","width":512,"height":512,"caption":"Fintonic News"},"image":{"@id":"https:\/\/www.fintonic.com\/blog\/#\/schema\/logo\/image\/"},"sameAs":["https:\/\/www.facebook.com\/Fintonic\/","https:\/\/x.com\/FINTONIC","https:\/\/www.instagram.com\/fintonic_app\/","https:\/\/www.tiktok.com\/@fintonic?lang=es","https:\/\/www.linkedin.com\/company\/fintonic\/mycompany\/","https:\/\/www.youtube.com\/@fintonictv"]},{"@type":"Person","@id":"https:\/\/www.fintonic.com\/blog\/#\/schema\/person\/ddf97a6c293f2dbeed890d3f3d817499","name":"Jorge Jimenez","description":"Tomar buenas decisiones econ\u00f3micas es saber disfrutar la vida","sameAs":["https:\/\/x.com\/JorgeJimenez1"],"jobTitle":"Head of Growth","url":"https:\/\/www.fintonic.com\/blog\/author\/jorge-jimenez\/"}]}},"_links":{"self":[{"href":"https:\/\/www.fintonic.com\/blog\/wp-json\/wp\/v2\/posts\/13296","targetHints":{"allow":["GET"]}}],"collection":[{"href":"https:\/\/www.fintonic.com\/blog\/wp-json\/wp\/v2\/posts"}],"about":[{"href":"https:\/\/www.fintonic.com\/blog\/wp-json\/wp\/v2\/types\/post"}],"author":[{"embeddable":true,"href":"https:\/\/www.fintonic.com\/blog\/wp-json\/wp\/v2\/users\/3"}],"replies":[{"embeddable":true,"href":"https:\/\/www.fintonic.com\/blog\/wp-json\/wp\/v2\/comments?post=13296"}],"version-history":[{"count":0,"href":"https:\/\/www.fintonic.com\/blog\/wp-json\/wp\/v2\/posts\/13296\/revisions"}],"wp:featuredmedia":[{"embeddable":true,"href":"https:\/\/www.fintonic.com\/blog\/wp-json\/"}],"wp:attachment":[{"href":"https:\/\/www.fintonic.com\/blog\/wp-json\/wp\/v2\/media?parent=13296"}],"wp:term":[{"taxonomy":"category","embeddable":true,"href":"https:\/\/www.fintonic.com\/blog\/wp-json\/wp\/v2\/categories?post=13296"},{"taxonomy":"post_tag","embeddable":true,"href":"https:\/\/www.fintonic.com\/blog\/wp-json\/wp\/v2\/tags?post=13296"}],"curies":[{"name":"wp","href":"https:\/\/api.w.org\/{rel}","templated":true}]}}