{"id":12506,"date":"2020-01-09T11:30:00","date_gmt":"2020-01-09T10:30:00","guid":{"rendered":"https:\/\/www.fintonic.com\/?p=12506"},"modified":"2020-01-09T11:30:00","modified_gmt":"2020-01-09T10:30:00","slug":"estudio-fintonic-el-consumo-de-moda-en-espana","status":"publish","type":"post","link":"https:\/\/www.fintonic.com\/blog\/estudio-fintonic-el-consumo-de-moda-en-espana\/","title":{"rendered":"Estudio Fintonic: El consumo de moda en Espa\u00f1a"},"content":{"rendered":"\n<ul class=\"wp-block-list\"><li>Destinaremos 124 euros a ropa y complementos en las rebajas de enero<\/li><li>El Grupo Inditex revalida su reinado con un gasto medio de 82 euros<\/li><li>El pasado Black Friday invertimos una media de 60 euros en este tipo de art\u00edculos<\/li><\/ul>\n\n\n\n<div style=\"height:30px\" aria-hidden=\"true\" class=\"wp-block-spacer\"><\/div>\n\n\n\n<h2 class=\"wp-block-heading\">El consumo de moda en Espa\u00f1a<\/h2>\n\n\n\n<p>La<strong> ropa y los complementos<\/strong> siguen estando entre los <strong>productos m\u00e1s demandados por los consumidores espa\u00f1oles en los periodos de rebajas<\/strong>. En <strong>2020 gastaremos en este tipo de art\u00edculos 124 euros de media<\/strong>, lo que supone un 2,4% m\u00e1s que en <a href=\"https:\/\/www.fintonic.com\/estudios-fintonic-2019-el-consumo-de-moda-en-espana\/\">2019<\/a>, tal y como se desprende del&nbsp;Estudio Fintonic 2020 \u201cEl consumo de moda en Espa\u00f1a\u201d. <\/p>\n\n\n\n<p>Con este an\u00e1lisis prevemos que<strong> los madrile\u00f1os<\/strong>, con una media de 140 euros, <strong>ser\u00e1n los que m\u00e1s dinero destinen a estas compras.<\/strong> Muy cerca se sit\u00faan los vascos y los c\u00e1ntabros, con 136 euros de media en cada caso. Y a la cola del presupuesto, encontramos a los canarios, con 108 euros; y a los valencianos, con 110 euros.\u00a0<\/p>\n\n\n\n<figure class=\"wp-block-image size-large\"><img decoding=\"async\" src=\"https:\/\/i2.wp.com\/s3-eu-west-1.amazonaws.com\/www.fintonic.com\/wp-content\/uploads\/2020\/01\/10111515\/6-Rebajas.png?fit=1024%2C587&amp;ssl=1\" alt=\"El consumo de moda en Espa\u00f1a - Rebajas\" class=\"wp-image-12530\"\/><\/figure>\n\n\n\n<div style=\"height:30px\" aria-hidden=\"true\" class=\"wp-block-spacer\"><\/div>\n\n\n\n<h3 class=\"wp-block-heading\">Las marcas m\u00e1s deseadas por los compradores<\/h3>\n\n\n\n<p>Por su parte, entre las marcas de distribuci\u00f3n textil con mayores ventas, el <strong>Grupo Inditex<\/strong> mantiene su reinado indiscutible. Esta campa\u00f1a, calculamos que <strong>los espa\u00f1oles invertir\u00e1n una media de 82 euros en las distintas firmas que forman parte de este gigante del retail.&nbsp;<\/strong><\/p>\n\n\n\n<p>A la zaga, y a cierta distancia, se encuentran Primark y Kiabi, con 34 euros de gasto medio, respectivamente; Mango, que registra un gasto medio de 33 euros; C&amp;A, que alcanza los 28 euros y con 27 euros se posiciona H&amp;M. Cabe destacar que Tendam, grupo de moda propietario de Cortefiel, Pedro del Hierro, Springfield o Women&#8217;secret, entre otros, pierde puestos y se queda con un gasto medio de 19 euros.&nbsp;<\/p>\n\n\n\n<p>No obstante, en rebajas son habituales las compras compulsivas que, muchas veces, traen aparejadas las devoluciones de producto y, de hecho, estimamos que este a\u00f1o <strong>el 11% de las adquisiciones que se realicen volver\u00e1n de nuevo a la tienda.&nbsp;<\/strong><\/p>\n\n\n\n<div style=\"height:30px\" aria-hidden=\"true\" class=\"wp-block-spacer\"><\/div>\n\n\n\n<h3 class=\"wp-block-heading\">Las rebajas confirman su liderazgo frente al Black Friday<\/h3>\n\n\n\n<p>El&nbsp;Estudio Fintonic 2020 \u201cEl consumo de moda en Espa\u00f1a\u201d&nbsp;confirma que l<strong>as rebajas mantienen su posici\u00f3n de liderazgo frente a las ofertas que lanzan los comercios con motivo de la celebraci\u00f3n del BlackFriday <\/strong>en noviembre. Y, aunque cada vez m\u00e1s marcas se suman a esta propuesta de origen norteamericano, el desembolso medio en textil y complementos en la \u00faltima edici\u00f3n apenas alcanz\u00f3 los 60 euros de media.&nbsp;<\/p>\n\n\n\n<p>En este caso las diferencias de gasto medio entre las grandes cadenas son menos significativas: Grupo Inditex, con 67 euros; Mango, con 61 euros y Tendam, con 52 euros, se posicionan de nuevo en las primeras posiciones.&nbsp;<\/p>\n\n\n\n<div style=\"height:30px\" aria-hidden=\"true\" class=\"wp-block-spacer\"><\/div>\n\n\n\n<p>Estos son los resultados de nuestro Estudio \u00abEl consumo de moda en Espa\u00f1a\u00bb, pero&#8230; \u00bfsabes cu\u00e1l es tu previsto de gasto para ropa en estas rebajas? <a href=\"https:\/\/go.onelink.me\/4dGw\/9c41141b\">Descarga la app de Fintonic<\/a> y desc\u00fabrelo. Comienza a tomar conciencia de tus gastos, es el primer paso para ahorrar; nuestros m\u00e1s de 850.000 usuarios ahorran 3.000\u20ac el primer a\u00f1o, \u00bfte apuntas?<\/p>\n\n\n\n<figure class=\"wp-block-image size-large\"><a href=\"https:\/\/go.onelink.me\/4dGw\/9c41141b\"><img decoding=\"async\" src=\"https:\/\/www.fintonic.com\/wp-content\/uploads\/2019\/08\/faldon-blog-nuevo-1024x491.gif\" alt=\"Descarga Fintonic\" class=\"wp-image-11822\"\/><\/a><\/figure>\n","protected":false},"excerpt":{"rendered":"<p>Destinaremos 124 euros a ropa y complementos en las rebajas de enero El Grupo Inditex revalida su reinado con un gasto medio de 82 euros El pasado Black Friday invertimos una media de 60 euros en este tipo de art\u00edculos El consumo de moda en Espa\u00f1a La ropa y los complementos siguen estando entre los [&hellip;]<\/p>\n","protected":false},"author":3,"featured_media":12511,"comment_status":"closed","ping_status":"open","sticky":false,"template":"","format":"standard","meta":{"footnotes":""},"categories":[23],"tags":[622,1130],"class_list":["post-12506","post","type-post","status-publish","format-standard","has-post-thumbnail","hentry","category-estudios-fintonic","tag-rebajas","tag-rebajas-de-enero"],"yoast_head":"<!-- This site is optimized with the Yoast SEO Premium plugin v27.2 (Yoast SEO v27.5) - https:\/\/yoast.com\/product\/yoast-seo-premium-wordpress\/ -->\n<title>Estudio Fintonic: El consumo de moda en Espa\u00f1a - Fintonic News<\/title>\n<meta name=\"description\" content=\"Analizamos el comportamiento de compra de los espa\u00f1oles en rebajas: en qu\u00e9 tiendas compran, cu\u00e1nto gastan, qui\u00e9n gasta m\u00e1s... \u00a1Desc\u00fabrelo!\" \/>\n<meta name=\"robots\" content=\"index, follow, max-snippet:-1, max-image-preview:large, max-video-preview:-1\" \/>\n<link rel=\"canonical\" href=\"https:\/\/www.fintonic.com\/blog\/estudio-fintonic-el-consumo-de-moda-en-espana\/\" \/>\n<meta property=\"og:locale\" content=\"es_ES\" \/>\n<meta property=\"og:type\" content=\"article\" \/>\n<meta property=\"og:title\" content=\"Estudio Fintonic: El consumo de moda en Espa\u00f1a\" \/>\n<meta property=\"og:description\" content=\"Analizamos el comportamiento de compra de los espa\u00f1oles en rebajas: en qu\u00e9 tiendas compran, cu\u00e1nto gastan, qui\u00e9n gasta m\u00e1s... \u00a1Desc\u00fabrelo!\" \/>\n<meta property=\"og:url\" content=\"https:\/\/www.fintonic.com\/blog\/estudio-fintonic-el-consumo-de-moda-en-espana\/\" \/>\n<meta property=\"og:site_name\" content=\"Fintonic News\" \/>\n<meta property=\"article:publisher\" content=\"https:\/\/www.facebook.com\/Fintonic\/\" \/>\n<meta property=\"article:published_time\" content=\"2020-01-09T10:30:00+00:00\" \/>\n<meta property=\"og:image\" content=\"https:\/\/www.fintonic.com\/blog\/wp-content\/uploads\/2024\/03\/cropped-Fintonic_Logo-1-1.png\" \/>\n\t<meta property=\"og:image:width\" content=\"512\" \/>\n\t<meta property=\"og:image:height\" content=\"512\" \/>\n\t<meta property=\"og:image:type\" content=\"image\/png\" \/>\n<meta name=\"author\" content=\"Jorge Jimenez\" \/>\n<meta name=\"twitter:card\" content=\"summary_large_image\" \/>\n<meta name=\"twitter:creator\" content=\"@JorgeJimenez1\" \/>\n<meta name=\"twitter:site\" content=\"@FINTONIC\" \/>\n<meta name=\"twitter:label1\" content=\"Escrito por\" \/>\n\t<meta name=\"twitter:data1\" content=\"Jorge Jimenez\" \/>\n\t<meta name=\"twitter:label2\" content=\"Tiempo de lectura\" \/>\n\t<meta name=\"twitter:data2\" content=\"3 minutos\" \/>\n<script type=\"application\/ld+json\" class=\"yoast-schema-graph\">{\"@context\":\"https:\\\/\\\/schema.org\",\"@graph\":[{\"@type\":\"Article\",\"@id\":\"https:\\\/\\\/www.fintonic.com\\\/blog\\\/estudio-fintonic-el-consumo-de-moda-en-espana\\\/#article\",\"isPartOf\":{\"@id\":\"https:\\\/\\\/www.fintonic.com\\\/blog\\\/estudio-fintonic-el-consumo-de-moda-en-espana\\\/\"},\"author\":{\"name\":\"Jorge Jimenez\",\"@id\":\"https:\\\/\\\/www.fintonic.com\\\/blog\\\/#\\\/schema\\\/person\\\/ddf97a6c293f2dbeed890d3f3d817499\"},\"headline\":\"Estudio Fintonic: El consumo de moda en Espa\u00f1a\",\"datePublished\":\"2020-01-09T10:30:00+00:00\",\"mainEntityOfPage\":{\"@id\":\"https:\\\/\\\/www.fintonic.com\\\/blog\\\/estudio-fintonic-el-consumo-de-moda-en-espana\\\/\"},\"wordCount\":520,\"publisher\":{\"@id\":\"https:\\\/\\\/www.fintonic.com\\\/blog\\\/#organization\"},\"image\":{\"@id\":\"https:\\\/\\\/www.fintonic.com\\\/blog\\\/estudio-fintonic-el-consumo-de-moda-en-espana\\\/#primaryimage\"},\"thumbnailUrl\":\"\",\"keywords\":[\"rebajas\",\"Rebajas de enero\"],\"articleSection\":[\"Estudios Fintonic\"],\"inLanguage\":\"es\"},{\"@type\":\"WebPage\",\"@id\":\"https:\\\/\\\/www.fintonic.com\\\/blog\\\/estudio-fintonic-el-consumo-de-moda-en-espana\\\/\",\"url\":\"https:\\\/\\\/www.fintonic.com\\\/blog\\\/estudio-fintonic-el-consumo-de-moda-en-espana\\\/\",\"name\":\"Estudio Fintonic: El consumo de moda en Espa\u00f1a - Fintonic News\",\"isPartOf\":{\"@id\":\"https:\\\/\\\/www.fintonic.com\\\/blog\\\/#website\"},\"primaryImageOfPage\":{\"@id\":\"https:\\\/\\\/www.fintonic.com\\\/blog\\\/estudio-fintonic-el-consumo-de-moda-en-espana\\\/#primaryimage\"},\"image\":{\"@id\":\"https:\\\/\\\/www.fintonic.com\\\/blog\\\/estudio-fintonic-el-consumo-de-moda-en-espana\\\/#primaryimage\"},\"thumbnailUrl\":\"\",\"datePublished\":\"2020-01-09T10:30:00+00:00\",\"description\":\"Analizamos el comportamiento de compra de los espa\u00f1oles en rebajas: en qu\u00e9 tiendas compran, cu\u00e1nto gastan, qui\u00e9n gasta m\u00e1s... \u00a1Desc\u00fabrelo!\",\"breadcrumb\":{\"@id\":\"https:\\\/\\\/www.fintonic.com\\\/blog\\\/estudio-fintonic-el-consumo-de-moda-en-espana\\\/#breadcrumb\"},\"inLanguage\":\"es\",\"potentialAction\":[{\"@type\":\"ReadAction\",\"target\":[\"https:\\\/\\\/www.fintonic.com\\\/blog\\\/estudio-fintonic-el-consumo-de-moda-en-espana\\\/\"]}]},{\"@type\":\"ImageObject\",\"inLanguage\":\"es\",\"@id\":\"https:\\\/\\\/www.fintonic.com\\\/blog\\\/estudio-fintonic-el-consumo-de-moda-en-espana\\\/#primaryimage\",\"url\":\"\",\"contentUrl\":\"\"},{\"@type\":\"BreadcrumbList\",\"@id\":\"https:\\\/\\\/www.fintonic.com\\\/blog\\\/estudio-fintonic-el-consumo-de-moda-en-espana\\\/#breadcrumb\",\"itemListElement\":[{\"@type\":\"ListItem\",\"position\":1,\"name\":\"Portada\",\"item\":\"https:\\\/\\\/www.fintonic.com\\\/blog\\\/\"},{\"@type\":\"ListItem\",\"position\":2,\"name\":\"Estudio Fintonic: El consumo de moda en Espa\u00f1a\"}]},{\"@type\":\"WebSite\",\"@id\":\"https:\\\/\\\/www.fintonic.com\\\/blog\\\/#website\",\"url\":\"https:\\\/\\\/www.fintonic.com\\\/blog\\\/\",\"name\":\"Fintonic News\",\"description\":\"\",\"publisher\":{\"@id\":\"https:\\\/\\\/www.fintonic.com\\\/blog\\\/#organization\"},\"potentialAction\":[{\"@type\":\"SearchAction\",\"target\":{\"@type\":\"EntryPoint\",\"urlTemplate\":\"https:\\\/\\\/www.fintonic.com\\\/blog\\\/?s={search_term_string}\"},\"query-input\":{\"@type\":\"PropertyValueSpecification\",\"valueRequired\":true,\"valueName\":\"search_term_string\"}}],\"inLanguage\":\"es\"},{\"@type\":\"Organization\",\"@id\":\"https:\\\/\\\/www.fintonic.com\\\/blog\\\/#organization\",\"name\":\"Fintonic News\",\"url\":\"https:\\\/\\\/www.fintonic.com\\\/blog\\\/\",\"logo\":{\"@type\":\"ImageObject\",\"inLanguage\":\"es\",\"@id\":\"https:\\\/\\\/www.fintonic.com\\\/blog\\\/#\\\/schema\\\/logo\\\/image\\\/\",\"url\":\"https:\\\/\\\/www.fintonic.com\\\/blog\\\/wp-content\\\/uploads\\\/2024\\\/03\\\/cropped-Fintonic_Logo-1-1.png\",\"contentUrl\":\"https:\\\/\\\/www.fintonic.com\\\/blog\\\/wp-content\\\/uploads\\\/2024\\\/03\\\/cropped-Fintonic_Logo-1-1.png\",\"width\":512,\"height\":512,\"caption\":\"Fintonic News\"},\"image\":{\"@id\":\"https:\\\/\\\/www.fintonic.com\\\/blog\\\/#\\\/schema\\\/logo\\\/image\\\/\"},\"sameAs\":[\"https:\\\/\\\/www.facebook.com\\\/Fintonic\\\/\",\"https:\\\/\\\/x.com\\\/FINTONIC\",\"https:\\\/\\\/www.instagram.com\\\/fintonic_app\\\/\",\"https:\\\/\\\/www.tiktok.com\\\/@fintonic?lang=es\",\"https:\\\/\\\/www.linkedin.com\\\/company\\\/fintonic\\\/mycompany\\\/\",\"https:\\\/\\\/www.youtube.com\\\/@fintonictv\"]},{\"@type\":\"Person\",\"@id\":\"https:\\\/\\\/www.fintonic.com\\\/blog\\\/#\\\/schema\\\/person\\\/ddf97a6c293f2dbeed890d3f3d817499\",\"name\":\"Jorge Jimenez\",\"description\":\"Tomar buenas decisiones econ\u00f3micas es saber disfrutar la vida\",\"sameAs\":[\"https:\\\/\\\/x.com\\\/JorgeJimenez1\"],\"jobTitle\":\"Head of Growth\",\"url\":\"https:\\\/\\\/www.fintonic.com\\\/blog\\\/author\\\/jorge-jimenez\\\/\"}]}<\/script>\n<!-- \/ Yoast SEO Premium plugin. -->","yoast_head_json":{"title":"Estudio Fintonic: El consumo de moda en Espa\u00f1a - Fintonic News","description":"Analizamos el comportamiento de compra de los espa\u00f1oles en rebajas: en qu\u00e9 tiendas compran, cu\u00e1nto gastan, qui\u00e9n gasta m\u00e1s... \u00a1Desc\u00fabrelo!","robots":{"index":"index","follow":"follow","max-snippet":"max-snippet:-1","max-image-preview":"max-image-preview:large","max-video-preview":"max-video-preview:-1"},"canonical":"https:\/\/www.fintonic.com\/blog\/estudio-fintonic-el-consumo-de-moda-en-espana\/","og_locale":"es_ES","og_type":"article","og_title":"Estudio Fintonic: El consumo de moda en Espa\u00f1a","og_description":"Analizamos el comportamiento de compra de los espa\u00f1oles en rebajas: en qu\u00e9 tiendas compran, cu\u00e1nto gastan, qui\u00e9n gasta m\u00e1s... \u00a1Desc\u00fabrelo!","og_url":"https:\/\/www.fintonic.com\/blog\/estudio-fintonic-el-consumo-de-moda-en-espana\/","og_site_name":"Fintonic News","article_publisher":"https:\/\/www.facebook.com\/Fintonic\/","article_published_time":"2020-01-09T10:30:00+00:00","og_image":[{"width":512,"height":512,"url":"https:\/\/www.fintonic.com\/blog\/wp-content\/uploads\/2024\/03\/cropped-Fintonic_Logo-1-1.png","type":"image\/png"}],"author":"Jorge Jimenez","twitter_card":"summary_large_image","twitter_creator":"@JorgeJimenez1","twitter_site":"@FINTONIC","twitter_misc":{"Escrito por":"Jorge Jimenez","Tiempo de lectura":"3 minutos"},"schema":{"@context":"https:\/\/schema.org","@graph":[{"@type":"Article","@id":"https:\/\/www.fintonic.com\/blog\/estudio-fintonic-el-consumo-de-moda-en-espana\/#article","isPartOf":{"@id":"https:\/\/www.fintonic.com\/blog\/estudio-fintonic-el-consumo-de-moda-en-espana\/"},"author":{"name":"Jorge Jimenez","@id":"https:\/\/www.fintonic.com\/blog\/#\/schema\/person\/ddf97a6c293f2dbeed890d3f3d817499"},"headline":"Estudio Fintonic: El consumo de moda en Espa\u00f1a","datePublished":"2020-01-09T10:30:00+00:00","mainEntityOfPage":{"@id":"https:\/\/www.fintonic.com\/blog\/estudio-fintonic-el-consumo-de-moda-en-espana\/"},"wordCount":520,"publisher":{"@id":"https:\/\/www.fintonic.com\/blog\/#organization"},"image":{"@id":"https:\/\/www.fintonic.com\/blog\/estudio-fintonic-el-consumo-de-moda-en-espana\/#primaryimage"},"thumbnailUrl":"","keywords":["rebajas","Rebajas de enero"],"articleSection":["Estudios Fintonic"],"inLanguage":"es"},{"@type":"WebPage","@id":"https:\/\/www.fintonic.com\/blog\/estudio-fintonic-el-consumo-de-moda-en-espana\/","url":"https:\/\/www.fintonic.com\/blog\/estudio-fintonic-el-consumo-de-moda-en-espana\/","name":"Estudio Fintonic: El consumo de moda en Espa\u00f1a - Fintonic News","isPartOf":{"@id":"https:\/\/www.fintonic.com\/blog\/#website"},"primaryImageOfPage":{"@id":"https:\/\/www.fintonic.com\/blog\/estudio-fintonic-el-consumo-de-moda-en-espana\/#primaryimage"},"image":{"@id":"https:\/\/www.fintonic.com\/blog\/estudio-fintonic-el-consumo-de-moda-en-espana\/#primaryimage"},"thumbnailUrl":"","datePublished":"2020-01-09T10:30:00+00:00","description":"Analizamos el comportamiento de compra de los espa\u00f1oles en rebajas: en qu\u00e9 tiendas compran, cu\u00e1nto gastan, qui\u00e9n gasta m\u00e1s... \u00a1Desc\u00fabrelo!","breadcrumb":{"@id":"https:\/\/www.fintonic.com\/blog\/estudio-fintonic-el-consumo-de-moda-en-espana\/#breadcrumb"},"inLanguage":"es","potentialAction":[{"@type":"ReadAction","target":["https:\/\/www.fintonic.com\/blog\/estudio-fintonic-el-consumo-de-moda-en-espana\/"]}]},{"@type":"ImageObject","inLanguage":"es","@id":"https:\/\/www.fintonic.com\/blog\/estudio-fintonic-el-consumo-de-moda-en-espana\/#primaryimage","url":"","contentUrl":""},{"@type":"BreadcrumbList","@id":"https:\/\/www.fintonic.com\/blog\/estudio-fintonic-el-consumo-de-moda-en-espana\/#breadcrumb","itemListElement":[{"@type":"ListItem","position":1,"name":"Portada","item":"https:\/\/www.fintonic.com\/blog\/"},{"@type":"ListItem","position":2,"name":"Estudio Fintonic: El consumo de moda en Espa\u00f1a"}]},{"@type":"WebSite","@id":"https:\/\/www.fintonic.com\/blog\/#website","url":"https:\/\/www.fintonic.com\/blog\/","name":"Fintonic News","description":"","publisher":{"@id":"https:\/\/www.fintonic.com\/blog\/#organization"},"potentialAction":[{"@type":"SearchAction","target":{"@type":"EntryPoint","urlTemplate":"https:\/\/www.fintonic.com\/blog\/?s={search_term_string}"},"query-input":{"@type":"PropertyValueSpecification","valueRequired":true,"valueName":"search_term_string"}}],"inLanguage":"es"},{"@type":"Organization","@id":"https:\/\/www.fintonic.com\/blog\/#organization","name":"Fintonic News","url":"https:\/\/www.fintonic.com\/blog\/","logo":{"@type":"ImageObject","inLanguage":"es","@id":"https:\/\/www.fintonic.com\/blog\/#\/schema\/logo\/image\/","url":"https:\/\/www.fintonic.com\/blog\/wp-content\/uploads\/2024\/03\/cropped-Fintonic_Logo-1-1.png","contentUrl":"https:\/\/www.fintonic.com\/blog\/wp-content\/uploads\/2024\/03\/cropped-Fintonic_Logo-1-1.png","width":512,"height":512,"caption":"Fintonic News"},"image":{"@id":"https:\/\/www.fintonic.com\/blog\/#\/schema\/logo\/image\/"},"sameAs":["https:\/\/www.facebook.com\/Fintonic\/","https:\/\/x.com\/FINTONIC","https:\/\/www.instagram.com\/fintonic_app\/","https:\/\/www.tiktok.com\/@fintonic?lang=es","https:\/\/www.linkedin.com\/company\/fintonic\/mycompany\/","https:\/\/www.youtube.com\/@fintonictv"]},{"@type":"Person","@id":"https:\/\/www.fintonic.com\/blog\/#\/schema\/person\/ddf97a6c293f2dbeed890d3f3d817499","name":"Jorge Jimenez","description":"Tomar buenas decisiones econ\u00f3micas es saber disfrutar la vida","sameAs":["https:\/\/x.com\/JorgeJimenez1"],"jobTitle":"Head of Growth","url":"https:\/\/www.fintonic.com\/blog\/author\/jorge-jimenez\/"}]}},"_links":{"self":[{"href":"https:\/\/www.fintonic.com\/blog\/wp-json\/wp\/v2\/posts\/12506","targetHints":{"allow":["GET"]}}],"collection":[{"href":"https:\/\/www.fintonic.com\/blog\/wp-json\/wp\/v2\/posts"}],"about":[{"href":"https:\/\/www.fintonic.com\/blog\/wp-json\/wp\/v2\/types\/post"}],"author":[{"embeddable":true,"href":"https:\/\/www.fintonic.com\/blog\/wp-json\/wp\/v2\/users\/3"}],"replies":[{"embeddable":true,"href":"https:\/\/www.fintonic.com\/blog\/wp-json\/wp\/v2\/comments?post=12506"}],"version-history":[{"count":0,"href":"https:\/\/www.fintonic.com\/blog\/wp-json\/wp\/v2\/posts\/12506\/revisions"}],"wp:featuredmedia":[{"embeddable":true,"href":"https:\/\/www.fintonic.com\/blog\/wp-json\/"}],"wp:attachment":[{"href":"https:\/\/www.fintonic.com\/blog\/wp-json\/wp\/v2\/media?parent=12506"}],"wp:term":[{"taxonomy":"category","embeddable":true,"href":"https:\/\/www.fintonic.com\/blog\/wp-json\/wp\/v2\/categories?post=12506"},{"taxonomy":"post_tag","embeddable":true,"href":"https:\/\/www.fintonic.com\/blog\/wp-json\/wp\/v2\/tags?post=12506"}],"curies":[{"name":"wp","href":"https:\/\/api.w.org\/{rel}","templated":true}]}}