{"id":10176,"date":"2019-03-27T11:30:04","date_gmt":"2019-03-27T10:30:04","guid":{"rendered":"https:\/\/www.fintonic.com\/?p=10176"},"modified":"2025-03-30T23:47:56","modified_gmt":"2025-03-30T21:47:56","slug":"como-frenar-la-subida-de-la-luz-de-abril","status":"publish","type":"post","link":"https:\/\/www.fintonic.com\/blog\/como-frenar-la-subida-de-la-luz-de-abril\/","title":{"rendered":"C\u00f3mo frenar la subida de la luz de Abril"},"content":{"rendered":"\n<p>A principios del pr\u00f3ximo mes tu factura de la luz sufrir\u00e1 un incremento, por lo que es momento de tomar nota y apuntar los mejores trucos para utilizar la energ\u00eda de manera eficiente y conseguir que, a pesar de la subida, tu factura no ascienda en exceso. <\/p>\n\n\n\n<!--more-->\n\n\n\n<p>El pr\u00f3ximo <strong>1 de abril llegar\u00e1 a su fin la suspensi\u00f3n del impuesto del 7% a la generaci\u00f3n el\u00e9ctrica <\/strong>aprobada por el Gobierno de Espa\u00f1a en octubre del 2018. Se trataba de una medida transitoria hasta que se pudiese abordar una reforma estructural del sector, <strong>ahora la factura de la luz subir\u00e1 aproximadamente 1,5\u20ac al mes para un usuario medio.<\/strong><\/p>\n\n\n\n<p>Se ha anunciado adem\u00e1s una <strong>refacturaci\u00f3n que afecta a todos los consumidores <\/strong>y que deriva de una medida adoptada en 2013 que dec\u00eda que en caso de que las actividades el\u00e9ctricas fueran gravadas con <strong>tributos de car\u00e1cter auton\u00f3mico<\/strong>, al peaje de acceso se le a\u00f1adir\u00eda un suplemento territorial que deber\u00edan abonar los consumidores de la Comunidad Aut\u00f3noma que los creara. Por lo tanto, lo que <strong>pagar\u00e1s ahora son impuestos que las compa\u00f1\u00edas el\u00e9ctricas han pagado en cada comunidad durante el ejercicio fiscal del a\u00f1o 2013<\/strong>.&nbsp;<\/p>\n\n\n\n<p>En el Pa\u00eds Vasco, Islas Canarias e Islas baleares no hab\u00eda impuestos de este tipo en el momento en el que se ejecut\u00f3 esta ley, por lo que no se aplicar\u00e1 esta refacturaci\u00f3n.&nbsp;<\/p>\n\n\n\n<figure class=\"wp-block-image\"><img decoding=\"async\" src=\"https:\/\/www.fintonic.com\/wp-content\/uploads\/2019\/03\/Webp.net-resizeimage-93-1024x735.jpg\" alt=\"\" class=\"wp-image-10177\"\/><\/figure>\n\n\n\n<h3 class=\"wp-block-heading\" id=\"h-que-hacer-para-frenar-los-efectos-de-la-subida-del-precio-de-la-luz\">\u00bfQu\u00e9 hacer para frenar los efectos de la subida del precio de la luz?<\/h3>\n\n\n\n<p>Lo cierto es que <strong>no podemos controlar las subidas y bajadas del precio de la energ\u00eda<\/strong>, pero s\u00ed podemos intentar  ahorrar y tratar que, a pesar del incremento en la factura, la subida no sea muy grande. \u00bfC\u00f3mo conseguirlo? <\/p>\n\n\n\n<h4 class=\"wp-block-heading\" id=\"h-aprovecha-al-maximo-la-discriminacion-horaria\">Aprovecha al m\u00e1ximo la discriminaci\u00f3n horaria<\/h4>\n\n\n\n<p>En el caso de que tengas contratada la opci\u00f3n de <a href=\"https:\/\/www.fintonic.com\/blog\/que-es-la-discriminacion-horaria-de-la-luz-y-como-sacarle-partido\/\">discriminaci\u00f3n horaria<\/a> <strong>te recomendamos que desplaces tu consumo todo lo que puedas<\/strong>, de esta forma conseguir\u00e1s consumir lo mismo pero por un precio mucho menos. \u00a1Las horas valle son tu gran aliado!<\/p>\n\n\n\n<p>Si no tienes contratada la discriminaci\u00f3n horaria deber\u00edas analizar si te conviene o no. Como dato hemos de decirte que esta opci\u00f3n en la factura de la luz <strong>le conviene a un 86,2% de los hogares, aunque solo un 12,3% la tienen contratada.<\/strong><\/p>\n\n\n\n<h4 class=\"wp-block-heading\" id=\"h-se-responsable-y-eficiente-con-tu-consumo-energetico\">Se responsable y eficiente con tu consumo energ\u00e9tico<\/h4>\n\n\n\n<p>Debes <strong>consumir energ\u00eda de forma inteligente<\/strong> y pensar si de verdad necesitas todas las luces del sal\u00f3n encendidas para leer tu libro o si debes encender el horno o para tu cena te sirve el microondas<\/p>\n\n\n\n<figure class=\"wp-block-image\"><img decoding=\"async\" src=\"https:\/\/www.fintonic.com\/wp-content\/uploads\/2019\/03\/Webp.net-resizeimage-94-1024x683.jpg\" alt=\"\" class=\"wp-image-10178\"\/><\/figure>\n\n\n\n<h4 class=\"wp-block-heading\" id=\"h-realiza-pequenos-cambios-en-tu-forma-de-gastar-energia-diariamente\">Realiza peque\u00f1os cambios en tu forma de gastar energ\u00eda diariamente<\/h4>\n\n\n\n<p><strong>Con peque\u00f1os cambios<\/strong> como cambiar tus bombillas por luces led, reducir la temperatura del agua caliente de tu ducha o desenchufar los aparatos electr\u00f3nicos que no utilices<strong> puedes notar una reducci\u00f3n en la factura considerable&nbsp;.<\/strong><\/p>\n\n\n\n<h4 class=\"wp-block-heading\" id=\"h-comprueba-que-tu-tarifa-realmente-esta-adaptada-a-tus-necesidades\">Comprueba que tu tarifa realmente est\u00e1 adaptada a tus necesidades<\/h4>\n\n\n\n<p>En Fintonic trabajamos para ayudarte diariamente, por eso analizamos tu factura y <strong>te enviamos un informe de ahorro gratuito<\/strong>. Gracias a este informe podr\u00e1s saber si est\u00e1s pagando de m\u00e1s en tu factura o, si por el contrario, se adec\u00faa perfectamente a tus necesidades y tu bolsillo. <\/p>\n\n\n\n<p>Si con el informe te das cuenta de que est\u00e1s pagando de m\u00e1s en tus recibos&#8230;. \u00a1no te preocupes, nosotros <strong>lo gestionamos todo por ti<\/strong>! La gesti\u00f3n del cambio de contrato y pelearnos con las comercializadoras por ti tiene un coste \u00fanico de 25\u20ac y el <strong>ahorro medio anual de nuestros clientes es de 250\u20ac<\/strong>, incluso sin cambiar de compa\u00f1\u00eda; suena bien, \u00bfverdad?  No tendr\u00e1s que dedicarle ni un minuto m\u00e1s al ahorro en tus recibos, <a href=\"https:\/\/go.onelink.me\/4dGw\/9c41141b\">descarga Fintonic<\/a> y comienza a ahorrar sin esfuerzo. <\/p>\n\n\n\n<p>Si quieres m\u00e1s informaci\u00f3n sobre este servicio puedes escribir a nuestro correo <a href=\"mailto:energia@52.210.119.160?subject=Sonia,%20necesito%20ayuda%20con%20mi%20factura\">energia@52.210.119.160<\/a> o por <a href=\"https:\/\/api.whatsapp.com\/send?phone=694450294&amp;text=Sonia%2c%20\u00bfme%20ayudas%20con%20mis%20facturas%2c%20por%20favor%3f\ud83e\uddfe&amp;source=&amp;data=\">WhatsApp<\/a>, \u00a1estaremos encantados de ayudarte!<\/p>\n\n\n\n<figure class=\"wp-block-image size-large\"><a href=\"<!-- wp:paragraph --&gt; <p&gt;En Fintonic trabajamos para ayudarte diariamente, por eso analizamos tu factura y <strong&gt;te enviamos un informe de ahorro gratuito<\/strong&gt;. Gracias a este informe podr\u00e1s saber si est\u00e1s pagando de m\u00e1s en tu factura o, si por el contrario, se adec\u00faa perfectamente a tus necesidades y tu bolsillo. <\/p&gt; <!-- \/wp:paragraph --&gt;  <!-- wp:paragraph --&gt; <p&gt;Si con el informe te das cuenta de que est\u00e1s pagando de m\u00e1s en tus recibos.... \u00a1no te preocupes, nosotros <strong&gt;lo gestionamos todo por ti<\/strong&gt;! La gesti\u00f3n del cambio de contrato y pelearnos con las comercializadoras por ti tiene un coste \u00fanico de 25\u20ac y el <strong&gt;ahorro medio anual de nuestros clientes es de 250\u20ac<\/strong&gt;, incluso sin cambiar de compa\u00f1\u00eda; suena bien, \u00bfverdad?  No tendr\u00e1s que dedicarle ni un minuto m\u00e1s al ahorro en tus recibos, <a href=&quot;https:\/\/go.onelink.me\/4dGw\/9c41141b&quot;&gt;descarga Fintonic<\/a&gt; y comienza a ahorrar sin esfuerzo. <\/p&gt; <!-- \/wp:paragraph --&gt;  <!-- wp:paragraph --&gt; <p&gt;Si quieres m\u00e1s informaci\u00f3n sobre este servicio puedes escribir a nuestro correo <a href=&quot;mailto:energia@52.210.119.160?subject=Sonia,%20necesito%20ayuda%20con%20mi%20factura&quot;&gt;energia@52.210.119.160<\/a&gt; o por <a href=&quot;https:\/\/api.whatsapp.com\/send?phone=694450294&amp;text=Sonia%2c%20\u00bfme%20ayudas%20con%20mis%20facturas%2c%20por%20favor%3f\ud83e\uddfe&amp;source=&amp;data=&quot;&gt;WhatsApp<\/a&gt;, \u00a1estaremos encantados de ayudarte!<\/p&gt; <!-- \/wp:paragraph --&gt;\"><img decoding=\"async\" src=\"https:\/\/www.fintonic.com\/wp-content\/uploads\/2019\/08\/faldon-blog-nuevo-1024x491.gif\" alt=\"Descarga Fintonic\" class=\"wp-image-11822\"\/><\/a><\/figure>\n\n\n\n<p>\u00bfTienes cualquier consejo, curiosidad o pregunta que no hayamos comentado? \u00a1A qu\u00e9 esperas! Puedes ayudar a muchos usuarios que lean tu comentario en nuestro blog&nbsp;\ud83d\ude01<\/p>\n","protected":false},"excerpt":{"rendered":"<p>A principios del pr\u00f3ximo mes tu factura de la luz sufrir\u00e1 un incremento, por lo que es momento de tomar nota y apuntar los mejores trucos para utilizar la energ\u00eda de manera eficiente y conseguir que, a pesar de la subida, tu factura no ascienda en exceso.<\/p>\n","protected":false},"author":3,"featured_media":9494,"comment_status":"closed","ping_status":"open","sticky":false,"template":"","format":"standard","meta":{"footnotes":""},"categories":[54,104,239,194],"tags":[895,381,382],"class_list":["post-10176","post","type-post","status-publish","format-standard","has-post-thumbnail","hentry","category-ahorro","category-ahorro-energetico","category-energia","category-gasto","tag-consumo-energetico","tag-factura-luz","tag-subida-luz"],"yoast_head":"<!-- This site is optimized with the Yoast SEO Premium plugin v27.2 (Yoast SEO v27.5) - https:\/\/yoast.com\/product\/yoast-seo-premium-wordpress\/ -->\n<title>C\u00f3mo frenar la subida de la luz de Abril - Fintonic News<\/title>\n<meta name=\"description\" content=\"El pr\u00f3ximo 1 de abril se suspende el impuesto del 7% a la generaci\u00f3n el\u00e9ctrica, por lo que tu facturas se incrementar\u00e1. \u00a1Descubre como frenar esta subida!\" \/>\n<meta name=\"robots\" content=\"index, follow, max-snippet:-1, max-image-preview:large, max-video-preview:-1\" \/>\n<link rel=\"canonical\" href=\"https:\/\/www.fintonic.com\/blog\/como-frenar-la-subida-de-la-luz-de-abril\/\" \/>\n<meta property=\"og:locale\" content=\"es_ES\" \/>\n<meta property=\"og:type\" content=\"article\" \/>\n<meta property=\"og:title\" content=\"C\u00f3mo frenar la subida de la luz de Abril\" \/>\n<meta property=\"og:description\" content=\"El pr\u00f3ximo 1 de abril se suspende el impuesto del 7% a la generaci\u00f3n el\u00e9ctrica, por lo que tu facturas se incrementar\u00e1. \u00a1Descubre como frenar esta subida!\" \/>\n<meta property=\"og:url\" content=\"https:\/\/www.fintonic.com\/blog\/como-frenar-la-subida-de-la-luz-de-abril\/\" \/>\n<meta property=\"og:site_name\" content=\"Fintonic News\" \/>\n<meta property=\"article:publisher\" content=\"https:\/\/www.facebook.com\/Fintonic\/\" \/>\n<meta property=\"article:published_time\" content=\"2019-03-27T10:30:04+00:00\" \/>\n<meta property=\"article:modified_time\" content=\"2025-03-30T21:47:56+00:00\" \/>\n<meta property=\"og:image\" content=\"https:\/\/www.fintonic.com\/blog\/wp-content\/uploads\/2024\/03\/cropped-Fintonic_Logo-1-1.png\" \/>\n\t<meta property=\"og:image:width\" content=\"512\" \/>\n\t<meta property=\"og:image:height\" content=\"512\" \/>\n\t<meta property=\"og:image:type\" content=\"image\/png\" \/>\n<meta name=\"author\" content=\"Jorge Jimenez\" \/>\n<meta name=\"twitter:card\" content=\"summary_large_image\" \/>\n<meta name=\"twitter:creator\" content=\"@JorgeJimenez1\" \/>\n<meta name=\"twitter:site\" content=\"@FINTONIC\" \/>\n<meta name=\"twitter:label1\" content=\"Escrito por\" \/>\n\t<meta name=\"twitter:data1\" content=\"Jorge Jimenez\" \/>\n\t<meta name=\"twitter:label2\" content=\"Tiempo de lectura\" \/>\n\t<meta name=\"twitter:data2\" content=\"5 minutos\" \/>\n<script type=\"application\/ld+json\" class=\"yoast-schema-graph\">{\"@context\":\"https:\\\/\\\/schema.org\",\"@graph\":[{\"@type\":\"Article\",\"@id\":\"https:\\\/\\\/www.fintonic.com\\\/blog\\\/como-frenar-la-subida-de-la-luz-de-abril\\\/#article\",\"isPartOf\":{\"@id\":\"https:\\\/\\\/www.fintonic.com\\\/blog\\\/como-frenar-la-subida-de-la-luz-de-abril\\\/\"},\"author\":{\"name\":\"Jorge Jimenez\",\"@id\":\"https:\\\/\\\/www.fintonic.com\\\/blog\\\/#\\\/schema\\\/person\\\/ddf97a6c293f2dbeed890d3f3d817499\"},\"headline\":\"C\u00f3mo frenar la subida de la luz de Abril\",\"datePublished\":\"2019-03-27T10:30:04+00:00\",\"dateModified\":\"2025-03-30T21:47:56+00:00\",\"mainEntityOfPage\":{\"@id\":\"https:\\\/\\\/www.fintonic.com\\\/blog\\\/como-frenar-la-subida-de-la-luz-de-abril\\\/\"},\"wordCount\":676,\"publisher\":{\"@id\":\"https:\\\/\\\/www.fintonic.com\\\/blog\\\/#organization\"},\"image\":{\"@id\":\"https:\\\/\\\/www.fintonic.com\\\/blog\\\/como-frenar-la-subida-de-la-luz-de-abril\\\/#primaryimage\"},\"thumbnailUrl\":\"\",\"keywords\":[\"consumo energetico\",\"factura luz\",\"subida luz\"],\"articleSection\":[\"Ahorro\",\"Ahorro energ\u00e9tico\",\"Energ\u00eda\",\"Gasto\"],\"inLanguage\":\"es\"},{\"@type\":\"WebPage\",\"@id\":\"https:\\\/\\\/www.fintonic.com\\\/blog\\\/como-frenar-la-subida-de-la-luz-de-abril\\\/\",\"url\":\"https:\\\/\\\/www.fintonic.com\\\/blog\\\/como-frenar-la-subida-de-la-luz-de-abril\\\/\",\"name\":\"C\u00f3mo frenar la subida de la luz de Abril - Fintonic News\",\"isPartOf\":{\"@id\":\"https:\\\/\\\/www.fintonic.com\\\/blog\\\/#website\"},\"primaryImageOfPage\":{\"@id\":\"https:\\\/\\\/www.fintonic.com\\\/blog\\\/como-frenar-la-subida-de-la-luz-de-abril\\\/#primaryimage\"},\"image\":{\"@id\":\"https:\\\/\\\/www.fintonic.com\\\/blog\\\/como-frenar-la-subida-de-la-luz-de-abril\\\/#primaryimage\"},\"thumbnailUrl\":\"\",\"datePublished\":\"2019-03-27T10:30:04+00:00\",\"dateModified\":\"2025-03-30T21:47:56+00:00\",\"description\":\"El pr\u00f3ximo 1 de abril se suspende el impuesto del 7% a la generaci\u00f3n el\u00e9ctrica, por lo que tu facturas se incrementar\u00e1. \u00a1Descubre como frenar esta subida!\",\"breadcrumb\":{\"@id\":\"https:\\\/\\\/www.fintonic.com\\\/blog\\\/como-frenar-la-subida-de-la-luz-de-abril\\\/#breadcrumb\"},\"inLanguage\":\"es\",\"potentialAction\":[{\"@type\":\"ReadAction\",\"target\":[\"https:\\\/\\\/www.fintonic.com\\\/blog\\\/como-frenar-la-subida-de-la-luz-de-abril\\\/\"]}]},{\"@type\":\"ImageObject\",\"inLanguage\":\"es\",\"@id\":\"https:\\\/\\\/www.fintonic.com\\\/blog\\\/como-frenar-la-subida-de-la-luz-de-abril\\\/#primaryimage\",\"url\":\"\",\"contentUrl\":\"\"},{\"@type\":\"BreadcrumbList\",\"@id\":\"https:\\\/\\\/www.fintonic.com\\\/blog\\\/como-frenar-la-subida-de-la-luz-de-abril\\\/#breadcrumb\",\"itemListElement\":[{\"@type\":\"ListItem\",\"position\":1,\"name\":\"Portada\",\"item\":\"https:\\\/\\\/www.fintonic.com\\\/blog\\\/\"},{\"@type\":\"ListItem\",\"position\":2,\"name\":\"C\u00f3mo frenar la subida de la luz de Abril\"}]},{\"@type\":\"WebSite\",\"@id\":\"https:\\\/\\\/www.fintonic.com\\\/blog\\\/#website\",\"url\":\"https:\\\/\\\/www.fintonic.com\\\/blog\\\/\",\"name\":\"Fintonic News\",\"description\":\"\",\"publisher\":{\"@id\":\"https:\\\/\\\/www.fintonic.com\\\/blog\\\/#organization\"},\"potentialAction\":[{\"@type\":\"SearchAction\",\"target\":{\"@type\":\"EntryPoint\",\"urlTemplate\":\"https:\\\/\\\/www.fintonic.com\\\/blog\\\/?s={search_term_string}\"},\"query-input\":{\"@type\":\"PropertyValueSpecification\",\"valueRequired\":true,\"valueName\":\"search_term_string\"}}],\"inLanguage\":\"es\"},{\"@type\":\"Organization\",\"@id\":\"https:\\\/\\\/www.fintonic.com\\\/blog\\\/#organization\",\"name\":\"Fintonic News\",\"url\":\"https:\\\/\\\/www.fintonic.com\\\/blog\\\/\",\"logo\":{\"@type\":\"ImageObject\",\"inLanguage\":\"es\",\"@id\":\"https:\\\/\\\/www.fintonic.com\\\/blog\\\/#\\\/schema\\\/logo\\\/image\\\/\",\"url\":\"https:\\\/\\\/www.fintonic.com\\\/blog\\\/wp-content\\\/uploads\\\/2024\\\/03\\\/cropped-Fintonic_Logo-1-1.png\",\"contentUrl\":\"https:\\\/\\\/www.fintonic.com\\\/blog\\\/wp-content\\\/uploads\\\/2024\\\/03\\\/cropped-Fintonic_Logo-1-1.png\",\"width\":512,\"height\":512,\"caption\":\"Fintonic News\"},\"image\":{\"@id\":\"https:\\\/\\\/www.fintonic.com\\\/blog\\\/#\\\/schema\\\/logo\\\/image\\\/\"},\"sameAs\":[\"https:\\\/\\\/www.facebook.com\\\/Fintonic\\\/\",\"https:\\\/\\\/x.com\\\/FINTONIC\",\"https:\\\/\\\/www.instagram.com\\\/fintonic_app\\\/\",\"https:\\\/\\\/www.tiktok.com\\\/@fintonic?lang=es\",\"https:\\\/\\\/www.linkedin.com\\\/company\\\/fintonic\\\/mycompany\\\/\",\"https:\\\/\\\/www.youtube.com\\\/@fintonictv\"]},{\"@type\":\"Person\",\"@id\":\"https:\\\/\\\/www.fintonic.com\\\/blog\\\/#\\\/schema\\\/person\\\/ddf97a6c293f2dbeed890d3f3d817499\",\"name\":\"Jorge Jimenez\",\"description\":\"Tomar buenas decisiones econ\u00f3micas es saber disfrutar la vida\",\"sameAs\":[\"https:\\\/\\\/x.com\\\/JorgeJimenez1\"],\"jobTitle\":\"Head of Growth\",\"url\":\"https:\\\/\\\/www.fintonic.com\\\/blog\\\/author\\\/jorge-jimenez\\\/\"}]}<\/script>\n<!-- \/ Yoast SEO Premium plugin. -->","yoast_head_json":{"title":"C\u00f3mo frenar la subida de la luz de Abril - Fintonic News","description":"El pr\u00f3ximo 1 de abril se suspende el impuesto del 7% a la generaci\u00f3n el\u00e9ctrica, por lo que tu facturas se incrementar\u00e1. \u00a1Descubre como frenar esta subida!","robots":{"index":"index","follow":"follow","max-snippet":"max-snippet:-1","max-image-preview":"max-image-preview:large","max-video-preview":"max-video-preview:-1"},"canonical":"https:\/\/www.fintonic.com\/blog\/como-frenar-la-subida-de-la-luz-de-abril\/","og_locale":"es_ES","og_type":"article","og_title":"C\u00f3mo frenar la subida de la luz de Abril","og_description":"El pr\u00f3ximo 1 de abril se suspende el impuesto del 7% a la generaci\u00f3n el\u00e9ctrica, por lo que tu facturas se incrementar\u00e1. \u00a1Descubre como frenar esta subida!","og_url":"https:\/\/www.fintonic.com\/blog\/como-frenar-la-subida-de-la-luz-de-abril\/","og_site_name":"Fintonic News","article_publisher":"https:\/\/www.facebook.com\/Fintonic\/","article_published_time":"2019-03-27T10:30:04+00:00","article_modified_time":"2025-03-30T21:47:56+00:00","og_image":[{"width":512,"height":512,"url":"https:\/\/www.fintonic.com\/blog\/wp-content\/uploads\/2024\/03\/cropped-Fintonic_Logo-1-1.png","type":"image\/png"}],"author":"Jorge Jimenez","twitter_card":"summary_large_image","twitter_creator":"@JorgeJimenez1","twitter_site":"@FINTONIC","twitter_misc":{"Escrito por":"Jorge Jimenez","Tiempo de lectura":"5 minutos"},"schema":{"@context":"https:\/\/schema.org","@graph":[{"@type":"Article","@id":"https:\/\/www.fintonic.com\/blog\/como-frenar-la-subida-de-la-luz-de-abril\/#article","isPartOf":{"@id":"https:\/\/www.fintonic.com\/blog\/como-frenar-la-subida-de-la-luz-de-abril\/"},"author":{"name":"Jorge Jimenez","@id":"https:\/\/www.fintonic.com\/blog\/#\/schema\/person\/ddf97a6c293f2dbeed890d3f3d817499"},"headline":"C\u00f3mo frenar la subida de la luz de Abril","datePublished":"2019-03-27T10:30:04+00:00","dateModified":"2025-03-30T21:47:56+00:00","mainEntityOfPage":{"@id":"https:\/\/www.fintonic.com\/blog\/como-frenar-la-subida-de-la-luz-de-abril\/"},"wordCount":676,"publisher":{"@id":"https:\/\/www.fintonic.com\/blog\/#organization"},"image":{"@id":"https:\/\/www.fintonic.com\/blog\/como-frenar-la-subida-de-la-luz-de-abril\/#primaryimage"},"thumbnailUrl":"","keywords":["consumo energetico","factura luz","subida luz"],"articleSection":["Ahorro","Ahorro energ\u00e9tico","Energ\u00eda","Gasto"],"inLanguage":"es"},{"@type":"WebPage","@id":"https:\/\/www.fintonic.com\/blog\/como-frenar-la-subida-de-la-luz-de-abril\/","url":"https:\/\/www.fintonic.com\/blog\/como-frenar-la-subida-de-la-luz-de-abril\/","name":"C\u00f3mo frenar la subida de la luz de Abril - Fintonic News","isPartOf":{"@id":"https:\/\/www.fintonic.com\/blog\/#website"},"primaryImageOfPage":{"@id":"https:\/\/www.fintonic.com\/blog\/como-frenar-la-subida-de-la-luz-de-abril\/#primaryimage"},"image":{"@id":"https:\/\/www.fintonic.com\/blog\/como-frenar-la-subida-de-la-luz-de-abril\/#primaryimage"},"thumbnailUrl":"","datePublished":"2019-03-27T10:30:04+00:00","dateModified":"2025-03-30T21:47:56+00:00","description":"El pr\u00f3ximo 1 de abril se suspende el impuesto del 7% a la generaci\u00f3n el\u00e9ctrica, por lo que tu facturas se incrementar\u00e1. \u00a1Descubre como frenar esta subida!","breadcrumb":{"@id":"https:\/\/www.fintonic.com\/blog\/como-frenar-la-subida-de-la-luz-de-abril\/#breadcrumb"},"inLanguage":"es","potentialAction":[{"@type":"ReadAction","target":["https:\/\/www.fintonic.com\/blog\/como-frenar-la-subida-de-la-luz-de-abril\/"]}]},{"@type":"ImageObject","inLanguage":"es","@id":"https:\/\/www.fintonic.com\/blog\/como-frenar-la-subida-de-la-luz-de-abril\/#primaryimage","url":"","contentUrl":""},{"@type":"BreadcrumbList","@id":"https:\/\/www.fintonic.com\/blog\/como-frenar-la-subida-de-la-luz-de-abril\/#breadcrumb","itemListElement":[{"@type":"ListItem","position":1,"name":"Portada","item":"https:\/\/www.fintonic.com\/blog\/"},{"@type":"ListItem","position":2,"name":"C\u00f3mo frenar la subida de la luz de Abril"}]},{"@type":"WebSite","@id":"https:\/\/www.fintonic.com\/blog\/#website","url":"https:\/\/www.fintonic.com\/blog\/","name":"Fintonic News","description":"","publisher":{"@id":"https:\/\/www.fintonic.com\/blog\/#organization"},"potentialAction":[{"@type":"SearchAction","target":{"@type":"EntryPoint","urlTemplate":"https:\/\/www.fintonic.com\/blog\/?s={search_term_string}"},"query-input":{"@type":"PropertyValueSpecification","valueRequired":true,"valueName":"search_term_string"}}],"inLanguage":"es"},{"@type":"Organization","@id":"https:\/\/www.fintonic.com\/blog\/#organization","name":"Fintonic News","url":"https:\/\/www.fintonic.com\/blog\/","logo":{"@type":"ImageObject","inLanguage":"es","@id":"https:\/\/www.fintonic.com\/blog\/#\/schema\/logo\/image\/","url":"https:\/\/www.fintonic.com\/blog\/wp-content\/uploads\/2024\/03\/cropped-Fintonic_Logo-1-1.png","contentUrl":"https:\/\/www.fintonic.com\/blog\/wp-content\/uploads\/2024\/03\/cropped-Fintonic_Logo-1-1.png","width":512,"height":512,"caption":"Fintonic News"},"image":{"@id":"https:\/\/www.fintonic.com\/blog\/#\/schema\/logo\/image\/"},"sameAs":["https:\/\/www.facebook.com\/Fintonic\/","https:\/\/x.com\/FINTONIC","https:\/\/www.instagram.com\/fintonic_app\/","https:\/\/www.tiktok.com\/@fintonic?lang=es","https:\/\/www.linkedin.com\/company\/fintonic\/mycompany\/","https:\/\/www.youtube.com\/@fintonictv"]},{"@type":"Person","@id":"https:\/\/www.fintonic.com\/blog\/#\/schema\/person\/ddf97a6c293f2dbeed890d3f3d817499","name":"Jorge Jimenez","description":"Tomar buenas decisiones econ\u00f3micas es saber disfrutar la vida","sameAs":["https:\/\/x.com\/JorgeJimenez1"],"jobTitle":"Head of Growth","url":"https:\/\/www.fintonic.com\/blog\/author\/jorge-jimenez\/"}]}},"_links":{"self":[{"href":"https:\/\/www.fintonic.com\/blog\/wp-json\/wp\/v2\/posts\/10176","targetHints":{"allow":["GET"]}}],"collection":[{"href":"https:\/\/www.fintonic.com\/blog\/wp-json\/wp\/v2\/posts"}],"about":[{"href":"https:\/\/www.fintonic.com\/blog\/wp-json\/wp\/v2\/types\/post"}],"author":[{"embeddable":true,"href":"https:\/\/www.fintonic.com\/blog\/wp-json\/wp\/v2\/users\/3"}],"replies":[{"embeddable":true,"href":"https:\/\/www.fintonic.com\/blog\/wp-json\/wp\/v2\/comments?post=10176"}],"version-history":[{"count":2,"href":"https:\/\/www.fintonic.com\/blog\/wp-json\/wp\/v2\/posts\/10176\/revisions"}],"predecessor-version":[{"id":88800,"href":"https:\/\/www.fintonic.com\/blog\/wp-json\/wp\/v2\/posts\/10176\/revisions\/88800"}],"wp:featuredmedia":[{"embeddable":true,"href":"https:\/\/www.fintonic.com\/blog\/wp-json\/"}],"wp:attachment":[{"href":"https:\/\/www.fintonic.com\/blog\/wp-json\/wp\/v2\/media?parent=10176"}],"wp:term":[{"taxonomy":"category","embeddable":true,"href":"https:\/\/www.fintonic.com\/blog\/wp-json\/wp\/v2\/categories?post=10176"},{"taxonomy":"post_tag","embeddable":true,"href":"https:\/\/www.fintonic.com\/blog\/wp-json\/wp\/v2\/tags?post=10176"}],"curies":[{"name":"wp","href":"https:\/\/api.w.org\/{rel}","templated":true}]}}